{"id":125889,"date":"2020-02-01T15:51:33","date_gmt":"2020-02-01T12:51:33","guid":{"rendered":"http:\/\/arantv.az\/?p=125889"},"modified":"2020-02-01T15:51:33","modified_gmt":"2020-02-01T12:51:33","slug":"samaxida-q%c9%99tl%c9%99-yetiril%c9%99n-avropa-cempionunun-m%c9%99sqcisi-danisdi-gul%c9%99si-v%c9%99-institutu-atmisdi-foto","status":"publish","type":"post","link":"https:\/\/arantv.az\/?p=125889","title":{"rendered":"\u015eamax\u0131da q\u0259tl\u0259 yetiril\u0259n Avropa \u00e7empionunun m\u0259\u015fq\u00e7isi dan\u0131\u015fd\u0131: \u201cG\u00fcl\u0259\u015fi v\u0259 institutu atm\u0131\u015fd\u0131\u201d &#8211; FOTO"},"content":{"rendered":"<p>\u015eamax\u0131da q\u0259tl\u0259 yetiril\u0259n 25 ya\u015fl\u0131 Ruslan Surxayevin kimliyi m\u00fc\u0259yy\u0259nl\u0259\u015fdirilib.<\/p>\n<p>Oxu.Az-\u0131n \u0259ld\u0259 etdiyi m\u0259lumata g\u00f6r\u0259, \u015eamax\u0131dak\u0131 \u201cYeddi G\u00fcmb\u0259z\u201d q\u0259biristanl\u0131\u011f\u0131nda 1991-ci il t\u0259v\u0259ll\u00fcdl\u00fc Orxan Hac\u0131yev t\u0259r\u0259find\u0259n m\u0259tb\u0259x b\u0131\u00e7a\u011f\u0131 il\u0259 \u00f6ld\u00fcr\u00fcl\u0259n Surxayev s\u0259rb\u0259st g\u00fcl\u0259\u015f \u00fczr\u0259 yeniyetm\u0259 v\u0259 g\u0259ncl\u0259r millimizin \u00fczv\u00fc olub. O, ilk b\u00f6y\u00fck u\u011furunu 2010-cu ild\u0259 Bosniya v\u0259 Herseqovinan\u0131n paytaxt\u0131 Sarayevoda ke\u00e7irilmi\u015f yeniyetm\u0259l\u0259rin Avropa \u00e7empionat\u0131nda qazan\u0131b. H\u0259min vaxt Ruslan 42 kq-da qit\u0259 birinciliyinin b\u00fcr\u00fcnc medal\u0131n\u0131 boynundan asd\u0131r\u0131b.<\/p>\n<p>\u0130ki il sonra 50 kq-da \u00e7\u0131x\u0131\u015f ed\u0259n Ruslan Pol\u015fan\u0131n Katovitse \u015f\u0259h\u0259rind\u0259 ke\u00e7irilmi\u015f yeniyetm\u0259l\u0259rin analoji turnirind\u0259 is\u0259 b\u00fcr\u00fcnc\u00fc q\u0131z\u0131la \u00e7evirib.<\/p>\n<p>2012-ci ild\u0259 Bak\u0131da ke\u00e7irilmi\u015f yeniyetm\u0259l\u0259rin d\u00fcnya \u00e7empionat\u0131nda is\u0259 finalda uduzaraq g\u00fcm\u00fc\u015f medalla kifay\u0259tl\u0259nib.<\/p>\n<p>Ruslan\u0131n g\u0259ncl\u0259r millimizd\u0259 d\u0259 u\u011furu olub. O, 2012-ci ild\u0259 h\u0259m d\u0259 g\u0259ncl\u0259r millimizd\u0259 \u00e7\u0131x\u0131\u015f ed\u0259r\u0259k d\u00fcnya ikinciliyini qazan\u0131b. H\u0259min d\u00fcnya \u00e7empionat\u0131 Tayland\u0131n Pattaya \u015f\u0259h\u0259rind\u0259 ba\u015f tutub.<\/p>\n<p>Onun son u\u011furu is\u0259 2013-c\u00fc ild\u0259 55 kq \u00e7\u0259ki d\u0259r\u0259c\u0259sind\u0259 indiki \u015eimali Makedoniyan\u0131n paytaxt\u0131 Skopyed\u0259 ke\u00e7irilmi\u015f Avropa \u00e7empionat\u0131nda olub. G\u0259nc Surxayev burada Avropa \u00e7empionlu\u011funu qazan\u0131b.<\/p>\n<p>M\u0259s\u0259l\u0259 il\u0259 ba\u011fl\u0131 onun \u015f\u0259xsi m\u0259\u015fq\u00e7isi i\u015fl\u0259mi\u015f H\u0259sr\u0259t M\u0259mm\u0259dyarovu dan\u0131\u015fd\u0131rd\u0131q. Yax\u0131nlarda \u00fcr\u0259yind\u0259n \u0259m\u0259liyyat ke\u00e7irmi\u015f yeniyetm\u0259 v\u0259 g\u0259nc q\u0131zlardan ibar\u0259t millimizin b\u00f6y\u00fck m\u0259\u015fq\u00e7isi M\u0259mm\u0259dyarov bunlar\u0131 dedi:<\/p>\n<p>\u201cM\u0259n d\u0259 bu m\u0259lumat\u0131 saytlardan bilmi\u015f\u0259m. Hadis\u0259nin nec\u0259 olmas\u0131 bar\u0259d\u0259 m\u0259lumat\u0131m yoxdur. Az\u0259rbaycan D\u00f6vl\u0259t B\u0259d\u0259n T\u0259rbiy\u0259si v\u0259 \u0130dman Akademiyas\u0131nda oxuyurdu. \u015eamax\u0131dan olsa da, X\u0131rdalanda qal\u0131rd\u0131lar. Amma g\u00fcl\u0259\u015fd\u0259n pul qazand\u0131qca, \u00f6z\u00fcn\u0259 \u015f\u0259rait yaratd\u0131qca bu u\u015faq d\u0259yi\u015fildi. \u018fvv\u0259lc\u0259 institutu atd\u0131, sonuncu kursu oxumad\u0131. Sonra g\u00fcl\u0259\u015f\u0259 g\u0259lm\u0259di. Valideynl\u0259rini d\u0259 q\u0131namaq olmur. U\u015faq \u00f6z se\u00e7imini etdi\u201d.<\/p>\n<p>M\u0259\u015fq\u00e7isi a\u00e7\u0131qlamasa da, bizd\u0259 olan m\u0259lumata g\u00f6r\u0259, H\u0259sr\u0259t M\u0259mm\u0259dyarov yeniyetm\u0259 v\u0259 g\u0259nc q\u0131z millimiz\u0259 ba\u015f m\u0259\u015fq\u00e7i t\u0259yin olunduqdan sonra da Ruslan\u0131 g\u00f6z\u00fcnd\u0259n qoymay\u0131b. O, q\u0131zlar\u0131n m\u0259\u015fqin\u0259 onu da c\u0259lb edib. Bununla bel\u0259, 2013-c\u00fc ild\u0259 g\u0259ncl\u0259r aras\u0131nda Avropa \u00e7empionu olmas\u0131 Surxayev\u0259 federasiyadan k\u00fclli miqdarda pulun g\u0259lm\u0259si v\u0259 n\u0259tic\u0259d\u0259 idman\u00e7\u0131n\u0131n \u201ch\u0259r \u015feyim var, m\u0259n\u0259 g\u00fcl\u0259\u015f, m\u0259\u015fq laz\u0131m deyil\u201d d\u00fc\u015f\u00fcnc\u0259si il\u0259 yana\u015fmas\u0131na s\u0259b\u0259b olub. O bu gedi\u015fatla idmandan tamam k\u0259narla\u015f\u0131b v\u0259 s\u0259si tez-tez davalarda, m\u00fcnaqi\u015f\u0259l\u0259rd\u0259 e\u015fidilib.<\/p>\n<p>T\u0259bii ki, m\u0259s\u0259l\u0259ni istintaq ara\u015fd\u0131racaq v\u0259 bu yaz\u0131 il\u0259 \u0259sla g\u00fcnah\u0131n Ruslan Surxayevd\u0259 oldu\u011funu iddia etmirik. S\u0259b\u0259bind\u0259n as\u0131l\u0131 olmayaraq, Orxan Hac\u0131yev \u00f6z\u00fcnd\u0259n d\u00f6rd ya\u015f ki\u00e7ik Ruslan Surxayevi b\u0131\u00e7aqlay\u0131bsa, Az\u0259rbaycan qanunlar\u0131na g\u00f6r\u0259 c\u0259zas\u0131n\u0131 \u00e7\u0259km\u0259y\u0259 borcludur.<\/p>\n<div class=\"gallery\">\n<div class=\"gallery-i\"><img src=\"https:\/\/assets.oxu.az\/uploads\/W1siZiIsIjIwMjAvMDIvMDEvMTYvNDAvMDEvM2IyM2MwMTItN2EzNC00NWEyLThlMDgtNDdiYzQ4ODI0NjdhL2xvMS5qcGciXSxbInAiLCJlbmNvZGUiLCJqcGciLCItcXVhbGl0eSA4MCJdLFsicCIsInRodW1iIiwiNTkweDU5MFx1MDAzZSJdXQ?sha=9e5580967ba8cccd\" \/><\/p>\n<div class=\"gallery-i-caption\"><\/div>\n<\/div>\n<div class=\"gallery-i\"><img src=\"https:\/\/assets.oxu.az\/uploads\/W1siZiIsIjIwMjAvMDIvMDEvMTYvNDAvMDEvOTI3ZTA5ODktMjk3Ni00MmM3LWFkY2YtODRlZmI2MGQ5N2Y3L2xvcS5qcGciXSxbInAiLCJlbmNvZGUiLCJqcGciLCItcXVhbGl0eSA4MCJdLFsicCIsInRodW1iIiwiNTkweDU5MFx1MDAzZSJdXQ?sha=d933062e0b4d1841\" \/><\/p>\n<div class=\"gallery-i-caption\"><\/div>\n<\/div>\n<div class=\"gallery-i\"><img src=\"https:\/\/assets.oxu.az\/uploads\/W1siZiIsIjIwMjAvMDIvMDEvMTYvNDAvMDEvNjI0MzUyZDUtOWI5OC00ZGY0LTkzNGMtYTQwNmU5NjNlNTM4L2xvcTMuanBnIl0sWyJwIiwiZW5jb2RlIiwianBnIiwiLXF1YWxpdHkgODAiXSxbInAiLCJ0aHVtYiIsIjU5MHg1OTBcdTAwM2UiXV0?sha=455bf2e4d0472acd\" \/><\/p>\n<div class=\"gallery-i-caption\"><\/div>\n<\/div>\n<div class=\"gallery-i\"><img src=\"https:\/\/assets.oxu.az\/uploads\/W1siZiIsIjIwMjAvMDIvMDEvMTYvNDAvNTgvNTU0OTE4ZWItMWY0ZC00NzMxLWFiNjctZmYzZmIwOGM4OTM0L2xvNS5qcGciXSxbInAiLCJlbmNvZGUiLCJqcGciLCItcXVhbGl0eSA4MCJdLFsicCIsInRodW1iIiwiNTkweDU5MFx1MDAzZSJdXQ?sha=9a43fd2a4a2268f8\" \/><\/div>\n<\/div>\n","protected":false},"excerpt":{"rendered":"<p>\u015eamax\u0131da q\u0259tl\u0259 yetiril\u0259n 25 ya\u015fl\u0131 Ruslan Surxayevin kimliyi m\u00fc\u0259yy\u0259nl\u0259\u015fdirilib. Oxu.Az-\u0131n \u0259ld\u0259 etdiyi m\u0259lumata g\u00f6r\u0259, \u015eamax\u0131dak\u0131 \u201cYeddi G\u00fcmb\u0259z\u201d q\u0259biristanl\u0131\u011f\u0131nda 1991-ci il t\u0259v\u0259ll\u00fcdl\u00fc Orxan Hac\u0131yev t\u0259r\u0259find\u0259n m\u0259tb\u0259x b\u0131\u00e7a\u011f\u0131 il\u0259 \u00f6ld\u00fcr\u00fcl\u0259n Surxayev s\u0259rb\u0259st g\u00fcl\u0259\u015f \u00fczr\u0259 yeniyetm\u0259 v\u0259 g\u0259ncl\u0259r millimizin \u00fczv\u00fc olub. O, ilk b\u00f6y\u00fck u\u011furunu 2010-cu ild\u0259 Bosniya v\u0259 Herseqovinan\u0131n paytaxt\u0131 Sarayevoda ke\u00e7irilmi\u015f yeniyetm\u0259l\u0259rin Avropa \u00e7empionat\u0131nda qazan\u0131b. H\u0259min vaxt Ruslan 42 kq-da qit\u0259 birinciliyinin b\u00fcr\u00fcnc medal\u0131n\u0131 boynundan asd\u0131r\u0131b. \u0130ki il sonra 50 kq-da \u00e7\u0131x\u0131\u015f ed\u0259n Ruslan Pol\u015fan\u0131n Katovitse \u015f\u0259h\u0259rind\u0259 ke\u00e7irilmi\u015f yeniyetm\u0259l\u0259rin analoji turnirind\u0259 is\u0259 b\u00fcr\u00fcnc\u00fc q\u0131z\u0131la \u00e7evirib. 2012-ci ild\u0259 Bak\u0131da ke\u00e7irilmi\u015f yeniyetm\u0259l\u0259rin d\u00fcnya&hellip;<\/p>\n","protected":false},"author":2,"featured_media":125890,"comment_status":"closed","ping_status":"closed","sticky":false,"template":"","format":"standard","meta":{"om_disable_all_campaigns":false,"_monsterinsights_skip_tracking":false,"_monsterinsights_sitenote_active":false,"_monsterinsights_sitenote_note":"","_monsterinsights_sitenote_category":0},"categories":[5],"tags":[],"aioseo_notices":[],"gutentor_comment":0,"rttpg_featured_image_url":{"full":["https:\/\/arantv.az\/wp-content\/uploads\/2020\/02\/lo4.jpg",541,465,false],"landscape":["https:\/\/arantv.az\/wp-content\/uploads\/2020\/02\/lo4.jpg",541,465,false],"portraits":["https:\/\/arantv.az\/wp-content\/uploads\/2020\/02\/lo4.jpg",541,465,false],"thumbnail":["https:\/\/arantv.az\/wp-content\/uploads\/2020\/02\/lo4-150x150.jpg",150,150,true],"medium":["https:\/\/arantv.az\/wp-content\/uploads\/2020\/02\/lo4-300x258.jpg",300,258,true],"large":["https:\/\/arantv.az\/wp-content\/uploads\/2020\/02\/lo4.jpg",541,465,false],"1536x1536":["https:\/\/arantv.az\/wp-content\/uploads\/2020\/02\/lo4.jpg",541,465,false],"2048x2048":["https:\/\/arantv.az\/wp-content\/uploads\/2020\/02\/lo4.jpg",541,465,false],"post-thumbnail":["https:\/\/arantv.az\/wp-content\/uploads\/2020\/02\/lo4-240x172.jpg",240,172,true],"advps-thumb-one":["https:\/\/arantv.az\/wp-content\/uploads\/2020\/02\/lo4.jpg",541,465,false]},"rttpg_author":{"display_name":"V\u00fcsal Rafiqo\u011flu","author_link":"https:\/\/arantv.az\/?author=2"},"rttpg_comment":0,"rttpg_category":"<a href=\"https:\/\/arantv.az\/?cat=5\" rel=\"category\">Hadis\u0259<\/a>","rttpg_excerpt":"\u015eamax\u0131da q\u0259tl\u0259 yetiril\u0259n 25 ya\u015fl\u0131 Ruslan Surxayevin kimliyi m\u00fc\u0259yy\u0259nl\u0259\u015fdirilib. Oxu.Az-\u0131n \u0259ld\u0259 etdiyi m\u0259lumata g\u00f6r\u0259, \u015eamax\u0131dak\u0131 \u201cYeddi G\u00fcmb\u0259z\u201d q\u0259biristanl\u0131\u011f\u0131nda 1991-ci il t\u0259v\u0259ll\u00fcdl\u00fc Orxan Hac\u0131yev t\u0259r\u0259find\u0259n m\u0259tb\u0259x b\u0131\u00e7a\u011f\u0131 il\u0259 \u00f6ld\u00fcr\u00fcl\u0259n Surxayev s\u0259rb\u0259st g\u00fcl\u0259\u015f \u00fczr\u0259 yeniyetm\u0259 v\u0259 g\u0259ncl\u0259r millimizin \u00fczv\u00fc olub. O, ilk b\u00f6y\u00fck u\u011furunu 2010-cu ild\u0259 Bosniya v\u0259 Herseqovinan\u0131n paytaxt\u0131 Sarayevoda ke\u00e7irilmi\u015f yeniyetm\u0259l\u0259rin Avropa \u00e7empionat\u0131nda qazan\u0131b. H\u0259min&hellip;","_links":{"self":[{"href":"https:\/\/arantv.az\/index.php?rest_route=\/wp\/v2\/posts\/125889"}],"collection":[{"href":"https:\/\/arantv.az\/index.php?rest_route=\/wp\/v2\/posts"}],"about":[{"href":"https:\/\/arantv.az\/index.php?rest_route=\/wp\/v2\/types\/post"}],"author":[{"embeddable":true,"href":"https:\/\/arantv.az\/index.php?rest_route=\/wp\/v2\/users\/2"}],"replies":[{"embeddable":true,"href":"https:\/\/arantv.az\/index.php?rest_route=%2Fwp%2Fv2%2Fcomments&post=125889"}],"version-history":[{"count":0,"href":"https:\/\/arantv.az\/index.php?rest_route=\/wp\/v2\/posts\/125889\/revisions"}],"wp:featuredmedia":[{"embeddable":true,"href":"https:\/\/arantv.az\/index.php?rest_route=\/wp\/v2\/media\/125890"}],"wp:attachment":[{"href":"https:\/\/arantv.az\/index.php?rest_route=%2Fwp%2Fv2%2Fmedia&parent=125889"}],"wp:term":[{"taxonomy":"category","embeddable":true,"href":"https:\/\/arantv.az\/index.php?rest_route=%2Fwp%2Fv2%2Fcategories&post=125889"},{"taxonomy":"post_tag","embeddable":true,"href":"https:\/\/arantv.az\/index.php?rest_route=%2Fwp%2Fv2%2Ftags&post=125889"}],"curies":[{"name":"wp","href":"https:\/\/api.w.org\/{rel}","templated":true}]}}