{"id":125911,"date":"2020-02-03T08:13:34","date_gmt":"2020-02-03T05:13:34","guid":{"rendered":"http:\/\/arantv.az\/?p=125911"},"modified":"2020-02-03T08:13:34","modified_gmt":"2020-02-03T05:13:34","slug":"seckil%c9%99rini-musahid%c9%99-etm%c9%99k-ist%c9%99y%c9%99n-v%c9%99t%c9%99ndaslar-ucun-mudd%c9%99t-basa-catir","status":"publish","type":"post","link":"https:\/\/arantv.az\/?p=125911","title":{"rendered":"Se\u00e7kil\u0259rini m\u00fc\u015fahid\u0259 etm\u0259k ist\u0259y\u0259n v\u0259t\u0259nda\u015flar \u00fc\u00e7\u00fcn m\u00fcdd\u0259t ba\u015fa \u00e7at\u0131r"},"content":{"rendered":"<p><strong>Az\u0259rbaycanda fevral\u0131n 9-a t\u0259yin edilmi\u015f n\u00f6vb\u0259d\u0259nk\u0259nar parlament se\u00e7kil\u0259rind\u0259 m\u00fc\u0259yy\u0259n se\u00e7ki dair\u0259sinin h\u00fcdudlar\u0131nda m\u00fc\u015fahid\u0259 apar\u0131lmas\u0131 \u00fc\u00e7\u00fcn \u0259riz\u0259l\u0259rin m\u00fcvafiq dair\u0259 se\u00e7ki komissiyas\u0131na t\u0259qdim edilm\u0259si m\u00fcdd\u0259ti sabah ba\u015fa \u00e7at\u0131r.<\/strong><\/p>\n<p><strong>ARANTV.AZ<\/strong>\u00a0<a href=\"https:\/\/az.trend.az\/\" target=\"_blank\" rel=\"noopener\">Trend<\/a>-\u0259 istinad\u0259n x\u0259b\u0259r verir ki, Az\u0259rbaycan Respublikas\u0131nda n\u00f6vb\u0259d\u0259nk\u0259nar parlament se\u00e7kil\u0259rinin haz\u0131rlan\u0131b ke\u00e7irilm\u0259si \u00fczr\u0259 \u0259sas h\u0259r\u0259k\u0259t v\u0259 t\u0259dbirl\u0259rin T\u0259qvim Plan\u0131na \u0259sas\u0259n, aktiv se\u00e7ki h\u00fcququna malik Az\u0259rbaycan Respublikas\u0131n\u0131n v\u0259t\u0259nda\u015f\u0131 (\u00f6z t\u0259\u015f\u0259bb\u00fcs\u00fc il\u0259, qeyd\u0259 al\u0131nm\u0131\u015f namiz\u0259din, siyasi partiyan\u0131n, siyasi partiyalar blokunun, se\u00e7kil\u0259r sah\u0259sind\u0259 f\u0259aliyy\u0259t g\u00f6st\u0259r\u0259n qeyri-h\u00f6kum\u0259t t\u0259\u015fkilat\u0131n\u0131n t\u0259\u015f\u0259bb\u00fcs\u00fc \u0259sas\u0131nda) Se\u00e7kil\u0259rin t\u0259yin edilm\u0259si haqq\u0131nda s\u0259r\u0259ncam\u0131n r\u0259smi d\u0259rc olundu\u011fu g\u00fcnd\u0259n ba\u015flayaraq se\u00e7kil\u0259rin ke\u00e7irilm\u0259sin\u0259 5 g\u00fcn qalanad\u0259k, y\u0259ni 2020-ci il fevral\u0131n 4-d\u0259k m\u00fcraci\u0259t ed\u0259 bil\u0259r.<\/p>\n","protected":false},"excerpt":{"rendered":"<p>Az\u0259rbaycanda fevral\u0131n 9-a t\u0259yin edilmi\u015f n\u00f6vb\u0259d\u0259nk\u0259nar parlament se\u00e7kil\u0259rind\u0259 m\u00fc\u0259yy\u0259n se\u00e7ki dair\u0259sinin h\u00fcdudlar\u0131nda m\u00fc\u015fahid\u0259 apar\u0131lmas\u0131 \u00fc\u00e7\u00fcn \u0259riz\u0259l\u0259rin m\u00fcvafiq dair\u0259 se\u00e7ki komissiyas\u0131na t\u0259qdim edilm\u0259si m\u00fcdd\u0259ti sabah ba\u015fa \u00e7at\u0131r. ARANTV.AZ\u00a0Trend-\u0259 istinad\u0259n x\u0259b\u0259r verir ki, Az\u0259rbaycan Respublikas\u0131nda n\u00f6vb\u0259d\u0259nk\u0259nar parlament se\u00e7kil\u0259rinin haz\u0131rlan\u0131b ke\u00e7irilm\u0259si \u00fczr\u0259 \u0259sas h\u0259r\u0259k\u0259t v\u0259 t\u0259dbirl\u0259rin T\u0259qvim Plan\u0131na \u0259sas\u0259n, aktiv se\u00e7ki h\u00fcququna malik Az\u0259rbaycan Respublikas\u0131n\u0131n v\u0259t\u0259nda\u015f\u0131 (\u00f6z t\u0259\u015f\u0259bb\u00fcs\u00fc il\u0259, qeyd\u0259 al\u0131nm\u0131\u015f namiz\u0259din, siyasi partiyan\u0131n, siyasi partiyalar blokunun, se\u00e7kil\u0259r sah\u0259sind\u0259 f\u0259aliyy\u0259t g\u00f6st\u0259r\u0259n qeyri-h\u00f6kum\u0259t t\u0259\u015fkilat\u0131n\u0131n t\u0259\u015f\u0259bb\u00fcs\u00fc \u0259sas\u0131nda) Se\u00e7kil\u0259rin t\u0259yin edilm\u0259si haqq\u0131nda s\u0259r\u0259ncam\u0131n r\u0259smi d\u0259rc olundu\u011fu g\u00fcnd\u0259n ba\u015flayaraq se\u00e7kil\u0259rin ke\u00e7irilm\u0259sin\u0259 5 g\u00fcn qalanad\u0259k, y\u0259ni 2020-ci il&hellip;<\/p>\n","protected":false},"author":2,"featured_media":125912,"comment_status":"closed","ping_status":"closed","sticky":false,"template":"","format":"standard","meta":{"om_disable_all_campaigns":false,"_monsterinsights_skip_tracking":false,"_monsterinsights_sitenote_active":false,"_monsterinsights_sitenote_note":"","_monsterinsights_sitenote_category":0},"categories":[1],"tags":[],"aioseo_notices":[],"gutentor_comment":0,"rttpg_featured_image_url":{"full":["https:\/\/arantv.az\/wp-content\/uploads\/2020\/02\/secki2.jpg",900,548,false],"landscape":["https:\/\/arantv.az\/wp-content\/uploads\/2020\/02\/secki2.jpg",900,548,false],"portraits":["https:\/\/arantv.az\/wp-content\/uploads\/2020\/02\/secki2.jpg",900,548,false],"thumbnail":["https:\/\/arantv.az\/wp-content\/uploads\/2020\/02\/secki2-150x150.jpg",150,150,true],"medium":["https:\/\/arantv.az\/wp-content\/uploads\/2020\/02\/secki2-300x183.jpg",300,183,true],"large":["https:\/\/arantv.az\/wp-content\/uploads\/2020\/02\/secki2.jpg",640,390,false],"1536x1536":["https:\/\/arantv.az\/wp-content\/uploads\/2020\/02\/secki2.jpg",900,548,false],"2048x2048":["https:\/\/arantv.az\/wp-content\/uploads\/2020\/02\/secki2.jpg",900,548,false],"post-thumbnail":["https:\/\/arantv.az\/wp-content\/uploads\/2020\/02\/secki2-240x172.jpg",240,172,true],"advps-thumb-one":["https:\/\/arantv.az\/wp-content\/uploads\/2020\/02\/secki2.jpg",900,548,false]},"rttpg_author":{"display_name":"V\u00fcsal Rafiqo\u011flu","author_link":"https:\/\/arantv.az\/?author=2"},"rttpg_comment":0,"rttpg_category":"<a href=\"https:\/\/arantv.az\/?cat=1\" rel=\"category\">C\u0259miyy\u0259t<\/a>","rttpg_excerpt":"Az\u0259rbaycanda fevral\u0131n 9-a t\u0259yin edilmi\u015f n\u00f6vb\u0259d\u0259nk\u0259nar parlament se\u00e7kil\u0259rind\u0259 m\u00fc\u0259yy\u0259n se\u00e7ki dair\u0259sinin h\u00fcdudlar\u0131nda m\u00fc\u015fahid\u0259 apar\u0131lmas\u0131 \u00fc\u00e7\u00fcn \u0259riz\u0259l\u0259rin m\u00fcvafiq dair\u0259 se\u00e7ki komissiyas\u0131na t\u0259qdim edilm\u0259si m\u00fcdd\u0259ti sabah ba\u015fa \u00e7at\u0131r. ARANTV.AZ\u00a0Trend-\u0259 istinad\u0259n x\u0259b\u0259r verir ki, Az\u0259rbaycan Respublikas\u0131nda n\u00f6vb\u0259d\u0259nk\u0259nar parlament se\u00e7kil\u0259rinin haz\u0131rlan\u0131b ke\u00e7irilm\u0259si \u00fczr\u0259 \u0259sas h\u0259r\u0259k\u0259t v\u0259 t\u0259dbirl\u0259rin T\u0259qvim Plan\u0131na \u0259sas\u0259n, aktiv se\u00e7ki h\u00fcququna malik Az\u0259rbaycan Respublikas\u0131n\u0131n v\u0259t\u0259nda\u015f\u0131 (\u00f6z t\u0259\u015f\u0259bb\u00fcs\u00fc&hellip;","_links":{"self":[{"href":"https:\/\/arantv.az\/index.php?rest_route=\/wp\/v2\/posts\/125911"}],"collection":[{"href":"https:\/\/arantv.az\/index.php?rest_route=\/wp\/v2\/posts"}],"about":[{"href":"https:\/\/arantv.az\/index.php?rest_route=\/wp\/v2\/types\/post"}],"author":[{"embeddable":true,"href":"https:\/\/arantv.az\/index.php?rest_route=\/wp\/v2\/users\/2"}],"replies":[{"embeddable":true,"href":"https:\/\/arantv.az\/index.php?rest_route=%2Fwp%2Fv2%2Fcomments&post=125911"}],"version-history":[{"count":0,"href":"https:\/\/arantv.az\/index.php?rest_route=\/wp\/v2\/posts\/125911\/revisions"}],"wp:featuredmedia":[{"embeddable":true,"href":"https:\/\/arantv.az\/index.php?rest_route=\/wp\/v2\/media\/125912"}],"wp:attachment":[{"href":"https:\/\/arantv.az\/index.php?rest_route=%2Fwp%2Fv2%2Fmedia&parent=125911"}],"wp:term":[{"taxonomy":"category","embeddable":true,"href":"https:\/\/arantv.az\/index.php?rest_route=%2Fwp%2Fv2%2Fcategories&post=125911"},{"taxonomy":"post_tag","embeddable":true,"href":"https:\/\/arantv.az\/index.php?rest_route=%2Fwp%2Fv2%2Ftags&post=125911"}],"curies":[{"name":"wp","href":"https:\/\/api.w.org\/{rel}","templated":true}]}}