{"id":126348,"date":"2020-02-04T08:20:34","date_gmt":"2020-02-04T05:20:34","guid":{"rendered":"http:\/\/arantv.az\/?p=126348"},"modified":"2020-02-04T08:20:34","modified_gmt":"2020-02-04T05:20:34","slug":"turkiy%c9%99-yen%c9%99-silk%c9%99l%c9%99ndi-bes-d%c9%99qiq%c9%99d%c9%99-bes-z%c9%99lz%c9%99l%c9%99","status":"publish","type":"post","link":"https:\/\/arantv.az\/?p=126348","title":{"rendered":"T\u00fcrkiy\u0259 yen\u0259 silk\u0259l\u0259ndi: Be\u015f d\u0259qiq\u0259d\u0259 be\u015f z\u0259lz\u0259l\u0259"},"content":{"rendered":"<p>T\u00fcrkiy\u0259nin Manisa vilay\u0259tinin Akhisar rayonunda be\u015f d\u0259qiq\u0259 \u0259rzind\u0259 be\u015f z\u0259lz\u0259l\u0259 qeyd\u0259 al\u0131n\u0131b.<\/p>\n<p>Bu bar\u0259d\u0259 \u201cHaberGlobal\u201d Kandili R\u0259s\u0259dxanas\u0131 v\u0259 Z\u0259lz\u0259l\u0259 T\u0259dqiqat \u0130nstitutuna istinadla m\u0259lumat yay\u0131b.<\/p>\n<div id=\"AdviadNativeVideo0\" class=\"AdviadNativeVideo\"><\/div>\n<p>Bildirilir ki, ilk z\u0259lz\u0259l\u0259 yerli vaxtla saat 04:27-d\u0259 d\u00f6rd bal g\u00fcc\u00fcnd\u0259 v\u0259 yerin yeddi kilometr d\u0259rinliyind\u0259 qeyd\u0259 al\u0131n\u0131b.<\/p>\n<p>Sonra 04:28-d\u0259 3,4 g\u00fcc\u00fcnd\u0259 z\u0259lz\u0259l\u0259 ba\u015f verib. Bundan sonra is\u0259 04:32-y\u0259 q\u0259d\u0259r \u00fc\u00e7 ard\u0131c\u0131l z\u0259lz\u0259l\u0259 olub.<\/p>\n","protected":false},"excerpt":{"rendered":"<p>T\u00fcrkiy\u0259nin Manisa vilay\u0259tinin Akhisar rayonunda be\u015f d\u0259qiq\u0259 \u0259rzind\u0259 be\u015f z\u0259lz\u0259l\u0259 qeyd\u0259 al\u0131n\u0131b. Bu bar\u0259d\u0259 \u201cHaberGlobal\u201d Kandili R\u0259s\u0259dxanas\u0131 v\u0259 Z\u0259lz\u0259l\u0259 T\u0259dqiqat \u0130nstitutuna istinadla m\u0259lumat yay\u0131b. Bildirilir ki, ilk z\u0259lz\u0259l\u0259 yerli vaxtla saat 04:27-d\u0259 d\u00f6rd bal g\u00fcc\u00fcnd\u0259 v\u0259 yerin yeddi kilometr d\u0259rinliyind\u0259 qeyd\u0259 al\u0131n\u0131b. Sonra 04:28-d\u0259 3,4 g\u00fcc\u00fcnd\u0259 z\u0259lz\u0259l\u0259 ba\u015f verib. Bundan sonra is\u0259 04:32-y\u0259 q\u0259d\u0259r \u00fc\u00e7 ard\u0131c\u0131l z\u0259lz\u0259l\u0259 olub.<\/p>\n","protected":false},"author":2,"featured_media":126349,"comment_status":"closed","ping_status":"closed","sticky":false,"template":"","format":"standard","meta":{"om_disable_all_campaigns":false,"_monsterinsights_skip_tracking":false,"_monsterinsights_sitenote_active":false,"_monsterinsights_sitenote_note":"","_monsterinsights_sitenote_category":0},"categories":[7],"tags":[],"aioseo_notices":[],"gutentor_comment":0,"rttpg_featured_image_url":{"full":["https:\/\/arantv.az\/wp-content\/uploads\/2020\/02\/deprem-shutterstock_16_9_1580056896.jpg",620,349,false],"landscape":["https:\/\/arantv.az\/wp-content\/uploads\/2020\/02\/deprem-shutterstock_16_9_1580056896.jpg",620,349,false],"portraits":["https:\/\/arantv.az\/wp-content\/uploads\/2020\/02\/deprem-shutterstock_16_9_1580056896.jpg",620,349,false],"thumbnail":["https:\/\/arantv.az\/wp-content\/uploads\/2020\/02\/deprem-shutterstock_16_9_1580056896-150x150.jpg",150,150,true],"medium":["https:\/\/arantv.az\/wp-content\/uploads\/2020\/02\/deprem-shutterstock_16_9_1580056896-300x169.jpg",300,169,true],"large":["https:\/\/arantv.az\/wp-content\/uploads\/2020\/02\/deprem-shutterstock_16_9_1580056896.jpg",620,349,false],"1536x1536":["https:\/\/arantv.az\/wp-content\/uploads\/2020\/02\/deprem-shutterstock_16_9_1580056896.jpg",620,349,false],"2048x2048":["https:\/\/arantv.az\/wp-content\/uploads\/2020\/02\/deprem-shutterstock_16_9_1580056896.jpg",620,349,false],"post-thumbnail":["https:\/\/arantv.az\/wp-content\/uploads\/2020\/02\/deprem-shutterstock_16_9_1580056896-240x172.jpg",240,172,true],"advps-thumb-one":["https:\/\/arantv.az\/wp-content\/uploads\/2020\/02\/deprem-shutterstock_16_9_1580056896.jpg",620,349,false]},"rttpg_author":{"display_name":"V\u00fcsal Rafiqo\u011flu","author_link":"https:\/\/arantv.az\/?author=2"},"rttpg_comment":0,"rttpg_category":"<a href=\"https:\/\/arantv.az\/?cat=7\" rel=\"category\">D\u00fcnya<\/a>","rttpg_excerpt":"T\u00fcrkiy\u0259nin Manisa vilay\u0259tinin Akhisar rayonunda be\u015f d\u0259qiq\u0259 \u0259rzind\u0259 be\u015f z\u0259lz\u0259l\u0259 qeyd\u0259 al\u0131n\u0131b. Bu bar\u0259d\u0259 \u201cHaberGlobal\u201d Kandili R\u0259s\u0259dxanas\u0131 v\u0259 Z\u0259lz\u0259l\u0259 T\u0259dqiqat \u0130nstitutuna istinadla m\u0259lumat yay\u0131b. Bildirilir ki, ilk z\u0259lz\u0259l\u0259 yerli vaxtla saat 04:27-d\u0259 d\u00f6rd bal g\u00fcc\u00fcnd\u0259 v\u0259 yerin yeddi kilometr d\u0259rinliyind\u0259 qeyd\u0259 al\u0131n\u0131b. Sonra 04:28-d\u0259 3,4 g\u00fcc\u00fcnd\u0259 z\u0259lz\u0259l\u0259 ba\u015f verib. Bundan sonra is\u0259 04:32-y\u0259 q\u0259d\u0259r \u00fc\u00e7&hellip;","_links":{"self":[{"href":"https:\/\/arantv.az\/index.php?rest_route=\/wp\/v2\/posts\/126348"}],"collection":[{"href":"https:\/\/arantv.az\/index.php?rest_route=\/wp\/v2\/posts"}],"about":[{"href":"https:\/\/arantv.az\/index.php?rest_route=\/wp\/v2\/types\/post"}],"author":[{"embeddable":true,"href":"https:\/\/arantv.az\/index.php?rest_route=\/wp\/v2\/users\/2"}],"replies":[{"embeddable":true,"href":"https:\/\/arantv.az\/index.php?rest_route=%2Fwp%2Fv2%2Fcomments&post=126348"}],"version-history":[{"count":0,"href":"https:\/\/arantv.az\/index.php?rest_route=\/wp\/v2\/posts\/126348\/revisions"}],"wp:featuredmedia":[{"embeddable":true,"href":"https:\/\/arantv.az\/index.php?rest_route=\/wp\/v2\/media\/126349"}],"wp:attachment":[{"href":"https:\/\/arantv.az\/index.php?rest_route=%2Fwp%2Fv2%2Fmedia&parent=126348"}],"wp:term":[{"taxonomy":"category","embeddable":true,"href":"https:\/\/arantv.az\/index.php?rest_route=%2Fwp%2Fv2%2Fcategories&post=126348"},{"taxonomy":"post_tag","embeddable":true,"href":"https:\/\/arantv.az\/index.php?rest_route=%2Fwp%2Fv2%2Ftags&post=126348"}],"curies":[{"name":"wp","href":"https:\/\/api.w.org\/{rel}","templated":true}]}}