{"id":126352,"date":"2020-02-04T08:22:26","date_gmt":"2020-02-04T05:22:26","guid":{"rendered":"http:\/\/arantv.az\/?p=126352"},"modified":"2020-02-04T08:22:26","modified_gmt":"2020-02-04T05:22:26","slug":"adil-%c9%99liyev-istefaya-gond%c9%99rildi","status":"publish","type":"post","link":"https:\/\/arantv.az\/?p=126352","title":{"rendered":"Adil \u018fliyev istefaya g\u00f6nd\u0259rildi"},"content":{"rendered":"<p>Az\u0259rbaycan Kikboksinq Federasiyas\u0131n\u0131n r\u0259hb\u0259rliyi istefaya g\u00f6nd\u0259rilib.<\/p>\n<p>Bu bar\u0259d\u0259 AKF-nin Prezidenti Adil \u018fliyev \u00f6z\u00fcn\u00fcn \u201cFacebook\u201d s\u0259hif\u0259sind\u0259 m\u0259lumat yay\u0131b.<\/p>\n<div id=\"AdviadNativeVideo0\" class=\"AdviadNativeVideo\"><\/div>\n<p>O bildirib ki, q\u0259rar \u0130dar\u0259 Hey\u0259ti t\u0259r\u0259find\u0259n verilib:<\/p>\n<p>\u201cAz\u0259rbaycan Kikboksinq Federasiyas\u0131n\u0131n \u0130dar\u0259 Hey\u0259ti AKF-nin Prezidentini v\u0259 Vitse-Prezidentl\u0259rini istefaya g\u00f6nd\u0259rdi\u201d.<\/p>\n<div class=\"gallery\">\n<div class=\"gallery-i\"><img src=\"https:\/\/assets.oxu.az\/uploads\/W1siZiIsIjIwMjAvMDIvMDQvMDgvNDgvNDYvZjM5YWI4ZDktNzA2ZC00ZGNlLWI5MjQtNzQ3MDkyMjJjNjJjL2ltYWdlXzc1MHhfNWUzOGViOGZiOWJhYy5qcGciXSxbInAiLCJlbmNvZGUiLCJqcGciLCItcXVhbGl0eSA4MCJdLFsicCIsInRodW1iIiwiNTkweDU5MFx1MDAzZSJdXQ?sha=daf688ccc0e133bc\" alt=\"\" \/><\/div>\n<\/div>\n","protected":false},"excerpt":{"rendered":"<p>Az\u0259rbaycan Kikboksinq Federasiyas\u0131n\u0131n r\u0259hb\u0259rliyi istefaya g\u00f6nd\u0259rilib. Bu bar\u0259d\u0259 AKF-nin Prezidenti Adil \u018fliyev \u00f6z\u00fcn\u00fcn \u201cFacebook\u201d s\u0259hif\u0259sind\u0259 m\u0259lumat yay\u0131b. O bildirib ki, q\u0259rar \u0130dar\u0259 Hey\u0259ti t\u0259r\u0259find\u0259n verilib: \u201cAz\u0259rbaycan Kikboksinq Federasiyas\u0131n\u0131n \u0130dar\u0259 Hey\u0259ti AKF-nin Prezidentini v\u0259 Vitse-Prezidentl\u0259rini istefaya g\u00f6nd\u0259rdi\u201d.<\/p>\n","protected":false},"author":2,"featured_media":126353,"comment_status":"closed","ping_status":"closed","sticky":false,"template":"","format":"standard","meta":{"om_disable_all_campaigns":false,"_monsterinsights_skip_tracking":false,"_monsterinsights_sitenote_active":false,"_monsterinsights_sitenote_note":"","_monsterinsights_sitenote_category":0},"categories":[6],"tags":[],"aioseo_notices":[],"gutentor_comment":0,"rttpg_featured_image_url":{"full":["https:\/\/arantv.az\/wp-content\/uploads\/2020\/02\/adi\u00c4\u00b1.jpg",620,413,false],"landscape":["https:\/\/arantv.az\/wp-content\/uploads\/2020\/02\/adi\u00c4\u00b1.jpg",620,413,false],"portraits":["https:\/\/arantv.az\/wp-content\/uploads\/2020\/02\/adi\u00c4\u00b1.jpg",620,413,false],"thumbnail":["https:\/\/arantv.az\/wp-content\/uploads\/2020\/02\/adi\u00c4\u00b1-150x150.jpg",150,150,true],"medium":["https:\/\/arantv.az\/wp-content\/uploads\/2020\/02\/adi\u00c4\u00b1-300x200.jpg",300,200,true],"large":["https:\/\/arantv.az\/wp-content\/uploads\/2020\/02\/adi\u00c4\u00b1.jpg",620,413,false],"1536x1536":["https:\/\/arantv.az\/wp-content\/uploads\/2020\/02\/adi\u00c4\u00b1.jpg",620,413,false],"2048x2048":["https:\/\/arantv.az\/wp-content\/uploads\/2020\/02\/adi\u00c4\u00b1.jpg",620,413,false],"post-thumbnail":["https:\/\/arantv.az\/wp-content\/uploads\/2020\/02\/adi\u00c4\u00b1-240x172.jpg",240,172,true],"advps-thumb-one":["https:\/\/arantv.az\/wp-content\/uploads\/2020\/02\/adi\u00c4\u00b1.jpg",620,413,false]},"rttpg_author":{"display_name":"V\u00fcsal Rafiqo\u011flu","author_link":"https:\/\/arantv.az\/?author=2"},"rttpg_comment":0,"rttpg_category":"<a href=\"https:\/\/arantv.az\/?cat=6\" rel=\"category\">\u0130dman<\/a>","rttpg_excerpt":"Az\u0259rbaycan Kikboksinq Federasiyas\u0131n\u0131n r\u0259hb\u0259rliyi istefaya g\u00f6nd\u0259rilib. Bu bar\u0259d\u0259 AKF-nin Prezidenti Adil \u018fliyev \u00f6z\u00fcn\u00fcn \u201cFacebook\u201d s\u0259hif\u0259sind\u0259 m\u0259lumat yay\u0131b. O bildirib ki, q\u0259rar \u0130dar\u0259 Hey\u0259ti t\u0259r\u0259find\u0259n verilib: \u201cAz\u0259rbaycan Kikboksinq Federasiyas\u0131n\u0131n \u0130dar\u0259 Hey\u0259ti AKF-nin Prezidentini v\u0259 Vitse-Prezidentl\u0259rini istefaya g\u00f6nd\u0259rdi\u201d.","_links":{"self":[{"href":"https:\/\/arantv.az\/index.php?rest_route=\/wp\/v2\/posts\/126352"}],"collection":[{"href":"https:\/\/arantv.az\/index.php?rest_route=\/wp\/v2\/posts"}],"about":[{"href":"https:\/\/arantv.az\/index.php?rest_route=\/wp\/v2\/types\/post"}],"author":[{"embeddable":true,"href":"https:\/\/arantv.az\/index.php?rest_route=\/wp\/v2\/users\/2"}],"replies":[{"embeddable":true,"href":"https:\/\/arantv.az\/index.php?rest_route=%2Fwp%2Fv2%2Fcomments&post=126352"}],"version-history":[{"count":0,"href":"https:\/\/arantv.az\/index.php?rest_route=\/wp\/v2\/posts\/126352\/revisions"}],"wp:featuredmedia":[{"embeddable":true,"href":"https:\/\/arantv.az\/index.php?rest_route=\/wp\/v2\/media\/126353"}],"wp:attachment":[{"href":"https:\/\/arantv.az\/index.php?rest_route=%2Fwp%2Fv2%2Fmedia&parent=126352"}],"wp:term":[{"taxonomy":"category","embeddable":true,"href":"https:\/\/arantv.az\/index.php?rest_route=%2Fwp%2Fv2%2Fcategories&post=126352"},{"taxonomy":"post_tag","embeddable":true,"href":"https:\/\/arantv.az\/index.php?rest_route=%2Fwp%2Fv2%2Ftags&post=126352"}],"curies":[{"name":"wp","href":"https:\/\/api.w.org\/{rel}","templated":true}]}}