{"id":1264,"date":"2018-07-26T14:29:20","date_gmt":"2018-07-26T11:29:20","guid":{"rendered":"http:\/\/arantv.az\/?p=1264"},"modified":"2018-07-26T14:29:20","modified_gmt":"2018-07-26T11:29:20","slug":"dunyanin-%c9%99n-t%c9%99nha-adami-22-ildir-mes%c9%99d%c9%99-yasayir-fotolar","status":"publish","type":"post","link":"https:\/\/arantv.az\/?p=1264","title":{"rendered":"D\u00fcnyan\u0131n \u0259n t\u0259nha adam\u0131 \u2014 22 ildir me\u015f\u0259d\u0259 ya\u015fay\u0131r (FOTOLAR)"},"content":{"rendered":"<div class=\"news-detail\">\n<div class=\"img-info\">\n<div class=\"detail-content\">\n<div class=\"spot\">Braziliyan\u0131n Amazon me\u015f\u0259l\u0259rind\u0259 22 ildir t\u0259k ya\u015fayan yerli sakinin yeni fotolar\u0131 \u00fcz\u0259 \u00e7\u0131x\u0131b.<\/div>\n<p><strong>ARANTV.AZ<\/strong> x\u0259b\u0259r verir ki, d\u00fcnyan\u0131n \u0259n t\u0259nha adam\u0131 adland\u0131r\u0131lan adam dig\u0259r q\u0259bil\u0259 \u00fczvl\u0259rinin \u00f6ld\u00fcr\u00fclm\u0259sind\u0259n sonra t\u0259k qal\u0131b.<\/p>\n<p>50 ya\u015f\u0131 oldu\u011fu t\u0259xmin edil\u0259n \u015f\u0259xsin g\u00f6r\u00fcnt\u00fcl\u0259ri Braziliya h\u00f6kum\u0259tinin yerli xalqlarla \u0259laq\u0259li i\u015fl\u0259y\u0259n \u201cFUNA\u0130\u201d c\u0259miyy\u0259ti t\u0259r\u0259find\u0259n \u00e7\u0259kilib. \u00c7ox uzaqdan \u00e7\u0259kil\u0259n fotolar\u0131n birind\u0259 bir insan\u0131n balta il\u0259 a\u011fac k\u0259sdiyi g\u00f6r\u00fcn\u00fcr.<\/p>\n<p>\u201cFUNA\u0130\u201d d\u00fcnyan\u0131n \u0259n t\u0259nha adam\u0131n\u0131 1996-c\u0131 ild\u0259n b\u0259ri uzaqdan izl\u0259yir. Yerlinin Braziliyan\u0131n \u015fimal-q\u0259rbind\u0259ki Rondoniada ya\u015fad\u0131\u011f\u0131 b\u00f6lg\u0259nin m\u00fchafiz\u0259 sah\u0259si olmas\u0131 \u00fc\u00e7\u00fcn onun ya\u015fad\u0131\u011f\u0131n\u0131 s\u00fcbut etm\u0259k laz\u0131md\u0131r. 4 min hektarl\u0131q b\u00f6lg\u0259nin \u0259traf\u0131nda fermalar v\u0259 qeyri-qanuni a\u011faclar\u0131 k\u0259silmi\u015f sah\u0259l\u0259r var. Amma yerlinin ya\u015fad\u0131\u011f\u0131 b\u00f6lg\u0259y\u0259 girm\u0259k qada\u011fan edilib.<\/p>\n<div id=\"AdributorNativeVideo0\" class=\"AdributorNativeVideo\"><\/div>\n<p>Braziliya konstitusiyas\u0131na g\u00f6r\u0259 yerlil\u0259rin torpaq haqq\u0131 var. Yerli adam haqq\u0131nda is\u0259 \u00e7ox az m\u0259lumat var. Ehtimal edilir ki, q\u0259bil\u0259sinin son \u00fczv\u00fc olub. Bu g\u00fcn\u0259 q\u0259d\u0259r m\u00fcasir d\u00fcnyadan he\u00e7 k\u0259s onunla \u0259laq\u0259 qurmay\u0131b. \u00dczv\u00fc oldu\u011fu 6 n\u0259f\u0259rlik q\u0259bil\u0259 1996-c\u0131 ild\u0259 fermerlerin h\u00fccumuna m\u0259ruz qal\u0131b v\u0259 t\u0259kc\u0259 o, sa\u011f qal\u0131b. Onun q\u0259bil\u0259sinin hans\u0131 ad v\u0259 dild\u0259n istifad\u0259 etdiyi bilinmir. Braziliya m\u0259tbuat\u0131 uzun ill\u0259r onu \u201c\u00c7uxur adam\u0131\u201d adland\u0131r\u0131b. \u00c7\u00fcnki heyvan ovlamaq v\u0259 gizl\u0259nm\u0259k \u00fc\u00e7\u00fcn \u00e7oxlu \u00e7uxur qaz\u0131b. \u018fvv\u0259ll\u0259r qam\u0131\u015fdan tikilmi\u015f daxmalar, yay v\u0259 ox kimi al\u0259tl\u0259rinin oldu\u011fu da bilinirdi.<\/p>\n<p><em><br \/>\n\u00d6lk\u0259.Az<\/em><\/p>\n<div class=\"carousel initialized\" data-namespace=\"DIVcarousel0\"><a class=\"carousel-item active\" href=\"http:\/\/olke.az\/news\/detail\/dunyanin-en-tenha-adami-22-ildir-mesede-yasayir-fotolar-132123#!\"><img src=\"http:\/\/olke.az\/uploads\/1532598730\/tek10.jpeg\" alt=\"\" width=\"100%\" data-desc=\"\" data-author=\"olke.az\" \/><\/a><a class=\"carousel-item\" href=\"http:\/\/olke.az\/news\/detail\/dunyanin-en-tenha-adami-22-ildir-mesede-yasayir-fotolar-132123#!\"><img src=\"http:\/\/olke.az\/uploads\/1532598730\/tek9.jpg\" alt=\"\" width=\"100%\" data-desc=\"\" data-author=\"olke.az\" \/><\/a><a class=\"carousel-item\" href=\"http:\/\/olke.az\/news\/detail\/dunyanin-en-tenha-adami-22-ildir-mesede-yasayir-fotolar-132123#!\"><img src=\"http:\/\/olke.az\/uploads\/1532598730\/tek7.jpg\" alt=\"\" width=\"100%\" data-desc=\"\" data-author=\"olke.az\" \/><\/a><a class=\"carousel-item\" href=\"http:\/\/olke.az\/news\/detail\/dunyanin-en-tenha-adami-22-ildir-mesede-yasayir-fotolar-132123#!\"><img src=\"http:\/\/olke.az\/uploads\/1532598730\/tek6.jpg\" alt=\"\" width=\"100%\" data-desc=\"\" data-author=\"olke.az\" \/><\/a><a class=\"carousel-item\" href=\"http:\/\/olke.az\/news\/detail\/dunyanin-en-tenha-adami-22-ildir-mesede-yasayir-fotolar-132123#!\"><img src=\"http:\/\/olke.az\/uploads\/1532598730\/tek5.jpg\" alt=\"\" width=\"100%\" data-desc=\"\" data-author=\"olke.az\" \/><\/a><a class=\"carousel-item\" href=\"http:\/\/olke.az\/news\/detail\/dunyanin-en-tenha-adami-22-ildir-mesede-yasayir-fotolar-132123#!\"><img src=\"http:\/\/olke.az\/uploads\/1532598730\/tek3.jpg\" alt=\"\" width=\"100%\" data-desc=\"\" data-author=\"olke.az\" \/><\/a><a class=\"carousel-item\" href=\"http:\/\/olke.az\/news\/detail\/dunyanin-en-tenha-adami-22-ildir-mesede-yasayir-fotolar-132123#!\"><img src=\"http:\/\/olke.az\/uploads\/1532598730\/tek2.jpg\" alt=\"\" width=\"100%\" data-desc=\"\" data-author=\"olke.az\" \/><\/a><a class=\"carousel-item\" href=\"http:\/\/olke.az\/news\/detail\/dunyanin-en-tenha-adami-22-ildir-mesede-yasayir-fotolar-132123#!\"><img src=\"http:\/\/olke.az\/uploads\/1532598730\/tek1.jpg\" alt=\"\" width=\"100%\" data-desc=\"\" data-author=\"olke.az\" \/><\/a><\/div>\n<\/div>\n<\/div>\n<\/div>\n<div class=\"fbComments-container mb20\">\n<div class=\"post-actions\">\n<div class=\"add-commmet\">\n<div class=\"comment-icon\"><\/div>\n<\/div>\n<div class=\"detail-reactions  \" data-news_id=\"132123\"><\/div>\n<\/div>\n<\/div>\n","protected":false},"excerpt":{"rendered":"<p>Braziliyan\u0131n Amazon me\u015f\u0259l\u0259rind\u0259 22 ildir t\u0259k ya\u015fayan yerli sakinin yeni fotolar\u0131 \u00fcz\u0259 \u00e7\u0131x\u0131b. ARANTV.AZ x\u0259b\u0259r verir ki, d\u00fcnyan\u0131n \u0259n t\u0259nha adam\u0131 adland\u0131r\u0131lan adam dig\u0259r q\u0259bil\u0259 \u00fczvl\u0259rinin \u00f6ld\u00fcr\u00fclm\u0259sind\u0259n sonra t\u0259k qal\u0131b. 50 ya\u015f\u0131 oldu\u011fu t\u0259xmin edil\u0259n \u015f\u0259xsin g\u00f6r\u00fcnt\u00fcl\u0259ri Braziliya h\u00f6kum\u0259tinin yerli xalqlarla \u0259laq\u0259li i\u015fl\u0259y\u0259n \u201cFUNA\u0130\u201d c\u0259miyy\u0259ti t\u0259r\u0259find\u0259n \u00e7\u0259kilib. \u00c7ox uzaqdan \u00e7\u0259kil\u0259n fotolar\u0131n birind\u0259 bir insan\u0131n balta il\u0259 a\u011fac k\u0259sdiyi g\u00f6r\u00fcn\u00fcr. \u201cFUNA\u0130\u201d d\u00fcnyan\u0131n \u0259n t\u0259nha adam\u0131n\u0131 1996-c\u0131 ild\u0259n b\u0259ri uzaqdan izl\u0259yir. Yerlinin Braziliyan\u0131n \u015fimal-q\u0259rbind\u0259ki Rondoniada ya\u015fad\u0131\u011f\u0131 b\u00f6lg\u0259nin m\u00fchafiz\u0259 sah\u0259si olmas\u0131 \u00fc\u00e7\u00fcn onun ya\u015fad\u0131\u011f\u0131n\u0131 s\u00fcbut etm\u0259k laz\u0131md\u0131r. 4 min hektarl\u0131q b\u00f6lg\u0259nin \u0259traf\u0131nda fermalar&hellip;<\/p>\n","protected":false},"author":2,"featured_media":1266,"comment_status":"open","ping_status":"open","sticky":false,"template":"","format":"standard","meta":{"om_disable_all_campaigns":false,"_monsterinsights_skip_tracking":false,"_monsterinsights_sitenote_active":false,"_monsterinsights_sitenote_note":"","_monsterinsights_sitenote_category":0},"categories":[7],"tags":[],"aioseo_notices":[],"gutentor_comment":0,"rttpg_featured_image_url":{"full":["https:\/\/arantv.az\/wp-content\/uploads\/2018\/07\/amazonmese.jpg",620,375,false],"landscape":["https:\/\/arantv.az\/wp-content\/uploads\/2018\/07\/amazonmese.jpg",620,375,false],"portraits":["https:\/\/arantv.az\/wp-content\/uploads\/2018\/07\/amazonmese.jpg",620,375,false],"thumbnail":["https:\/\/arantv.az\/wp-content\/uploads\/2018\/07\/amazonmese-150x150.jpg",150,150,true],"medium":["https:\/\/arantv.az\/wp-content\/uploads\/2018\/07\/amazonmese-300x181.jpg",300,181,true],"large":["https:\/\/arantv.az\/wp-content\/uploads\/2018\/07\/amazonmese.jpg",620,375,false],"1536x1536":["https:\/\/arantv.az\/wp-content\/uploads\/2018\/07\/amazonmese.jpg",620,375,false],"2048x2048":["https:\/\/arantv.az\/wp-content\/uploads\/2018\/07\/amazonmese.jpg",620,375,false],"post-thumbnail":["https:\/\/arantv.az\/wp-content\/uploads\/2018\/07\/amazonmese.jpg",240,145,false],"advps-thumb-one":["https:\/\/arantv.az\/wp-content\/uploads\/2018\/07\/amazonmese.jpg",620,375,false]},"rttpg_author":{"display_name":"V\u00fcsal Rafiqo\u011flu","author_link":"https:\/\/arantv.az\/?author=2"},"rttpg_comment":0,"rttpg_category":"<a href=\"https:\/\/arantv.az\/?cat=7\" rel=\"category\">D\u00fcnya<\/a>","rttpg_excerpt":"Braziliyan\u0131n Amazon me\u015f\u0259l\u0259rind\u0259 22 ildir t\u0259k ya\u015fayan yerli sakinin yeni fotolar\u0131 \u00fcz\u0259 \u00e7\u0131x\u0131b. ARANTV.AZ x\u0259b\u0259r verir ki, d\u00fcnyan\u0131n \u0259n t\u0259nha adam\u0131 adland\u0131r\u0131lan adam dig\u0259r q\u0259bil\u0259 \u00fczvl\u0259rinin \u00f6ld\u00fcr\u00fclm\u0259sind\u0259n sonra t\u0259k qal\u0131b. 50 ya\u015f\u0131 oldu\u011fu t\u0259xmin edil\u0259n \u015f\u0259xsin g\u00f6r\u00fcnt\u00fcl\u0259ri Braziliya h\u00f6kum\u0259tinin yerli xalqlarla \u0259laq\u0259li i\u015fl\u0259y\u0259n \u201cFUNA\u0130\u201d c\u0259miyy\u0259ti t\u0259r\u0259find\u0259n \u00e7\u0259kilib. \u00c7ox uzaqdan \u00e7\u0259kil\u0259n fotolar\u0131n birind\u0259 bir insan\u0131n balta&hellip;","_links":{"self":[{"href":"https:\/\/arantv.az\/index.php?rest_route=\/wp\/v2\/posts\/1264"}],"collection":[{"href":"https:\/\/arantv.az\/index.php?rest_route=\/wp\/v2\/posts"}],"about":[{"href":"https:\/\/arantv.az\/index.php?rest_route=\/wp\/v2\/types\/post"}],"author":[{"embeddable":true,"href":"https:\/\/arantv.az\/index.php?rest_route=\/wp\/v2\/users\/2"}],"replies":[{"embeddable":true,"href":"https:\/\/arantv.az\/index.php?rest_route=%2Fwp%2Fv2%2Fcomments&post=1264"}],"version-history":[{"count":0,"href":"https:\/\/arantv.az\/index.php?rest_route=\/wp\/v2\/posts\/1264\/revisions"}],"wp:featuredmedia":[{"embeddable":true,"href":"https:\/\/arantv.az\/index.php?rest_route=\/wp\/v2\/media\/1266"}],"wp:attachment":[{"href":"https:\/\/arantv.az\/index.php?rest_route=%2Fwp%2Fv2%2Fmedia&parent=1264"}],"wp:term":[{"taxonomy":"category","embeddable":true,"href":"https:\/\/arantv.az\/index.php?rest_route=%2Fwp%2Fv2%2Fcategories&post=1264"},{"taxonomy":"post_tag","embeddable":true,"href":"https:\/\/arantv.az\/index.php?rest_route=%2Fwp%2Fv2%2Ftags&post=1264"}],"curies":[{"name":"wp","href":"https:\/\/api.w.org\/{rel}","templated":true}]}}