{"id":126469,"date":"2020-02-04T09:59:47","date_gmt":"2020-02-04T06:59:47","guid":{"rendered":"http:\/\/arantv.az\/?p=126469"},"modified":"2020-02-04T09:59:47","modified_gmt":"2020-02-04T06:59:47","slug":"az%c9%99rbaycanda-d%c9%99hs%c9%99tli-hadis%c9%99-m%c9%99kt%c9%99bli-oldu","status":"publish","type":"post","link":"https:\/\/arantv.az\/?p=126469","title":{"rendered":"Az\u0259rbaycanda d\u0259h\u015f\u0259tli hadis\u0259 &#8211; M\u0259kt\u0259bli \u00f6ld\u00fc"},"content":{"rendered":"<p>G\u0259d\u0259b\u0259y rayonunda \u00f6l\u00fcml\u0259 n\u0259tic\u0259l\u0259n\u0259n yol q\u0259zas\u0131 ba\u015f verib.<\/p>\n<p><strong>ARANTV.AZ<\/strong> x\u0259b\u0259r verir ki, d\u00fcn\u0259n saat 12 rad\u0259l\u0259rind\u0259 rayonun Z\u0259hm\u0259tk\u0259nd k\u0259ndi \u0259razisind\u0259 Sad\u0131q Musayev idar\u0259 etdiyi \u201cVaz 21213\u201d markal\u0131 avtomobil il\u0259 16 ya\u015fl\u0131 \u018fliyev Bayram F\u00fczuli o\u011flunu vurub.<\/p>\n<p>M\u0259kt\u0259bli ald\u0131\u011f\u0131 x\u0259sar\u0259tl\u0259rd\u0259n hadis\u0259 yerind\u0259 \u00f6l\u00fcb.<\/p>\n<p>Faktla ba\u011fl\u0131 cinay\u0259t i\u015fi a\u00e7\u0131l\u0131b, ara\u015fd\u0131rma apar\u0131l\u0131r.Publika.az<\/p>\n","protected":false},"excerpt":{"rendered":"<p>G\u0259d\u0259b\u0259y rayonunda \u00f6l\u00fcml\u0259 n\u0259tic\u0259l\u0259n\u0259n yol q\u0259zas\u0131 ba\u015f verib. ARANTV.AZ x\u0259b\u0259r verir ki, d\u00fcn\u0259n saat 12 rad\u0259l\u0259rind\u0259 rayonun Z\u0259hm\u0259tk\u0259nd k\u0259ndi \u0259razisind\u0259 Sad\u0131q Musayev idar\u0259 etdiyi \u201cVaz 21213\u201d markal\u0131 avtomobil il\u0259 16 ya\u015fl\u0131 \u018fliyev Bayram F\u00fczuli o\u011flunu vurub. M\u0259kt\u0259bli ald\u0131\u011f\u0131 x\u0259sar\u0259tl\u0259rd\u0259n hadis\u0259 yerind\u0259 \u00f6l\u00fcb. Faktla ba\u011fl\u0131 cinay\u0259t i\u015fi a\u00e7\u0131l\u0131b, ara\u015fd\u0131rma apar\u0131l\u0131r.Publika.az<\/p>\n","protected":false},"author":2,"featured_media":126470,"comment_status":"closed","ping_status":"closed","sticky":false,"template":"","format":"standard","meta":{"om_disable_all_campaigns":false,"_monsterinsights_skip_tracking":false,"_monsterinsights_sitenote_active":false,"_monsterinsights_sitenote_note":"","_monsterinsights_sitenote_category":0},"categories":[5],"tags":[],"aioseo_notices":[],"gutentor_comment":0,"rttpg_featured_image_url":{"full":["https:\/\/arantv.az\/wp-content\/uploads\/2020\/02\/mektebli_21580798951.jpg",649,365,false],"landscape":["https:\/\/arantv.az\/wp-content\/uploads\/2020\/02\/mektebli_21580798951.jpg",649,365,false],"portraits":["https:\/\/arantv.az\/wp-content\/uploads\/2020\/02\/mektebli_21580798951.jpg",649,365,false],"thumbnail":["https:\/\/arantv.az\/wp-content\/uploads\/2020\/02\/mektebli_21580798951-150x150.jpg",150,150,true],"medium":["https:\/\/arantv.az\/wp-content\/uploads\/2020\/02\/mektebli_21580798951-300x169.jpg",300,169,true],"large":["https:\/\/arantv.az\/wp-content\/uploads\/2020\/02\/mektebli_21580798951.jpg",640,360,false],"1536x1536":["https:\/\/arantv.az\/wp-content\/uploads\/2020\/02\/mektebli_21580798951.jpg",649,365,false],"2048x2048":["https:\/\/arantv.az\/wp-content\/uploads\/2020\/02\/mektebli_21580798951.jpg",649,365,false],"post-thumbnail":["https:\/\/arantv.az\/wp-content\/uploads\/2020\/02\/mektebli_21580798951-240x172.jpg",240,172,true],"advps-thumb-one":["https:\/\/arantv.az\/wp-content\/uploads\/2020\/02\/mektebli_21580798951.jpg",649,365,false]},"rttpg_author":{"display_name":"V\u00fcsal Rafiqo\u011flu","author_link":"https:\/\/arantv.az\/?author=2"},"rttpg_comment":0,"rttpg_category":"<a href=\"https:\/\/arantv.az\/?cat=5\" rel=\"category\">Hadis\u0259<\/a>","rttpg_excerpt":"G\u0259d\u0259b\u0259y rayonunda \u00f6l\u00fcml\u0259 n\u0259tic\u0259l\u0259n\u0259n yol q\u0259zas\u0131 ba\u015f verib. ARANTV.AZ x\u0259b\u0259r verir ki, d\u00fcn\u0259n saat 12 rad\u0259l\u0259rind\u0259 rayonun Z\u0259hm\u0259tk\u0259nd k\u0259ndi \u0259razisind\u0259 Sad\u0131q Musayev idar\u0259 etdiyi \u201cVaz 21213\u201d markal\u0131 avtomobil il\u0259 16 ya\u015fl\u0131 \u018fliyev Bayram F\u00fczuli o\u011flunu vurub. M\u0259kt\u0259bli ald\u0131\u011f\u0131 x\u0259sar\u0259tl\u0259rd\u0259n hadis\u0259 yerind\u0259 \u00f6l\u00fcb. Faktla ba\u011fl\u0131 cinay\u0259t i\u015fi a\u00e7\u0131l\u0131b, ara\u015fd\u0131rma apar\u0131l\u0131r.Publika.az","_links":{"self":[{"href":"https:\/\/arantv.az\/index.php?rest_route=\/wp\/v2\/posts\/126469"}],"collection":[{"href":"https:\/\/arantv.az\/index.php?rest_route=\/wp\/v2\/posts"}],"about":[{"href":"https:\/\/arantv.az\/index.php?rest_route=\/wp\/v2\/types\/post"}],"author":[{"embeddable":true,"href":"https:\/\/arantv.az\/index.php?rest_route=\/wp\/v2\/users\/2"}],"replies":[{"embeddable":true,"href":"https:\/\/arantv.az\/index.php?rest_route=%2Fwp%2Fv2%2Fcomments&post=126469"}],"version-history":[{"count":0,"href":"https:\/\/arantv.az\/index.php?rest_route=\/wp\/v2\/posts\/126469\/revisions"}],"wp:featuredmedia":[{"embeddable":true,"href":"https:\/\/arantv.az\/index.php?rest_route=\/wp\/v2\/media\/126470"}],"wp:attachment":[{"href":"https:\/\/arantv.az\/index.php?rest_route=%2Fwp%2Fv2%2Fmedia&parent=126469"}],"wp:term":[{"taxonomy":"category","embeddable":true,"href":"https:\/\/arantv.az\/index.php?rest_route=%2Fwp%2Fv2%2Fcategories&post=126469"},{"taxonomy":"post_tag","embeddable":true,"href":"https:\/\/arantv.az\/index.php?rest_route=%2Fwp%2Fv2%2Ftags&post=126469"}],"curies":[{"name":"wp","href":"https:\/\/api.w.org\/{rel}","templated":true}]}}