{"id":126507,"date":"2020-02-04T10:33:12","date_gmt":"2020-02-04T07:33:12","guid":{"rendered":"http:\/\/arantv.az\/?p=126507"},"modified":"2020-02-04T10:33:12","modified_gmt":"2020-02-04T07:33:12","slug":"bakida-d%c9%99hs%c9%99t-agacdan-asilmis-kisi-meyiti-tapildi","status":"publish","type":"post","link":"https:\/\/arantv.az\/?p=126507","title":{"rendered":"Bak\u0131da d\u0259h\u015f\u0259t: A\u011facdan as\u0131lm\u0131\u015f ki\u015fi meyiti tap\u0131ld\u0131"},"content":{"rendered":"<p>Bak\u0131da meyit tap\u0131l\u0131b.<\/p>\n<p><strong>ARANTV.AZ<\/strong>-\u0131n m\u0259lumat\u0131na g\u00f6r\u0259, hadis\u0259 paytaxt\u0131n Yasamal rayonunda qeyd\u0259 al\u0131n\u0131b.<\/p>\n<p>Rayon sakinl\u0259rini k\u00fc\u00e7\u0259d\u0259 a\u011facdan as\u0131lm\u0131\u015f ki\u015fi meyiti a\u015fkar edibl\u0259r. D\u0259rhal bu bar\u0259d\u0259 h\u00fcquq-m\u00fchafiz\u0259 orqanlar\u0131na m\u0259lumat verilib.<\/p>\n<p>Ara\u015fd\u0131rmalar n\u0259tic\u0259sind\u0259 meyiti tap\u0131lan \u015f\u0259xsin K\u00fcrd\u0259mir rayon sakini,\u00a01976-c\u0131 il t\u0259v\u0259ll\u00fcdl\u00fc B\u0259d\u0259lov Elxan Telman o\u011flu olmas\u0131 m\u00fc\u0259yy\u0259n edilib.<\/p>\n<p>Faktla ba\u011fl\u0131 Yasamal rayon Prokurorlu\u011funda ara\u015fd\u0131rma apar\u0131l\u0131r.APA<\/p>\n","protected":false},"excerpt":{"rendered":"<p>Bak\u0131da meyit tap\u0131l\u0131b. ARANTV.AZ-\u0131n m\u0259lumat\u0131na g\u00f6r\u0259, hadis\u0259 paytaxt\u0131n Yasamal rayonunda qeyd\u0259 al\u0131n\u0131b. Rayon sakinl\u0259rini k\u00fc\u00e7\u0259d\u0259 a\u011facdan as\u0131lm\u0131\u015f ki\u015fi meyiti a\u015fkar edibl\u0259r. D\u0259rhal bu bar\u0259d\u0259 h\u00fcquq-m\u00fchafiz\u0259 orqanlar\u0131na m\u0259lumat verilib. Ara\u015fd\u0131rmalar n\u0259tic\u0259sind\u0259 meyiti tap\u0131lan \u015f\u0259xsin K\u00fcrd\u0259mir rayon sakini,\u00a01976-c\u0131 il t\u0259v\u0259ll\u00fcdl\u00fc B\u0259d\u0259lov Elxan Telman o\u011flu olmas\u0131 m\u00fc\u0259yy\u0259n edilib. Faktla ba\u011fl\u0131 Yasamal rayon Prokurorlu\u011funda ara\u015fd\u0131rma apar\u0131l\u0131r.APA<\/p>\n","protected":false},"author":2,"featured_media":126508,"comment_status":"closed","ping_status":"closed","sticky":false,"template":"","format":"standard","meta":{"om_disable_all_campaigns":false,"_monsterinsights_skip_tracking":false,"_monsterinsights_sitenote_active":false,"_monsterinsights_sitenote_note":"","_monsterinsights_sitenote_category":0},"categories":[5],"tags":[],"aioseo_notices":[],"gutentor_comment":0,"rttpg_featured_image_url":{"full":["https:\/\/arantv.az\/wp-content\/uploads\/2020\/02\/unnamed-3.jpg",512,341,false],"landscape":["https:\/\/arantv.az\/wp-content\/uploads\/2020\/02\/unnamed-3.jpg",512,341,false],"portraits":["https:\/\/arantv.az\/wp-content\/uploads\/2020\/02\/unnamed-3.jpg",512,341,false],"thumbnail":["https:\/\/arantv.az\/wp-content\/uploads\/2020\/02\/unnamed-3-150x150.jpg",150,150,true],"medium":["https:\/\/arantv.az\/wp-content\/uploads\/2020\/02\/unnamed-3-300x200.jpg",300,200,true],"large":["https:\/\/arantv.az\/wp-content\/uploads\/2020\/02\/unnamed-3.jpg",512,341,false],"1536x1536":["https:\/\/arantv.az\/wp-content\/uploads\/2020\/02\/unnamed-3.jpg",512,341,false],"2048x2048":["https:\/\/arantv.az\/wp-content\/uploads\/2020\/02\/unnamed-3.jpg",512,341,false],"post-thumbnail":["https:\/\/arantv.az\/wp-content\/uploads\/2020\/02\/unnamed-3-240x172.jpg",240,172,true],"advps-thumb-one":["https:\/\/arantv.az\/wp-content\/uploads\/2020\/02\/unnamed-3.jpg",512,341,false]},"rttpg_author":{"display_name":"V\u00fcsal Rafiqo\u011flu","author_link":"https:\/\/arantv.az\/?author=2"},"rttpg_comment":0,"rttpg_category":"<a href=\"https:\/\/arantv.az\/?cat=5\" rel=\"category\">Hadis\u0259<\/a>","rttpg_excerpt":"Bak\u0131da meyit tap\u0131l\u0131b. ARANTV.AZ-\u0131n m\u0259lumat\u0131na g\u00f6r\u0259, hadis\u0259 paytaxt\u0131n Yasamal rayonunda qeyd\u0259 al\u0131n\u0131b. Rayon sakinl\u0259rini k\u00fc\u00e7\u0259d\u0259 a\u011facdan as\u0131lm\u0131\u015f ki\u015fi meyiti a\u015fkar edibl\u0259r. D\u0259rhal bu bar\u0259d\u0259 h\u00fcquq-m\u00fchafiz\u0259 orqanlar\u0131na m\u0259lumat verilib. Ara\u015fd\u0131rmalar n\u0259tic\u0259sind\u0259 meyiti tap\u0131lan \u015f\u0259xsin K\u00fcrd\u0259mir rayon sakini,\u00a01976-c\u0131 il t\u0259v\u0259ll\u00fcdl\u00fc B\u0259d\u0259lov Elxan Telman o\u011flu olmas\u0131 m\u00fc\u0259yy\u0259n edilib. Faktla ba\u011fl\u0131 Yasamal rayon Prokurorlu\u011funda ara\u015fd\u0131rma apar\u0131l\u0131r.APA","_links":{"self":[{"href":"https:\/\/arantv.az\/index.php?rest_route=\/wp\/v2\/posts\/126507"}],"collection":[{"href":"https:\/\/arantv.az\/index.php?rest_route=\/wp\/v2\/posts"}],"about":[{"href":"https:\/\/arantv.az\/index.php?rest_route=\/wp\/v2\/types\/post"}],"author":[{"embeddable":true,"href":"https:\/\/arantv.az\/index.php?rest_route=\/wp\/v2\/users\/2"}],"replies":[{"embeddable":true,"href":"https:\/\/arantv.az\/index.php?rest_route=%2Fwp%2Fv2%2Fcomments&post=126507"}],"version-history":[{"count":0,"href":"https:\/\/arantv.az\/index.php?rest_route=\/wp\/v2\/posts\/126507\/revisions"}],"wp:featuredmedia":[{"embeddable":true,"href":"https:\/\/arantv.az\/index.php?rest_route=\/wp\/v2\/media\/126508"}],"wp:attachment":[{"href":"https:\/\/arantv.az\/index.php?rest_route=%2Fwp%2Fv2%2Fmedia&parent=126507"}],"wp:term":[{"taxonomy":"category","embeddable":true,"href":"https:\/\/arantv.az\/index.php?rest_route=%2Fwp%2Fv2%2Fcategories&post=126507"},{"taxonomy":"post_tag","embeddable":true,"href":"https:\/\/arantv.az\/index.php?rest_route=%2Fwp%2Fv2%2Ftags&post=126507"}],"curies":[{"name":"wp","href":"https:\/\/api.w.org\/{rel}","templated":true}]}}