{"id":126556,"date":"2020-02-04T10:59:58","date_gmt":"2020-02-04T07:59:58","guid":{"rendered":"http:\/\/arantv.az\/?p=126556"},"modified":"2020-02-04T10:59:58","modified_gmt":"2020-02-04T07:59:58","slug":"agcab%c9%99did%c9%99-avtomobil-asib-iki-qardasdan-biri-oldu-foto","status":"publish","type":"post","link":"https:\/\/arantv.az\/?p=126556","title":{"rendered":"A\u011fcab\u0259did\u0259 avtomobil a\u015f\u0131b, iki qarda\u015fdan biri \u00f6ld\u00fc &#8211; FOTO"},"content":{"rendered":"<p>A\u011fcab\u0259did\u0259 \u00f6l\u00fcml\u0259 n\u0259tic\u0259l\u0259n\u0259n yol q\u0259zas\u0131 ba\u015f verib.<\/p>\n<p>APA-n\u0131n yerli b\u00fcrosunun x\u0259b\u0259rin\u0259 g\u00f6r\u0259, hadis\u0259 rayonun \u015e\u0259r\u0259fxanl\u0131 k\u0259ndi \u0259razisind\u0259 qeyd\u0259 al\u0131n\u0131b. 1998-ci il t\u0259v\u0259ll\u00fcdl\u00fc \u018fliyev \u015eam\u0259ddin Niyam\u0259ddin o\u011flunun idar\u0259 etdiyi &#8220;Mercedes&#8221; markal\u0131 minik avtomobili idar\u0259etm\u0259d\u0259n \u00e7\u0131xaraq a\u015f\u0131b. N\u0259tic\u0259d\u0259 avtomobild\u0259 olan s\u0259rni\u015fin, 15 ya\u015fl\u0131 \u018fliyev N\u0259cim\u0259ddin Niyam\u0259ddin o\u011flu ald\u0131\u011f\u0131 x\u0259sar\u0259td\u0259n hadis\u0259 yerind\u0259 \u00f6l\u00fcb. X\u0259sar\u0259t alan s\u00fcr\u00fcc\u00fc is\u0259 B\u0259rd\u0259 M\u0259rk\u0259zi Rayon X\u0259st\u0259xanas\u0131na yerl\u0259\u015fdirilib.<br \/>\n<img class=\"imgbcode\" src=\"https:\/\/sonxeber.az\/uploads\/1580801814605_s7tuifnj.jpg\" alt=\"A\u011fcab\u0259did\u0259 avtomobil a\u015f\u0131b, iki qarda\u015fdan biri \u00f6ld\u00fc - FOTO\" \/><img class=\"imgbcode\" src=\"https:\/\/sonxeber.az\/uploads\/1580801813993_vewtbua6.jpg\" alt=\"A\u011fcab\u0259did\u0259 avtomobil a\u015f\u0131b, iki qarda\u015fdan biri \u00f6ld\u00fc - FOTO\" \/><\/p>\n","protected":false},"excerpt":{"rendered":"<p>A\u011fcab\u0259did\u0259 \u00f6l\u00fcml\u0259 n\u0259tic\u0259l\u0259n\u0259n yol q\u0259zas\u0131 ba\u015f verib. APA-n\u0131n yerli b\u00fcrosunun x\u0259b\u0259rin\u0259 g\u00f6r\u0259, hadis\u0259 rayonun \u015e\u0259r\u0259fxanl\u0131 k\u0259ndi \u0259razisind\u0259 qeyd\u0259 al\u0131n\u0131b. 1998-ci il t\u0259v\u0259ll\u00fcdl\u00fc \u018fliyev \u015eam\u0259ddin Niyam\u0259ddin o\u011flunun idar\u0259 etdiyi &#8220;Mercedes&#8221; markal\u0131 minik avtomobili idar\u0259etm\u0259d\u0259n \u00e7\u0131xaraq a\u015f\u0131b. N\u0259tic\u0259d\u0259 avtomobild\u0259 olan s\u0259rni\u015fin, 15 ya\u015fl\u0131 \u018fliyev N\u0259cim\u0259ddin Niyam\u0259ddin o\u011flu ald\u0131\u011f\u0131 x\u0259sar\u0259td\u0259n hadis\u0259 yerind\u0259 \u00f6l\u00fcb. X\u0259sar\u0259t alan s\u00fcr\u00fcc\u00fc is\u0259 B\u0259rd\u0259 M\u0259rk\u0259zi Rayon X\u0259st\u0259xanas\u0131na yerl\u0259\u015fdirilib.<\/p>\n","protected":false},"author":2,"featured_media":126557,"comment_status":"closed","ping_status":"closed","sticky":false,"template":"","format":"standard","meta":{"om_disable_all_campaigns":false,"_monsterinsights_skip_tracking":false,"_monsterinsights_sitenote_active":false,"_monsterinsights_sitenote_note":"","_monsterinsights_sitenote_category":0},"categories":[5],"tags":[],"aioseo_notices":[],"gutentor_comment":0,"rttpg_featured_image_url":{"full":["https:\/\/arantv.az\/wp-content\/uploads\/2020\/02\/1580801813175_ra2mvkjg.jpg",549,366,false],"landscape":["https:\/\/arantv.az\/wp-content\/uploads\/2020\/02\/1580801813175_ra2mvkjg.jpg",549,366,false],"portraits":["https:\/\/arantv.az\/wp-content\/uploads\/2020\/02\/1580801813175_ra2mvkjg.jpg",549,366,false],"thumbnail":["https:\/\/arantv.az\/wp-content\/uploads\/2020\/02\/1580801813175_ra2mvkjg-150x150.jpg",150,150,true],"medium":["https:\/\/arantv.az\/wp-content\/uploads\/2020\/02\/1580801813175_ra2mvkjg-300x200.jpg",300,200,true],"large":["https:\/\/arantv.az\/wp-content\/uploads\/2020\/02\/1580801813175_ra2mvkjg.jpg",549,366,false],"1536x1536":["https:\/\/arantv.az\/wp-content\/uploads\/2020\/02\/1580801813175_ra2mvkjg.jpg",549,366,false],"2048x2048":["https:\/\/arantv.az\/wp-content\/uploads\/2020\/02\/1580801813175_ra2mvkjg.jpg",549,366,false],"post-thumbnail":["https:\/\/arantv.az\/wp-content\/uploads\/2020\/02\/1580801813175_ra2mvkjg-240x172.jpg",240,172,true],"advps-thumb-one":["https:\/\/arantv.az\/wp-content\/uploads\/2020\/02\/1580801813175_ra2mvkjg.jpg",549,366,false]},"rttpg_author":{"display_name":"V\u00fcsal Rafiqo\u011flu","author_link":"https:\/\/arantv.az\/?author=2"},"rttpg_comment":0,"rttpg_category":"<a href=\"https:\/\/arantv.az\/?cat=5\" rel=\"category\">Hadis\u0259<\/a>","rttpg_excerpt":"A\u011fcab\u0259did\u0259 \u00f6l\u00fcml\u0259 n\u0259tic\u0259l\u0259n\u0259n yol q\u0259zas\u0131 ba\u015f verib. APA-n\u0131n yerli b\u00fcrosunun x\u0259b\u0259rin\u0259 g\u00f6r\u0259, hadis\u0259 rayonun \u015e\u0259r\u0259fxanl\u0131 k\u0259ndi \u0259razisind\u0259 qeyd\u0259 al\u0131n\u0131b. 1998-ci il t\u0259v\u0259ll\u00fcdl\u00fc \u018fliyev \u015eam\u0259ddin Niyam\u0259ddin o\u011flunun idar\u0259 etdiyi &#8220;Mercedes&#8221; markal\u0131 minik avtomobili idar\u0259etm\u0259d\u0259n \u00e7\u0131xaraq a\u015f\u0131b. N\u0259tic\u0259d\u0259 avtomobild\u0259 olan s\u0259rni\u015fin, 15 ya\u015fl\u0131 \u018fliyev N\u0259cim\u0259ddin Niyam\u0259ddin o\u011flu ald\u0131\u011f\u0131 x\u0259sar\u0259td\u0259n hadis\u0259 yerind\u0259 \u00f6l\u00fcb. X\u0259sar\u0259t alan s\u00fcr\u00fcc\u00fc is\u0259 B\u0259rd\u0259&hellip;","_links":{"self":[{"href":"https:\/\/arantv.az\/index.php?rest_route=\/wp\/v2\/posts\/126556"}],"collection":[{"href":"https:\/\/arantv.az\/index.php?rest_route=\/wp\/v2\/posts"}],"about":[{"href":"https:\/\/arantv.az\/index.php?rest_route=\/wp\/v2\/types\/post"}],"author":[{"embeddable":true,"href":"https:\/\/arantv.az\/index.php?rest_route=\/wp\/v2\/users\/2"}],"replies":[{"embeddable":true,"href":"https:\/\/arantv.az\/index.php?rest_route=%2Fwp%2Fv2%2Fcomments&post=126556"}],"version-history":[{"count":0,"href":"https:\/\/arantv.az\/index.php?rest_route=\/wp\/v2\/posts\/126556\/revisions"}],"wp:featuredmedia":[{"embeddable":true,"href":"https:\/\/arantv.az\/index.php?rest_route=\/wp\/v2\/media\/126557"}],"wp:attachment":[{"href":"https:\/\/arantv.az\/index.php?rest_route=%2Fwp%2Fv2%2Fmedia&parent=126556"}],"wp:term":[{"taxonomy":"category","embeddable":true,"href":"https:\/\/arantv.az\/index.php?rest_route=%2Fwp%2Fv2%2Fcategories&post=126556"},{"taxonomy":"post_tag","embeddable":true,"href":"https:\/\/arantv.az\/index.php?rest_route=%2Fwp%2Fv2%2Ftags&post=126556"}],"curies":[{"name":"wp","href":"https:\/\/api.w.org\/{rel}","templated":true}]}}