{"id":126560,"date":"2020-02-04T11:02:03","date_gmt":"2020-02-04T08:02:03","guid":{"rendered":"http:\/\/arantv.az\/?p=126560"},"modified":"2020-02-04T11:02:03","modified_gmt":"2020-02-04T08:02:03","slug":"novruz-bayraminda-bir-h%c9%99ft%c9%99-is-olmayacaq","status":"publish","type":"post","link":"https:\/\/arantv.az\/?p=126560","title":{"rendered":"Novruz bayram\u0131nda bir h\u0259ft\u0259 i\u015f olmayacaq"},"content":{"rendered":"<p>Bu il Novruz bayram\u0131nda bir h\u0259ft\u0259 i\u015f olmayacaq.<\/p>\n<p><strong>ARANTV.AZ<\/strong> bildirir ki, Nazirl\u0259r Kabinetinin 2 dekabr 2019-cu il tarixli q\u0259rar\u0131na \u0259sas\u0259n, 2020-ci il mart\u0131n 20-si, 21-i, 22-si, 23-\u00fc, 24-\u00fc Novruz bayram\u0131d\u0131r.<\/p>\n<p>Bu il 21, 22 mart tarixl\u0259ri \u015f\u0259nb\u0259 v\u0259 bazar g\u00fcnl\u0259rin\u0259 t\u0259sad\u00fcf etdiyi \u00fc\u00e7\u00fcn \u018fm\u0259k M\u0259c\u0259ll\u0259sin\u0259 \u0259sas\u0259n, 25, 26 mart tarixl\u0259ri qeyri-i\u015f g\u00fcn\u00fcd\u00fcr.<\/p>\n<div><\/div>\n<p>Bel\u0259likl\u0259, bu il mart\u0131n 20-si, 21-i, 22-si, 23-\u00fc, 24-\u00fc, 25-i v\u0259 26-da i\u015f olmayacaq.<\/p>\n<p>Eyni zamanda 8 mart &#8211; Beyn\u0259lxalq Qad\u0131nlar G\u00fcn\u00fc bazar g\u00fcn\u00fcn\u0259 t\u0259sad\u00fcf etdiyind\u0259n \u018fm\u0259k M\u0259c\u0259ll\u0259sin\u0259 \u0259sas\u0259n, mart\u0131n 9-u qeyri-i\u015f g\u00fcn\u00fc olacaq.APA<\/p>\n","protected":false},"excerpt":{"rendered":"<p>Bu il Novruz bayram\u0131nda bir h\u0259ft\u0259 i\u015f olmayacaq. ARANTV.AZ bildirir ki, Nazirl\u0259r Kabinetinin 2 dekabr 2019-cu il tarixli q\u0259rar\u0131na \u0259sas\u0259n, 2020-ci il mart\u0131n 20-si, 21-i, 22-si, 23-\u00fc, 24-\u00fc Novruz bayram\u0131d\u0131r. Bu il 21, 22 mart tarixl\u0259ri \u015f\u0259nb\u0259 v\u0259 bazar g\u00fcnl\u0259rin\u0259 t\u0259sad\u00fcf etdiyi \u00fc\u00e7\u00fcn \u018fm\u0259k M\u0259c\u0259ll\u0259sin\u0259 \u0259sas\u0259n, 25, 26 mart tarixl\u0259ri qeyri-i\u015f g\u00fcn\u00fcd\u00fcr. Bel\u0259likl\u0259, bu il mart\u0131n 20-si, 21-i, 22-si, 23-\u00fc, 24-\u00fc, 25-i v\u0259 26-da i\u015f olmayacaq. Eyni zamanda 8 mart &#8211; Beyn\u0259lxalq Qad\u0131nlar G\u00fcn\u00fc bazar g\u00fcn\u00fcn\u0259 t\u0259sad\u00fcf etdiyind\u0259n \u018fm\u0259k M\u0259c\u0259ll\u0259sin\u0259 \u0259sas\u0259n, mart\u0131n 9-u qeyri-i\u015f g\u00fcn\u00fc olacaq.APA<\/p>\n","protected":false},"author":2,"featured_media":126561,"comment_status":"closed","ping_status":"closed","sticky":false,"template":"","format":"standard","meta":{"om_disable_all_campaigns":false,"_monsterinsights_skip_tracking":false,"_monsterinsights_sitenote_active":false,"_monsterinsights_sitenote_note":"","_monsterinsights_sitenote_category":0},"categories":[1],"tags":[],"aioseo_notices":[],"gutentor_comment":0,"rttpg_featured_image_url":{"full":["https:\/\/arantv.az\/wp-content\/uploads\/2020\/02\/kalen.jpg",900,541,false],"landscape":["https:\/\/arantv.az\/wp-content\/uploads\/2020\/02\/kalen.jpg",900,541,false],"portraits":["https:\/\/arantv.az\/wp-content\/uploads\/2020\/02\/kalen.jpg",900,541,false],"thumbnail":["https:\/\/arantv.az\/wp-content\/uploads\/2020\/02\/kalen-150x150.jpg",150,150,true],"medium":["https:\/\/arantv.az\/wp-content\/uploads\/2020\/02\/kalen-300x180.jpg",300,180,true],"large":["https:\/\/arantv.az\/wp-content\/uploads\/2020\/02\/kalen.jpg",640,385,false],"1536x1536":["https:\/\/arantv.az\/wp-content\/uploads\/2020\/02\/kalen.jpg",900,541,false],"2048x2048":["https:\/\/arantv.az\/wp-content\/uploads\/2020\/02\/kalen.jpg",900,541,false],"post-thumbnail":["https:\/\/arantv.az\/wp-content\/uploads\/2020\/02\/kalen-240x172.jpg",240,172,true],"advps-thumb-one":["https:\/\/arantv.az\/wp-content\/uploads\/2020\/02\/kalen.jpg",900,541,false]},"rttpg_author":{"display_name":"V\u00fcsal Rafiqo\u011flu","author_link":"https:\/\/arantv.az\/?author=2"},"rttpg_comment":0,"rttpg_category":"<a href=\"https:\/\/arantv.az\/?cat=1\" rel=\"category\">C\u0259miyy\u0259t<\/a>","rttpg_excerpt":"Bu il Novruz bayram\u0131nda bir h\u0259ft\u0259 i\u015f olmayacaq. ARANTV.AZ bildirir ki, Nazirl\u0259r Kabinetinin 2 dekabr 2019-cu il tarixli q\u0259rar\u0131na \u0259sas\u0259n, 2020-ci il mart\u0131n 20-si, 21-i, 22-si, 23-\u00fc, 24-\u00fc Novruz bayram\u0131d\u0131r. Bu il 21, 22 mart tarixl\u0259ri \u015f\u0259nb\u0259 v\u0259 bazar g\u00fcnl\u0259rin\u0259 t\u0259sad\u00fcf etdiyi \u00fc\u00e7\u00fcn \u018fm\u0259k M\u0259c\u0259ll\u0259sin\u0259 \u0259sas\u0259n, 25, 26 mart tarixl\u0259ri qeyri-i\u015f g\u00fcn\u00fcd\u00fcr. Bel\u0259likl\u0259, bu il&hellip;","_links":{"self":[{"href":"https:\/\/arantv.az\/index.php?rest_route=\/wp\/v2\/posts\/126560"}],"collection":[{"href":"https:\/\/arantv.az\/index.php?rest_route=\/wp\/v2\/posts"}],"about":[{"href":"https:\/\/arantv.az\/index.php?rest_route=\/wp\/v2\/types\/post"}],"author":[{"embeddable":true,"href":"https:\/\/arantv.az\/index.php?rest_route=\/wp\/v2\/users\/2"}],"replies":[{"embeddable":true,"href":"https:\/\/arantv.az\/index.php?rest_route=%2Fwp%2Fv2%2Fcomments&post=126560"}],"version-history":[{"count":0,"href":"https:\/\/arantv.az\/index.php?rest_route=\/wp\/v2\/posts\/126560\/revisions"}],"wp:featuredmedia":[{"embeddable":true,"href":"https:\/\/arantv.az\/index.php?rest_route=\/wp\/v2\/media\/126561"}],"wp:attachment":[{"href":"https:\/\/arantv.az\/index.php?rest_route=%2Fwp%2Fv2%2Fmedia&parent=126560"}],"wp:term":[{"taxonomy":"category","embeddable":true,"href":"https:\/\/arantv.az\/index.php?rest_route=%2Fwp%2Fv2%2Fcategories&post=126560"},{"taxonomy":"post_tag","embeddable":true,"href":"https:\/\/arantv.az\/index.php?rest_route=%2Fwp%2Fv2%2Ftags&post=126560"}],"curies":[{"name":"wp","href":"https:\/\/api.w.org\/{rel}","templated":true}]}}