{"id":126568,"date":"2020-02-04T11:10:40","date_gmt":"2020-02-04T08:10:40","guid":{"rendered":"http:\/\/arantv.az\/?p=126568"},"modified":"2020-02-04T11:10:40","modified_gmt":"2020-02-04T08:10:40","slug":"s%c9%99t-musahid%c9%99-missiyasi-az%c9%99rbaycanda-f%c9%99aliyy%c9%99t%c9%99-basladi","status":"publish","type":"post","link":"https:\/\/arantv.az\/?p=126568","title":{"rendered":"\u015e\u018fT m\u00fc\u015fahid\u0259 missiyas\u0131 Az\u0259rbaycanda f\u0259aliyy\u0259t\u0259 ba\u015flad\u0131"},"content":{"rendered":"<p>Az\u0259rbaycan Xarici \u0130\u015fl\u0259r Nazirliyinin d\u0259v\u0259ti il\u0259 fevral\u0131n 3-d\u0259 \u015eanxay \u018fm\u0259kda\u015fl\u0131q T\u0259\u015fkilat\u0131n\u0131n (\u015e\u018fT) m\u00fc\u015fahid\u0259 missiyas\u0131 Az\u0259rbaycan Parlamentin\u0259 9 fevral 2020-ci ild\u0259 ke\u00e7iril\u0259c\u0259k n\u00f6vb\u0259d\u0259nk\u0259nar se\u00e7kil\u0259r\u0259 haz\u0131rl\u0131\u011f\u0131n gedi\u015fi v\u0259 ke\u00e7irilm\u0259si il\u0259 ba\u011fl\u0131 m\u00fc\u015fahid\u0259y\u0259\u00a0ba\u015flay\u0131b.<\/p>\n<p>T\u0259\u015fkilat\u0131n r\u0259smi sayt\u0131nda yay\u0131mlanan m\u0259lumatda bildirilir ki, missiyaya \u015e\u018fT Ba\u015f katibinin m\u00fcavini \u015eos \u015eerali Conon r\u0259hb\u0259rlik edir.<\/p>\n<p>Missiyan\u0131n t\u0259rkibin\u0259 \u015e\u018fT-\u0259 \u00fczv d\u00f6vl\u0259tl\u0259rinin qanunverici, icra v\u0259 se\u00e7ki orqanlar\u0131n\u0131n n\u00fcmay\u0259nd\u0259l\u0259ri, h\u0259m\u00e7inin \u015e\u018fT Katibliyinin v\u0259zif\u0259li \u015f\u0259xsl\u0259ri daxil edilib.<\/p>\n<p>Missiya \u00fczvl\u0259ri Az\u0259rbaycan\u0131n paytaxt\u0131 Bak\u0131da v\u0259 Ab\u015feron yar\u0131madas\u0131n\u0131n ya\u015fay\u0131\u015f m\u0259nt\u0259q\u0259l\u0259rind\u0259, Sumqay\u0131t, \u015eirvan \u015f\u0259h\u0259rl\u0259rind\u0259, h\u0259m\u00e7inin onlara biti\u015fik \u0259razil\u0259rd\u0259 m\u00fc\u015fahid\u0259 aparacaqlar.<\/p>\n<p>Missiyan\u0131n i\u015fi se\u00e7ki m\u0259nt\u0259q\u0259l\u0259rinin haz\u0131rl\u0131\u011f\u0131n\u0131n \u00f6yr\u0259nilm\u0259si, s\u0259sverm\u0259 prosesinin, se\u00e7ki kampaniyas\u0131n\u0131n t\u0259\u015fkilinin, s\u0259sl\u0259rin say\u0131lmas\u0131n\u0131n m\u00fc\u015fahid\u0259si, habel\u0259 s\u0259s vermi\u015f se\u00e7icil\u0259rin, namiz\u0259dl\u0259rin n\u00fcmay\u0259nd\u0259l\u0259rinin v\u0259 dig\u0259r m\u00fc\u015fahid\u0259\u00e7il\u0259rin sor\u011fular\u0131na y\u00f6n\u0259l\u0259c\u0259k.<\/p>\n<p>\u015e\u018fT missiyas\u0131 \u201cPrezident v\u0259\/v\u0259 ya parlament se\u00e7kil\u0259rind\u0259, h\u0259m\u00e7inin referendumlarda \u015e\u018fT-in m\u00fc\u015fahid\u0259 missiyas\u0131 haqq\u0131nda\u201d \u0259sasnam\u0259y\u0259 uy\u011fun olaraq 3-10 fevral 2020-ci il tarixl\u0259rind\u0259 Az\u0259rbaycanda f\u0259aliyy\u0259t g\u00f6st\u0259r\u0259c\u0259k.<\/p>\n","protected":false},"excerpt":{"rendered":"<p>Az\u0259rbaycan Xarici \u0130\u015fl\u0259r Nazirliyinin d\u0259v\u0259ti il\u0259 fevral\u0131n 3-d\u0259 \u015eanxay \u018fm\u0259kda\u015fl\u0131q T\u0259\u015fkilat\u0131n\u0131n (\u015e\u018fT) m\u00fc\u015fahid\u0259 missiyas\u0131 Az\u0259rbaycan Parlamentin\u0259 9 fevral 2020-ci ild\u0259 ke\u00e7iril\u0259c\u0259k n\u00f6vb\u0259d\u0259nk\u0259nar se\u00e7kil\u0259r\u0259 haz\u0131rl\u0131\u011f\u0131n gedi\u015fi v\u0259 ke\u00e7irilm\u0259si il\u0259 ba\u011fl\u0131 m\u00fc\u015fahid\u0259y\u0259\u00a0ba\u015flay\u0131b. T\u0259\u015fkilat\u0131n r\u0259smi sayt\u0131nda yay\u0131mlanan m\u0259lumatda bildirilir ki, missiyaya \u015e\u018fT Ba\u015f katibinin m\u00fcavini \u015eos \u015eerali Conon r\u0259hb\u0259rlik edir. Missiyan\u0131n t\u0259rkibin\u0259 \u015e\u018fT-\u0259 \u00fczv d\u00f6vl\u0259tl\u0259rinin qanunverici, icra v\u0259 se\u00e7ki orqanlar\u0131n\u0131n n\u00fcmay\u0259nd\u0259l\u0259ri, h\u0259m\u00e7inin \u015e\u018fT Katibliyinin v\u0259zif\u0259li \u015f\u0259xsl\u0259ri daxil edilib. Missiya \u00fczvl\u0259ri Az\u0259rbaycan\u0131n paytaxt\u0131 Bak\u0131da v\u0259 Ab\u015feron yar\u0131madas\u0131n\u0131n ya\u015fay\u0131\u015f m\u0259nt\u0259q\u0259l\u0259rind\u0259, Sumqay\u0131t, \u015eirvan \u015f\u0259h\u0259rl\u0259rind\u0259, h\u0259m\u00e7inin onlara biti\u015fik \u0259razil\u0259rd\u0259 m\u00fc\u015fahid\u0259 aparacaqlar. Missiyan\u0131n i\u015fi se\u00e7ki m\u0259nt\u0259q\u0259l\u0259rinin haz\u0131rl\u0131\u011f\u0131n\u0131n \u00f6yr\u0259nilm\u0259si,&hellip;<\/p>\n","protected":false},"author":2,"featured_media":126571,"comment_status":"closed","ping_status":"closed","sticky":false,"template":"","format":"standard","meta":{"om_disable_all_campaigns":false,"_monsterinsights_skip_tracking":false,"_monsterinsights_sitenote_active":false,"_monsterinsights_sitenote_note":"","_monsterinsights_sitenote_category":0},"categories":[4],"tags":[],"aioseo_notices":[],"gutentor_comment":0,"rttpg_featured_image_url":{"full":["https:\/\/arantv.az\/wp-content\/uploads\/2020\/02\/download-2.jpg",295,171,false],"landscape":["https:\/\/arantv.az\/wp-content\/uploads\/2020\/02\/download-2.jpg",295,171,false],"portraits":["https:\/\/arantv.az\/wp-content\/uploads\/2020\/02\/download-2.jpg",295,171,false],"thumbnail":["https:\/\/arantv.az\/wp-content\/uploads\/2020\/02\/download-2-150x150.jpg",150,150,true],"medium":["https:\/\/arantv.az\/wp-content\/uploads\/2020\/02\/download-2.jpg",295,171,false],"large":["https:\/\/arantv.az\/wp-content\/uploads\/2020\/02\/download-2.jpg",295,171,false],"1536x1536":["https:\/\/arantv.az\/wp-content\/uploads\/2020\/02\/download-2.jpg",295,171,false],"2048x2048":["https:\/\/arantv.az\/wp-content\/uploads\/2020\/02\/download-2.jpg",295,171,false],"post-thumbnail":["https:\/\/arantv.az\/wp-content\/uploads\/2020\/02\/download-2-240x171.jpg",240,171,true],"advps-thumb-one":["https:\/\/arantv.az\/wp-content\/uploads\/2020\/02\/download-2.jpg",295,171,false]},"rttpg_author":{"display_name":"V\u00fcsal Rafiqo\u011flu","author_link":"https:\/\/arantv.az\/?author=2"},"rttpg_comment":0,"rttpg_category":"<a href=\"https:\/\/arantv.az\/?cat=4\" rel=\"category\">Siyas\u0259t<\/a>","rttpg_excerpt":"Az\u0259rbaycan Xarici \u0130\u015fl\u0259r Nazirliyinin d\u0259v\u0259ti il\u0259 fevral\u0131n 3-d\u0259 \u015eanxay \u018fm\u0259kda\u015fl\u0131q T\u0259\u015fkilat\u0131n\u0131n (\u015e\u018fT) m\u00fc\u015fahid\u0259 missiyas\u0131 Az\u0259rbaycan Parlamentin\u0259 9 fevral 2020-ci ild\u0259 ke\u00e7iril\u0259c\u0259k n\u00f6vb\u0259d\u0259nk\u0259nar se\u00e7kil\u0259r\u0259 haz\u0131rl\u0131\u011f\u0131n gedi\u015fi v\u0259 ke\u00e7irilm\u0259si il\u0259 ba\u011fl\u0131 m\u00fc\u015fahid\u0259y\u0259\u00a0ba\u015flay\u0131b. T\u0259\u015fkilat\u0131n r\u0259smi sayt\u0131nda yay\u0131mlanan m\u0259lumatda bildirilir ki, missiyaya \u015e\u018fT Ba\u015f katibinin m\u00fcavini \u015eos \u015eerali Conon r\u0259hb\u0259rlik edir. Missiyan\u0131n t\u0259rkibin\u0259 \u015e\u018fT-\u0259 \u00fczv d\u00f6vl\u0259tl\u0259rinin qanunverici, icra v\u0259&hellip;","_links":{"self":[{"href":"https:\/\/arantv.az\/index.php?rest_route=\/wp\/v2\/posts\/126568"}],"collection":[{"href":"https:\/\/arantv.az\/index.php?rest_route=\/wp\/v2\/posts"}],"about":[{"href":"https:\/\/arantv.az\/index.php?rest_route=\/wp\/v2\/types\/post"}],"author":[{"embeddable":true,"href":"https:\/\/arantv.az\/index.php?rest_route=\/wp\/v2\/users\/2"}],"replies":[{"embeddable":true,"href":"https:\/\/arantv.az\/index.php?rest_route=%2Fwp%2Fv2%2Fcomments&post=126568"}],"version-history":[{"count":0,"href":"https:\/\/arantv.az\/index.php?rest_route=\/wp\/v2\/posts\/126568\/revisions"}],"wp:featuredmedia":[{"embeddable":true,"href":"https:\/\/arantv.az\/index.php?rest_route=\/wp\/v2\/media\/126571"}],"wp:attachment":[{"href":"https:\/\/arantv.az\/index.php?rest_route=%2Fwp%2Fv2%2Fmedia&parent=126568"}],"wp:term":[{"taxonomy":"category","embeddable":true,"href":"https:\/\/arantv.az\/index.php?rest_route=%2Fwp%2Fv2%2Fcategories&post=126568"},{"taxonomy":"post_tag","embeddable":true,"href":"https:\/\/arantv.az\/index.php?rest_route=%2Fwp%2Fv2%2Ftags&post=126568"}],"curies":[{"name":"wp","href":"https:\/\/api.w.org\/{rel}","templated":true}]}}