{"id":126590,"date":"2020-02-04T11:34:36","date_gmt":"2020-02-04T08:34:36","guid":{"rendered":"http:\/\/arantv.az\/?p=126590"},"modified":"2020-02-04T11:34:36","modified_gmt":"2020-02-04T08:34:36","slug":"g%c9%99nc%c9%99d%c9%99-%c9%99sg%c9%99r-aga-goraninin-evi-sokulub-foto","status":"publish","type":"post","link":"https:\/\/arantv.az\/?p=126590","title":{"rendered":"G\u0259nc\u0259d\u0259 \u018fsg\u0259r A\u011fa Goraninin evi s\u00f6k\u00fcl\u00fcb? &#8211; FOTO"},"content":{"rendered":"<p>Sosial \u015f\u0259b\u0259k\u0259l\u0259rd\u0259 G\u0259nc\u0259nin q\u0259dim binalar\u0131ndan biri olan jurnalist, maarif\u00e7i v\u0259 ictimai xadim \u018fsg\u0259r A\u011fa Ad\u0131g\u00f6z\u0259lov Goraninin evinin s\u00f6k\u00fclm\u0259si bar\u0259d\u0259 m\u0259lumat yay\u0131l\u0131b.<\/p>\n<p>Bildirilib ki, G\u0259nc\u0259 \u015f\u0259h\u0259ri, Atat\u00fcrk prospektind\u0259 yerl\u0259\u015f\u0259n binada art\u0131q s\u00f6k\u00fcnt\u00fc i\u015fl\u0259ri ba\u015fa \u00e7at\u0131b.<\/p>\n<p>M\u0259s\u0259l\u0259 bar\u0259d\u0259 Oxu.Az-\u0131n \u0259m\u0259kda\u015f\u0131 M\u0259d\u0259niyy\u0259t Nazirliyi yan\u0131nda M\u0259d\u0259ni \u0130rsin Qorunmas\u0131, \u0130nki\u015faf\u0131 v\u0259 B\u0259rpas\u0131 \u00fczr\u0259 D\u00f6vl\u0259t Xidm\u0259ti il\u0259 \u0259laq\u0259 saxlay\u0131b.<\/p>\n<p>D\u00f6vl\u0259t Xidm\u0259tinin m\u0259tbuat katibi Fariz H\u00fcseynov\u00a0Oxu.Az-\u0131n sor\u011fusuna cavab olaraq bildirib ki, h\u0259min bina d\u00f6vl\u0259t t\u0259r\u0259find\u0259n m\u00fchafiz\u0259 olunan tarix-m\u0259d\u0259niyy\u0259t abid\u0259l\u0259ri siyah\u0131s\u0131nda deyil.<\/p>\n<p>G\u0259nc\u0259 \u015e\u0259h\u0259r \u0130cra Hakimiyytind\u0259n is\u0259 sayt\u0131m\u0131za deyilib ki, G\u0259nc\u0259nin q\u0259dim binalar\u0131ndan biri olan \u018fsg\u0259r A\u011fa Ad\u0131g\u00f6z\u0259lov Goraninin evinin s\u00f6k\u00fclm\u0259si bar\u0259d\u0259 yay\u0131lan m\u0259lumatlar h\u0259qiq\u0259ti \u0259ks etdirmir:<\/p>\n<p>\u201cAz\u0259rbaycan Milli Elml\u0259r Akademiyas\u0131n\u0131n G\u0259nc\u0259 B\u00f6lm\u0259sinin a\u00e7\u0131qlamas\u0131na g\u00f6r\u0259, s\u00f6k\u00fcl\u0259n binan\u0131n \u018fsg\u0259r A\u011fa Ad\u0131g\u00f6z\u0259lov Goraninin m\u00fclk\u00fc olmas\u0131 il\u0259 ba\u011fl\u0131 he\u00e7 bir tarixi fakt yoxdur. Arxiv s\u0259n\u0259dl\u0259rind\u0259 \u018fsg\u0259r A\u011fa Goraninin ya\u015fad\u0131\u011f\u0131 evin G\u0259nc\u0259nin ba\u015fqa hiss\u0259sind\u0259 yerl\u0259\u015fdiyi g\u00f6st\u0259rilir. H\u0259m\u00e7inin\u00a0bildir\u0259k ki, s\u00f6k\u00fcl\u0259n bina tarixi \u0259h\u0259miyy\u0259t\u0259 malik olmad\u0131\u011f\u0131ndan\u00a0M\u0259d\u0259niyy\u0259t Nazirliyi yan\u0131nda M\u0259d\u0259ni \u0130rsin Qorunmas\u0131, \u0130nki\u015faf\u0131 v\u0259 B\u0259rpas\u0131 \u00fczr\u0259 D\u00f6vl\u0259t Xidm\u0259ti t\u0259r\u0259find\u0259n yerli v\u0259 \u00f6lk\u0259 \u0259h\u0259miyy\u0259tli tarixi bina kimi qeydiyyata al\u0131nmay\u0131b\u201d.<\/p>\n<p>Qeyd ed\u0259k ki, \u018fsg\u0259r A\u011fa Gorani tarix\u00e7i Mirz\u0259 Ad\u0131g\u00f6z\u0259l b\u0259y Qaraba\u011finin n\u0259v\u0259sidir. Mirz\u0259 Ad\u0131g\u00f6z\u0259l b\u0259y Az\u0259rbaycan tarixin\u0259\u00a0\u201cQaraba\u011fnam\u0259\u201dnin m\u00fc\u0259llifi kimi m\u00fcst\u0259sna xidm\u0259til\u0259 daxil olub.<\/p>\n<p>Eyni zamanda, \u018fsg\u0259r A\u011fa b\u00f6y\u00fck maarifp\u0259rv\u0259r xidm\u0259tl\u0259ri il\u0259 tariximizd\u0259 iz qoyub. Milli teatr\u0131n yaranma\u011fa ba\u015flad\u0131\u011f\u0131 d\u00f6n\u0259md\u0259 Mirz\u0259 F\u0259t\u0259li Axundzad\u0259nin pyesl\u0259ri \u0259sas\u0131nda s\u0259hn\u0259y\u0259 qoyulan \u0259s\u0259rl\u0259rd\u0259 m\u00fcxt\u0259lif obrazlar canland\u0131r\u0131b.<\/p>\n<p>\u018fsg\u0259r A\u011fa Goraninin evinin bir m\u00fcdd\u0259t ke\u00e7mi\u015f Milli T\u0259hl\u00fck\u0259sizlik Nazirliyinin G\u0259nc\u0259d\u0259ki binas\u0131 kimi f\u0259aliyy\u0259t g\u00f6st\u0259rdiyi bildirilir.<\/p>\n<div class=\"gallery\">\n<div class=\"gallery-i\"><img src=\"https:\/\/assets.oxu.az\/uploads\/W1siZiIsIjIwMjAvMDIvMDQvMTEvMjcvMDUvMjQ2M2MwODMtYTliZC00ZGY2LTg5NDItMTQ1NzBiNTBkYzc4LzgzNTU2MDA2XzI2ODk3Mjk1MjQzOTczODNfNTQ1NTU0NDIyMzMyOTY4MTQwOF9uLmpwZyJdLFsicCIsImVuY29kZSIsImpwZyIsIi1xdWFsaXR5IDgwIl0sWyJwIiwidGh1bWIiLCI1OTB4NTkwXHUwMDNlIl1d?sha=41421670e7e0b829\" alt=\"\" \/><\/p>\n<div class=\"gallery-i-caption\"><\/div>\n<\/div>\n<div class=\"gallery-i\"><img src=\"https:\/\/assets.oxu.az\/uploads\/W1siZiIsIjIwMjAvMDIvMDQvMTEvMjcvMDUvMmVmYTljYWUtYjI0YS00YjhmLTkzMDEtNGM2ZjE0NmNiMTU5LzgyOTc4NDM2XzI2ODk3Mjk0NzEwNjQwNTVfMzMxMDI0NjE2ODIyMjQ5ODgxNl9vLmpwZyJdLFsicCIsImVuY29kZSIsImpwZyIsIi1xdWFsaXR5IDgwIl0sWyJwIiwidGh1bWIiLCI1OTB4NTkwXHUwMDNlIl1d?sha=df250c7cf5ba3f4c\" alt=\"\" \/><\/p>\n<div class=\"gallery-i-caption\"><\/div>\n<\/div>\n<div class=\"gallery-i\"><img src=\"https:\/\/assets.oxu.az\/uploads\/W1siZiIsIjIwMjAvMDIvMDQvMTEvMzIvMjYvODBjODgyYTMtYTA5NS00MzMxLTliM2YtY2UzZDIzMmNmZmM2LzMuanBnIl0sWyJwIiwiZW5jb2RlIiwianBnIiwiLXF1YWxpdHkgODAiXSxbInAiLCJ0aHVtYiIsIjU5MHg1OTBcdTAwM2UiXV0?sha=e812e858e0fdafb2\" alt=\"\" \/><\/p>\n<div class=\"gallery-i-caption\"><\/div>\n<\/div>\n<div class=\"gallery-i\"><img src=\"https:\/\/assets.oxu.az\/uploads\/W1siZiIsIjIwMjAvMDIvMDQvMTEvMzIvMjYvODY5YTBlZGItNmYxMS00NzQ2LTk5YWItNDhmYTgzMmNhMTQzLzIuanBnIl0sWyJwIiwiZW5jb2RlIiwianBnIiwiLXF1YWxpdHkgODAiXSxbInAiLCJ0aHVtYiIsIjU5MHg1OTBcdTAwM2UiXV0?sha=3c44b4372c9b8512\" alt=\"\" \/><\/p>\n<div class=\"gallery-i-caption\"><\/div>\n<\/div>\n<div class=\"gallery-i\"><img src=\"https:\/\/assets.oxu.az\/uploads\/W1siZiIsIjIwMjAvMDIvMDQvMTEvMzIvMjYvZjE4NDhhN2QtMWQ0Ny00ZmVjLTlmMjktOWI5MDM2ZWMzYWI1LzEuanBnIl0sWyJwIiwiZW5jb2RlIiwianBnIiwiLXF1YWxpdHkgODAiXSxbInAiLCJ0aHVtYiIsIjU5MHg1OTBcdTAwM2UiXV0?sha=fa7d3965002a8bb6\" alt=\"\" \/><\/div>\n<\/div>\n","protected":false},"excerpt":{"rendered":"<p>Sosial \u015f\u0259b\u0259k\u0259l\u0259rd\u0259 G\u0259nc\u0259nin q\u0259dim binalar\u0131ndan biri olan jurnalist, maarif\u00e7i v\u0259 ictimai xadim \u018fsg\u0259r A\u011fa Ad\u0131g\u00f6z\u0259lov Goraninin evinin s\u00f6k\u00fclm\u0259si bar\u0259d\u0259 m\u0259lumat yay\u0131l\u0131b. Bildirilib ki, G\u0259nc\u0259 \u015f\u0259h\u0259ri, Atat\u00fcrk prospektind\u0259 yerl\u0259\u015f\u0259n binada art\u0131q s\u00f6k\u00fcnt\u00fc i\u015fl\u0259ri ba\u015fa \u00e7at\u0131b. M\u0259s\u0259l\u0259 bar\u0259d\u0259 Oxu.Az-\u0131n \u0259m\u0259kda\u015f\u0131 M\u0259d\u0259niyy\u0259t Nazirliyi yan\u0131nda M\u0259d\u0259ni \u0130rsin Qorunmas\u0131, \u0130nki\u015faf\u0131 v\u0259 B\u0259rpas\u0131 \u00fczr\u0259 D\u00f6vl\u0259t Xidm\u0259ti il\u0259 \u0259laq\u0259 saxlay\u0131b. D\u00f6vl\u0259t Xidm\u0259tinin m\u0259tbuat katibi Fariz H\u00fcseynov\u00a0Oxu.Az-\u0131n sor\u011fusuna cavab olaraq bildirib ki, h\u0259min bina d\u00f6vl\u0259t t\u0259r\u0259find\u0259n m\u00fchafiz\u0259 olunan tarix-m\u0259d\u0259niyy\u0259t abid\u0259l\u0259ri siyah\u0131s\u0131nda deyil. G\u0259nc\u0259 \u015e\u0259h\u0259r \u0130cra Hakimiyytind\u0259n is\u0259 sayt\u0131m\u0131za deyilib ki, G\u0259nc\u0259nin q\u0259dim binalar\u0131ndan biri olan \u018fsg\u0259r A\u011fa Ad\u0131g\u00f6z\u0259lov&hellip;<\/p>\n","protected":false},"author":2,"featured_media":126591,"comment_status":"closed","ping_status":"closed","sticky":false,"template":"","format":"standard","meta":{"om_disable_all_campaigns":false,"_monsterinsights_skip_tracking":false,"_monsterinsights_sitenote_active":false,"_monsterinsights_sitenote_note":"","_monsterinsights_sitenote_category":0},"categories":[1],"tags":[],"aioseo_notices":[],"gutentor_comment":0,"rttpg_featured_image_url":{"full":["https:\/\/arantv.az\/wp-content\/uploads\/2020\/02\/84332769_181988966381938_8289397506752643072_n-removebg-preview.jpg",620,356,false],"landscape":["https:\/\/arantv.az\/wp-content\/uploads\/2020\/02\/84332769_181988966381938_8289397506752643072_n-removebg-preview.jpg",620,356,false],"portraits":["https:\/\/arantv.az\/wp-content\/uploads\/2020\/02\/84332769_181988966381938_8289397506752643072_n-removebg-preview.jpg",620,356,false],"thumbnail":["https:\/\/arantv.az\/wp-content\/uploads\/2020\/02\/84332769_181988966381938_8289397506752643072_n-removebg-preview-150x150.jpg",150,150,true],"medium":["https:\/\/arantv.az\/wp-content\/uploads\/2020\/02\/84332769_181988966381938_8289397506752643072_n-removebg-preview-300x172.jpg",300,172,true],"large":["https:\/\/arantv.az\/wp-content\/uploads\/2020\/02\/84332769_181988966381938_8289397506752643072_n-removebg-preview.jpg",620,356,false],"1536x1536":["https:\/\/arantv.az\/wp-content\/uploads\/2020\/02\/84332769_181988966381938_8289397506752643072_n-removebg-preview.jpg",620,356,false],"2048x2048":["https:\/\/arantv.az\/wp-content\/uploads\/2020\/02\/84332769_181988966381938_8289397506752643072_n-removebg-preview.jpg",620,356,false],"post-thumbnail":["https:\/\/arantv.az\/wp-content\/uploads\/2020\/02\/84332769_181988966381938_8289397506752643072_n-removebg-preview-240x172.jpg",240,172,true],"advps-thumb-one":["https:\/\/arantv.az\/wp-content\/uploads\/2020\/02\/84332769_181988966381938_8289397506752643072_n-removebg-preview.jpg",620,356,false]},"rttpg_author":{"display_name":"V\u00fcsal Rafiqo\u011flu","author_link":"https:\/\/arantv.az\/?author=2"},"rttpg_comment":0,"rttpg_category":"<a href=\"https:\/\/arantv.az\/?cat=1\" rel=\"category\">C\u0259miyy\u0259t<\/a>","rttpg_excerpt":"Sosial \u015f\u0259b\u0259k\u0259l\u0259rd\u0259 G\u0259nc\u0259nin q\u0259dim binalar\u0131ndan biri olan jurnalist, maarif\u00e7i v\u0259 ictimai xadim \u018fsg\u0259r A\u011fa Ad\u0131g\u00f6z\u0259lov Goraninin evinin s\u00f6k\u00fclm\u0259si bar\u0259d\u0259 m\u0259lumat yay\u0131l\u0131b. Bildirilib ki, G\u0259nc\u0259 \u015f\u0259h\u0259ri, Atat\u00fcrk prospektind\u0259 yerl\u0259\u015f\u0259n binada art\u0131q s\u00f6k\u00fcnt\u00fc i\u015fl\u0259ri ba\u015fa \u00e7at\u0131b. M\u0259s\u0259l\u0259 bar\u0259d\u0259 Oxu.Az-\u0131n \u0259m\u0259kda\u015f\u0131 M\u0259d\u0259niyy\u0259t Nazirliyi yan\u0131nda M\u0259d\u0259ni \u0130rsin Qorunmas\u0131, \u0130nki\u015faf\u0131 v\u0259 B\u0259rpas\u0131 \u00fczr\u0259 D\u00f6vl\u0259t Xidm\u0259ti il\u0259 \u0259laq\u0259 saxlay\u0131b. D\u00f6vl\u0259t Xidm\u0259tinin&hellip;","_links":{"self":[{"href":"https:\/\/arantv.az\/index.php?rest_route=\/wp\/v2\/posts\/126590"}],"collection":[{"href":"https:\/\/arantv.az\/index.php?rest_route=\/wp\/v2\/posts"}],"about":[{"href":"https:\/\/arantv.az\/index.php?rest_route=\/wp\/v2\/types\/post"}],"author":[{"embeddable":true,"href":"https:\/\/arantv.az\/index.php?rest_route=\/wp\/v2\/users\/2"}],"replies":[{"embeddable":true,"href":"https:\/\/arantv.az\/index.php?rest_route=%2Fwp%2Fv2%2Fcomments&post=126590"}],"version-history":[{"count":0,"href":"https:\/\/arantv.az\/index.php?rest_route=\/wp\/v2\/posts\/126590\/revisions"}],"wp:featuredmedia":[{"embeddable":true,"href":"https:\/\/arantv.az\/index.php?rest_route=\/wp\/v2\/media\/126591"}],"wp:attachment":[{"href":"https:\/\/arantv.az\/index.php?rest_route=%2Fwp%2Fv2%2Fmedia&parent=126590"}],"wp:term":[{"taxonomy":"category","embeddable":true,"href":"https:\/\/arantv.az\/index.php?rest_route=%2Fwp%2Fv2%2Fcategories&post=126590"},{"taxonomy":"post_tag","embeddable":true,"href":"https:\/\/arantv.az\/index.php?rest_route=%2Fwp%2Fv2%2Ftags&post=126590"}],"curies":[{"name":"wp","href":"https:\/\/api.w.org\/{rel}","templated":true}]}}