{"id":126618,"date":"2020-02-04T12:23:53","date_gmt":"2020-02-04T09:23:53","guid":{"rendered":"http:\/\/arantv.az\/?p=126618"},"modified":"2020-02-04T12:23:53","modified_gmt":"2020-02-04T09:23:53","slug":"i%c9%99t-in-xin-bascilari-t%c9%99cili-toplandi-israil-f%c9%99l%c9%99stin-m%c9%99s%c9%99l%c9%99si-il%c9%99-bagli","status":"publish","type":"post","link":"https:\/\/arantv.az\/?p=126618","title":{"rendered":"\u0130\u018fT-in X\u0130N ba\u015f\u00e7\u0131lar\u0131 t\u0259cili topland\u0131: \u0130srail-F\u0259l\u0259stin m\u0259s\u0259l\u0259si il\u0259 ba\u011fl\u0131"},"content":{"rendered":"<p>Bu ilin 3 fevral tarixind\u0259 S\u0259udiyy\u0259 \u018fr\u0259bistan\u0131n\u0131n Cidd\u0259 \u015f\u0259h\u0259rind\u0259 \u0130slam \u018fm\u0259kda\u015fl\u0131q T\u0259\u015fkilat\u0131n\u0131n (\u0130\u018fT) \u0130craiyy\u0259 Komit\u0259sinin xarici i\u015fl\u0259r nazirl\u0259ri s\u0259viyy\u0259sind\u0259 f\u00f6vq\u0259lad\u0259 iclas\u0131 ke\u00e7irilib.<\/p>\n<p>Bununla ba\u011fl\u0131 Az\u0259rbaycan Xarici \u0130\u015fl\u0259r Nazirliyi m\u0259lumat yay\u0131b.<\/p>\n<p>\u0130clas \u0130srail-F\u0259l\u0259stin m\u0259s\u0259l\u0259sin\u0259 dair AB\u015e Administrasiyas\u0131n\u0131n \u201c\u018fsrin m\u00fcqavil\u0259si&#8221; adland\u0131r\u0131lan s\u00fclh raz\u0131la\u015fmas\u0131 il\u0259 ba\u011fl\u0131 \u00e7a\u011f\u0131r\u0131l\u0131b.<\/p>\n<p>\u0130clasda Az\u0259rbaycan n\u00fcmay\u0259nd\u0259 hey\u0259tin\u0259 Xarici \u0130\u015fl\u0259r nazirinin m\u00fcavini Ramiz H\u0259s\u0259nov r\u0259hb\u0259rlik edib.<\/p>\n<p>R.H\u0259s\u0259nov m\u00fczakir\u0259l\u0259r zaman\u0131 \u00e7\u0131x\u0131\u015f ed\u0259r\u0259k m\u0259s\u0259l\u0259y\u0259 dair \u00f6lk\u0259mizin m\u00f6vqeyini t\u0259dbir i\u015ftirak\u00e7\u0131lar\u0131n\u0131n diqq\u0259tin\u0259 \u00e7atd\u0131r\u0131b. Nazir m\u00fcavini \u00e7\u0131x\u0131\u015f ed\u0259r\u0259k Az\u0259rbaycan\u0131n F\u0259l\u0259stin m\u0259s\u0259l\u0259sin\u0259 m\u00fcnasib\u0259td\u0259 daim h\u0259mr\u0259ylik n\u00fcmayi\u015f etdirdiyini v\u0259 F\u0259l\u0259stin m\u0259s\u0259l\u0259sinin \u201ciki d\u00f6vl\u0259t prinsipi\u201d \u0259sas\u0131nda \u0259dal\u0259tli v\u0259 h\u0259rt\u0259r\u0259fli h\u0259llini d\u0259st\u0259kl\u0259diyini qeyd edib.<\/p>\n<p>\u00d6lk\u0259mizin bu m\u0259s\u0259l\u0259nin beyn\u0259lxalq h\u00fcquq v\u0259 BMT q\u0259tnam\u0259l\u0259rin\u0259 \u0259saslanan \u201ciki d\u00f6vl\u0259t\u201d h\u0259ll prinsipin\u0259 sadiq oldu\u011fu qeyd olunub.<\/p>\n<p>\u0130clas\u0131n sonunda \u0130\u018fT \u0130craiyy\u0259 Komit\u0259sinin g\u00f6r\u00fc\u015f\u00fcn\u00fcn yekunlar\u0131na dair birg\u0259 b\u0259yanat q\u0259bul olunub.<\/p>\n","protected":false},"excerpt":{"rendered":"<p>Bu ilin 3 fevral tarixind\u0259 S\u0259udiyy\u0259 \u018fr\u0259bistan\u0131n\u0131n Cidd\u0259 \u015f\u0259h\u0259rind\u0259 \u0130slam \u018fm\u0259kda\u015fl\u0131q T\u0259\u015fkilat\u0131n\u0131n (\u0130\u018fT) \u0130craiyy\u0259 Komit\u0259sinin xarici i\u015fl\u0259r nazirl\u0259ri s\u0259viyy\u0259sind\u0259 f\u00f6vq\u0259lad\u0259 iclas\u0131 ke\u00e7irilib. Bununla ba\u011fl\u0131 Az\u0259rbaycan Xarici \u0130\u015fl\u0259r Nazirliyi m\u0259lumat yay\u0131b. \u0130clas \u0130srail-F\u0259l\u0259stin m\u0259s\u0259l\u0259sin\u0259 dair AB\u015e Administrasiyas\u0131n\u0131n \u201c\u018fsrin m\u00fcqavil\u0259si&#8221; adland\u0131r\u0131lan s\u00fclh raz\u0131la\u015fmas\u0131 il\u0259 ba\u011fl\u0131 \u00e7a\u011f\u0131r\u0131l\u0131b. \u0130clasda Az\u0259rbaycan n\u00fcmay\u0259nd\u0259 hey\u0259tin\u0259 Xarici \u0130\u015fl\u0259r nazirinin m\u00fcavini Ramiz H\u0259s\u0259nov r\u0259hb\u0259rlik edib. R.H\u0259s\u0259nov m\u00fczakir\u0259l\u0259r zaman\u0131 \u00e7\u0131x\u0131\u015f ed\u0259r\u0259k m\u0259s\u0259l\u0259y\u0259 dair \u00f6lk\u0259mizin m\u00f6vqeyini t\u0259dbir i\u015ftirak\u00e7\u0131lar\u0131n\u0131n diqq\u0259tin\u0259 \u00e7atd\u0131r\u0131b. Nazir m\u00fcavini \u00e7\u0131x\u0131\u015f ed\u0259r\u0259k Az\u0259rbaycan\u0131n F\u0259l\u0259stin m\u0259s\u0259l\u0259sin\u0259 m\u00fcnasib\u0259td\u0259 daim h\u0259mr\u0259ylik n\u00fcmayi\u015f etdirdiyini v\u0259 F\u0259l\u0259stin m\u0259s\u0259l\u0259sinin \u201ciki d\u00f6vl\u0259t prinsipi\u201d \u0259sas\u0131nda \u0259dal\u0259tli v\u0259&hellip;<\/p>\n","protected":false},"author":2,"featured_media":126619,"comment_status":"closed","ping_status":"closed","sticky":false,"template":"","format":"standard","meta":{"om_disable_all_campaigns":false,"_monsterinsights_skip_tracking":false,"_monsterinsights_sitenote_active":false,"_monsterinsights_sitenote_note":"","_monsterinsights_sitenote_category":0},"categories":[4],"tags":[],"aioseo_notices":[],"gutentor_comment":0,"rttpg_featured_image_url":{"full":["https:\/\/arantv.az\/wp-content\/uploads\/2020\/02\/unnamed-5.jpg",512,268,false],"landscape":["https:\/\/arantv.az\/wp-content\/uploads\/2020\/02\/unnamed-5.jpg",512,268,false],"portraits":["https:\/\/arantv.az\/wp-content\/uploads\/2020\/02\/unnamed-5.jpg",512,268,false],"thumbnail":["https:\/\/arantv.az\/wp-content\/uploads\/2020\/02\/unnamed-5-150x150.jpg",150,150,true],"medium":["https:\/\/arantv.az\/wp-content\/uploads\/2020\/02\/unnamed-5-300x157.jpg",300,157,true],"large":["https:\/\/arantv.az\/wp-content\/uploads\/2020\/02\/unnamed-5.jpg",512,268,false],"1536x1536":["https:\/\/arantv.az\/wp-content\/uploads\/2020\/02\/unnamed-5.jpg",512,268,false],"2048x2048":["https:\/\/arantv.az\/wp-content\/uploads\/2020\/02\/unnamed-5.jpg",512,268,false],"post-thumbnail":["https:\/\/arantv.az\/wp-content\/uploads\/2020\/02\/unnamed-5-240x172.jpg",240,172,true],"advps-thumb-one":["https:\/\/arantv.az\/wp-content\/uploads\/2020\/02\/unnamed-5.jpg",512,268,false]},"rttpg_author":{"display_name":"V\u00fcsal Rafiqo\u011flu","author_link":"https:\/\/arantv.az\/?author=2"},"rttpg_comment":0,"rttpg_category":"<a href=\"https:\/\/arantv.az\/?cat=4\" rel=\"category\">Siyas\u0259t<\/a>","rttpg_excerpt":"Bu ilin 3 fevral tarixind\u0259 S\u0259udiyy\u0259 \u018fr\u0259bistan\u0131n\u0131n Cidd\u0259 \u015f\u0259h\u0259rind\u0259 \u0130slam \u018fm\u0259kda\u015fl\u0131q T\u0259\u015fkilat\u0131n\u0131n (\u0130\u018fT) \u0130craiyy\u0259 Komit\u0259sinin xarici i\u015fl\u0259r nazirl\u0259ri s\u0259viyy\u0259sind\u0259 f\u00f6vq\u0259lad\u0259 iclas\u0131 ke\u00e7irilib. Bununla ba\u011fl\u0131 Az\u0259rbaycan Xarici \u0130\u015fl\u0259r Nazirliyi m\u0259lumat yay\u0131b. \u0130clas \u0130srail-F\u0259l\u0259stin m\u0259s\u0259l\u0259sin\u0259 dair AB\u015e Administrasiyas\u0131n\u0131n \u201c\u018fsrin m\u00fcqavil\u0259si&#8221; adland\u0131r\u0131lan s\u00fclh raz\u0131la\u015fmas\u0131 il\u0259 ba\u011fl\u0131 \u00e7a\u011f\u0131r\u0131l\u0131b. \u0130clasda Az\u0259rbaycan n\u00fcmay\u0259nd\u0259 hey\u0259tin\u0259 Xarici \u0130\u015fl\u0259r nazirinin m\u00fcavini Ramiz H\u0259s\u0259nov r\u0259hb\u0259rlik&hellip;","_links":{"self":[{"href":"https:\/\/arantv.az\/index.php?rest_route=\/wp\/v2\/posts\/126618"}],"collection":[{"href":"https:\/\/arantv.az\/index.php?rest_route=\/wp\/v2\/posts"}],"about":[{"href":"https:\/\/arantv.az\/index.php?rest_route=\/wp\/v2\/types\/post"}],"author":[{"embeddable":true,"href":"https:\/\/arantv.az\/index.php?rest_route=\/wp\/v2\/users\/2"}],"replies":[{"embeddable":true,"href":"https:\/\/arantv.az\/index.php?rest_route=%2Fwp%2Fv2%2Fcomments&post=126618"}],"version-history":[{"count":0,"href":"https:\/\/arantv.az\/index.php?rest_route=\/wp\/v2\/posts\/126618\/revisions"}],"wp:featuredmedia":[{"embeddable":true,"href":"https:\/\/arantv.az\/index.php?rest_route=\/wp\/v2\/media\/126619"}],"wp:attachment":[{"href":"https:\/\/arantv.az\/index.php?rest_route=%2Fwp%2Fv2%2Fmedia&parent=126618"}],"wp:term":[{"taxonomy":"category","embeddable":true,"href":"https:\/\/arantv.az\/index.php?rest_route=%2Fwp%2Fv2%2Fcategories&post=126618"},{"taxonomy":"post_tag","embeddable":true,"href":"https:\/\/arantv.az\/index.php?rest_route=%2Fwp%2Fv2%2Ftags&post=126618"}],"curies":[{"name":"wp","href":"https:\/\/api.w.org\/{rel}","templated":true}]}}