{"id":126622,"date":"2020-02-04T12:24:43","date_gmt":"2020-02-04T09:24:43","guid":{"rendered":"http:\/\/arantv.az\/?p=126622"},"modified":"2020-02-04T12:24:43","modified_gmt":"2020-02-04T09:24:43","slug":"bakida-yeddi-yasli-qiza-t%c9%99cavuz%c9%99-c%c9%99hd-edilib","status":"publish","type":"post","link":"https:\/\/arantv.az\/?p=126622","title":{"rendered":"Bak\u0131da yeddi ya\u015fl\u0131 q\u0131za t\u0259cav\u00fcz\u0259 c\u0259hd edilib"},"content":{"rendered":"<p>Bak\u0131n\u0131n X\u0259z\u0259r rayonunun h\u00fcquq-m\u00fchafiz\u0259 orqanlar\u0131na azya\u015fl\u0131 q\u0131z u\u015fa\u011f\u0131na qar\u015f\u0131 t\u0259cav\u00fcz\u0259 c\u0259hd edildiyi bar\u0259d\u0259 m\u0259lumat daxil olub.<\/p>\n<p>Bu bar\u0259d\u0259 Oxu.Az-a Daxili \u0130\u015fl\u0259r Nazirliyind\u0259n m\u0259lumat daxil olub.<\/p>\n<p>Fevral ay\u0131n\u0131n 3-d\u0259 Bin\u0259 q\u0259s\u0259b\u0259sind\u0259 ya\u015fayan 32 ya\u015fl\u0131 qad\u0131n X\u0259z\u0259r rayonu 3-c\u00fc Polis B\u00f6lm\u0259sin\u0259 m\u00fcraci\u0259t edib. Qad\u0131n bildirib ki, 29 ya\u015fl\u0131 qon\u015fusu onun yeddi ya\u015fl\u0131 q\u0131z\u0131na qar\u015f\u0131 cinsi t\u0259cav\u00fcz etm\u0259y\u0259 c\u0259hd g\u00f6st\u0259rib.<\/p>\n<p>Qad\u0131n\u0131n s\u00f6yl\u0259yib ki, s\u0259h\u0259r saatlar\u0131nda qon\u015fusu onun m\u0259nzilin\u0259 daxil olaraq u\u015fa\u011fa h\u00fccum edib. Xo\u015fb\u0259xtlikd\u0259n t\u0259cav\u00fczkar \u00f6z ist\u0259yin\u0259 nail ola bilm\u0259yib. Azya\u015fl\u0131n\u0131n hay-k\u00fcy salmas\u0131 t\u0259cav\u00fczkar\u0131 qorxudub.<\/p>\n<p>Haz\u0131rda istintaq m\u0259lumat\u0131n hans\u0131 d\u0259r\u0259c\u0259d\u0259 do\u011fru oldu\u011funu ara\u015fd\u0131r\u0131r. Faktla ba\u011fl\u0131 h\u0259l\u0259lik saxlan\u0131lan yoxdur.<\/p>\n","protected":false},"excerpt":{"rendered":"<p>Bak\u0131n\u0131n X\u0259z\u0259r rayonunun h\u00fcquq-m\u00fchafiz\u0259 orqanlar\u0131na azya\u015fl\u0131 q\u0131z u\u015fa\u011f\u0131na qar\u015f\u0131 t\u0259cav\u00fcz\u0259 c\u0259hd edildiyi bar\u0259d\u0259 m\u0259lumat daxil olub. Bu bar\u0259d\u0259 Oxu.Az-a Daxili \u0130\u015fl\u0259r Nazirliyind\u0259n m\u0259lumat daxil olub. Fevral ay\u0131n\u0131n 3-d\u0259 Bin\u0259 q\u0259s\u0259b\u0259sind\u0259 ya\u015fayan 32 ya\u015fl\u0131 qad\u0131n X\u0259z\u0259r rayonu 3-c\u00fc Polis B\u00f6lm\u0259sin\u0259 m\u00fcraci\u0259t edib. Qad\u0131n bildirib ki, 29 ya\u015fl\u0131 qon\u015fusu onun yeddi ya\u015fl\u0131 q\u0131z\u0131na qar\u015f\u0131 cinsi t\u0259cav\u00fcz etm\u0259y\u0259 c\u0259hd g\u00f6st\u0259rib. Qad\u0131n\u0131n s\u00f6yl\u0259yib ki, s\u0259h\u0259r saatlar\u0131nda qon\u015fusu onun m\u0259nzilin\u0259 daxil olaraq u\u015fa\u011fa h\u00fccum edib. Xo\u015fb\u0259xtlikd\u0259n t\u0259cav\u00fczkar \u00f6z ist\u0259yin\u0259 nail ola bilm\u0259yib. Azya\u015fl\u0131n\u0131n hay-k\u00fcy salmas\u0131 t\u0259cav\u00fczkar\u0131 qorxudub. Haz\u0131rda istintaq m\u0259lumat\u0131n hans\u0131 d\u0259r\u0259c\u0259d\u0259 do\u011fru oldu\u011funu ara\u015fd\u0131r\u0131r.&hellip;<\/p>\n","protected":false},"author":2,"featured_media":126623,"comment_status":"closed","ping_status":"closed","sticky":false,"template":"","format":"standard","meta":{"om_disable_all_campaigns":false,"_monsterinsights_skip_tracking":false,"_monsterinsights_sitenote_active":false,"_monsterinsights_sitenote_note":"","_monsterinsights_sitenote_category":0},"categories":[5],"tags":[],"aioseo_notices":[],"gutentor_comment":0,"rttpg_featured_image_url":{"full":["https:\/\/arantv.az\/wp-content\/uploads\/2020\/02\/imago54170560h.jpg",620,349,false],"landscape":["https:\/\/arantv.az\/wp-content\/uploads\/2020\/02\/imago54170560h.jpg",620,349,false],"portraits":["https:\/\/arantv.az\/wp-content\/uploads\/2020\/02\/imago54170560h.jpg",620,349,false],"thumbnail":["https:\/\/arantv.az\/wp-content\/uploads\/2020\/02\/imago54170560h-150x150.jpg",150,150,true],"medium":["https:\/\/arantv.az\/wp-content\/uploads\/2020\/02\/imago54170560h-300x169.jpg",300,169,true],"large":["https:\/\/arantv.az\/wp-content\/uploads\/2020\/02\/imago54170560h.jpg",620,349,false],"1536x1536":["https:\/\/arantv.az\/wp-content\/uploads\/2020\/02\/imago54170560h.jpg",620,349,false],"2048x2048":["https:\/\/arantv.az\/wp-content\/uploads\/2020\/02\/imago54170560h.jpg",620,349,false],"post-thumbnail":["https:\/\/arantv.az\/wp-content\/uploads\/2020\/02\/imago54170560h-240x172.jpg",240,172,true],"advps-thumb-one":["https:\/\/arantv.az\/wp-content\/uploads\/2020\/02\/imago54170560h.jpg",620,349,false]},"rttpg_author":{"display_name":"V\u00fcsal Rafiqo\u011flu","author_link":"https:\/\/arantv.az\/?author=2"},"rttpg_comment":0,"rttpg_category":"<a href=\"https:\/\/arantv.az\/?cat=5\" rel=\"category\">Hadis\u0259<\/a>","rttpg_excerpt":"Bak\u0131n\u0131n X\u0259z\u0259r rayonunun h\u00fcquq-m\u00fchafiz\u0259 orqanlar\u0131na azya\u015fl\u0131 q\u0131z u\u015fa\u011f\u0131na qar\u015f\u0131 t\u0259cav\u00fcz\u0259 c\u0259hd edildiyi bar\u0259d\u0259 m\u0259lumat daxil olub. Bu bar\u0259d\u0259 Oxu.Az-a Daxili \u0130\u015fl\u0259r Nazirliyind\u0259n m\u0259lumat daxil olub. Fevral ay\u0131n\u0131n 3-d\u0259 Bin\u0259 q\u0259s\u0259b\u0259sind\u0259 ya\u015fayan 32 ya\u015fl\u0131 qad\u0131n X\u0259z\u0259r rayonu 3-c\u00fc Polis B\u00f6lm\u0259sin\u0259 m\u00fcraci\u0259t edib. Qad\u0131n bildirib ki, 29 ya\u015fl\u0131 qon\u015fusu onun yeddi ya\u015fl\u0131 q\u0131z\u0131na qar\u015f\u0131 cinsi t\u0259cav\u00fcz etm\u0259y\u0259&hellip;","_links":{"self":[{"href":"https:\/\/arantv.az\/index.php?rest_route=\/wp\/v2\/posts\/126622"}],"collection":[{"href":"https:\/\/arantv.az\/index.php?rest_route=\/wp\/v2\/posts"}],"about":[{"href":"https:\/\/arantv.az\/index.php?rest_route=\/wp\/v2\/types\/post"}],"author":[{"embeddable":true,"href":"https:\/\/arantv.az\/index.php?rest_route=\/wp\/v2\/users\/2"}],"replies":[{"embeddable":true,"href":"https:\/\/arantv.az\/index.php?rest_route=%2Fwp%2Fv2%2Fcomments&post=126622"}],"version-history":[{"count":0,"href":"https:\/\/arantv.az\/index.php?rest_route=\/wp\/v2\/posts\/126622\/revisions"}],"wp:featuredmedia":[{"embeddable":true,"href":"https:\/\/arantv.az\/index.php?rest_route=\/wp\/v2\/media\/126623"}],"wp:attachment":[{"href":"https:\/\/arantv.az\/index.php?rest_route=%2Fwp%2Fv2%2Fmedia&parent=126622"}],"wp:term":[{"taxonomy":"category","embeddable":true,"href":"https:\/\/arantv.az\/index.php?rest_route=%2Fwp%2Fv2%2Fcategories&post=126622"},{"taxonomy":"post_tag","embeddable":true,"href":"https:\/\/arantv.az\/index.php?rest_route=%2Fwp%2Fv2%2Ftags&post=126622"}],"curies":[{"name":"wp","href":"https:\/\/api.w.org\/{rel}","templated":true}]}}