{"id":126635,"date":"2020-02-04T12:30:15","date_gmt":"2020-02-04T09:30:15","guid":{"rendered":"http:\/\/arantv.az\/?p=126635"},"modified":"2020-02-04T12:30:15","modified_gmt":"2020-02-04T09:30:15","slug":"n%c9%99rminin-qatilinin-polis-qohumu-saxlanildi-r%c9%99smi","status":"publish","type":"post","link":"https:\/\/arantv.az\/?p=126635","title":{"rendered":"N\u0259rminin qatilinin polis qohumu saxlan\u0131ld\u0131? \u2013 R\u018fSM\u0130"},"content":{"rendered":"<p>\u0130lkin S\u00fcleymanovun \u0259misi o\u011flu, polis \u0259m\u0259kda\u015f\u0131 Murad S\u00fcleymanov polis n\u0259zar\u0259tind\u0259dir.<\/p>\n<p><b>ARANTV.AZ<\/b>\u00a0x\u0259b\u0259r verir ki, bu bar\u0259d\u0259 Axar.az-a Murad S\u00fcleymanovun Tovuz rayonu Dondar Qu\u015f\u00e7u k\u0259ndind\u0259 ya\u015fayan yax\u0131nlar\u0131 bildirib. Onlar iddia edibl\u0259r ki, M.S\u00fcleymanov N\u0259rmin Quliyevan\u0131n q\u0259tli il\u0259 \u0259laq\u0259dar ke\u00e7iril\u0259n istintaq prosesi bar\u0259d\u0259 s\u00f6yl\u0259diyi iddialara g\u00f6r\u0259 polis t\u0259r\u0259find\u0259n n\u0259zar\u0259t\u0259 g\u00f6t\u00fcr\u00fcl\u00fcb.<\/p>\n<div id=\"AdviadNativeVideo0\" class=\"AdviadNativeVideo\"><\/div>\n<p>M\u0259s\u0259l\u0259 il\u0259 ba\u011fl\u0131 sayt\u0131m\u0131z\u0131n sor\u011fusuna cavab olaraq D\u0130N-nin m\u0259tbuat xidm\u0259tinin G\u0259nc\u0259 \u015f\u0259h\u0259rind\u0259ki regional qrupunun ba\u015f inspektoru E\u015fqin Qasimov bildirib ki, Murad S\u00fcleymanovun n\u0259zar\u0259t\u0259 g\u00f6t\u00fcr\u00fclm\u0259si v\u0259 ya saxlan\u0131lmas\u0131 bar\u0259d\u0259 yay\u0131lan x\u0259b\u0259rl\u0259r \u0259sass\u0131zd\u0131r:<\/p>\n<p>&#8220;Murad S\u00fcleymanovun n\u0259zar\u0259t\u0259 g\u00f6t\u00fcr\u00fclm\u0259si, saxlan\u0131lmas\u0131 \u0259sass\u0131z iddiad\u0131r. Haz\u0131rda o, Tovuzda deyil, telefon n\u00f6mr\u0259sin\u0259 d\u0259 z\u0259ng \u00e7atm\u0131r&#8221;.<\/p>\n<p>E\u015fqin Qas\u0131mov M.S\u00fcleymanovun i\u015fd\u0259n azad edilm\u0259k \u00fc\u00e7\u00fcn \u0259riz\u0259 yazmad\u0131\u011f\u0131n\u0131 da qeyd edib:<\/p>\n<p>&#8220;A\u00e7\u0131qlama vermi\u015fdi ki, i\u015fd\u0259n azad edilm\u0259si il\u0259 ba\u011fl\u0131 \u0259riz\u0259 yaz\u0131b. Amma Murad S\u00fcleymanovun Tovuz Rayon Polis \u015e\u00f6b\u0259sind\u0259 r\u0259smi \u0259riz\u0259si yoxdur. Haz\u0131rda polis \u0259m\u0259kda\u015f\u0131 v\u0259zif\u0259sind\u0259n azad edilm\u0259yib&#8221;.<\/p>\n<p>Murad S\u00fcleymanov N\u0259rmin Quliyevan\u0131n q\u0259tli il\u0259 \u0259laq\u0259dar ke\u00e7iril\u0259n istintaq prosesi zaman\u0131 \u0259misi o\u011flu, q\u0259tld\u0259 \u015f\u00fcbh\u0259li bilin\u0259r\u0259k saxlan\u0131lan \u0130lkinin evind\u0259 icaz\u0259siz axtar\u0131\u015f apar\u0131lmas\u0131, polis yolda\u015flar\u0131n\u0131n ona h\u00f6rm\u0259tsizlik etm\u0259si v\u0259 \u0130lkinin \u015f\u0259rl\u0259n\u0259r\u0259k h\u0259bs edildiyi, h\u0259tta \u00f6z\u00fcn\u00fcn d\u0259 \u015f\u0259rl\u0259nm\u0259 il\u0259 \u00fcz-\u00fcz\u0259 qalmas\u0131 bar\u0259d\u0259 iddialar s\u0259sl\u0259ndirmi\u015f v\u0259 buna g\u00f6r\u0259 d\u0259 xidm\u0259td\u0259n azad olunmaq \u00fc\u00e7\u00fcn \u0259riz\u0259 il\u0259 m\u00fcraci\u0259t etdiyini bildirmi\u015fdi.<\/p>\n","protected":false},"excerpt":{"rendered":"<p>\u0130lkin S\u00fcleymanovun \u0259misi o\u011flu, polis \u0259m\u0259kda\u015f\u0131 Murad S\u00fcleymanov polis n\u0259zar\u0259tind\u0259dir. ARANTV.AZ\u00a0x\u0259b\u0259r verir ki, bu bar\u0259d\u0259 Axar.az-a Murad S\u00fcleymanovun Tovuz rayonu Dondar Qu\u015f\u00e7u k\u0259ndind\u0259 ya\u015fayan yax\u0131nlar\u0131 bildirib. Onlar iddia edibl\u0259r ki, M.S\u00fcleymanov N\u0259rmin Quliyevan\u0131n q\u0259tli il\u0259 \u0259laq\u0259dar ke\u00e7iril\u0259n istintaq prosesi bar\u0259d\u0259 s\u00f6yl\u0259diyi iddialara g\u00f6r\u0259 polis t\u0259r\u0259find\u0259n n\u0259zar\u0259t\u0259 g\u00f6t\u00fcr\u00fcl\u00fcb. M\u0259s\u0259l\u0259 il\u0259 ba\u011fl\u0131 sayt\u0131m\u0131z\u0131n sor\u011fusuna cavab olaraq D\u0130N-nin m\u0259tbuat xidm\u0259tinin G\u0259nc\u0259 \u015f\u0259h\u0259rind\u0259ki regional qrupunun ba\u015f inspektoru E\u015fqin Qasimov bildirib ki, Murad S\u00fcleymanovun n\u0259zar\u0259t\u0259 g\u00f6t\u00fcr\u00fclm\u0259si v\u0259 ya saxlan\u0131lmas\u0131 bar\u0259d\u0259 yay\u0131lan x\u0259b\u0259rl\u0259r \u0259sass\u0131zd\u0131r: &#8220;Murad S\u00fcleymanovun n\u0259zar\u0259t\u0259 g\u00f6t\u00fcr\u00fclm\u0259si, saxlan\u0131lmas\u0131 \u0259sass\u0131z iddiad\u0131r. Haz\u0131rda o, Tovuzda deyil, telefon&hellip;<\/p>\n","protected":false},"author":2,"featured_media":126636,"comment_status":"closed","ping_status":"closed","sticky":false,"template":"","format":"standard","meta":{"om_disable_all_campaigns":false,"_monsterinsights_skip_tracking":false,"_monsterinsights_sitenote_active":false,"_monsterinsights_sitenote_note":"","_monsterinsights_sitenote_category":0},"categories":[1],"tags":[],"aioseo_notices":[],"gutentor_comment":0,"rttpg_featured_image_url":{"full":["https:\/\/arantv.az\/wp-content\/uploads\/2020\/02\/murad-suleymanov.jpg",549,309,false],"landscape":["https:\/\/arantv.az\/wp-content\/uploads\/2020\/02\/murad-suleymanov.jpg",549,309,false],"portraits":["https:\/\/arantv.az\/wp-content\/uploads\/2020\/02\/murad-suleymanov.jpg",549,309,false],"thumbnail":["https:\/\/arantv.az\/wp-content\/uploads\/2020\/02\/murad-suleymanov-150x150.jpg",150,150,true],"medium":["https:\/\/arantv.az\/wp-content\/uploads\/2020\/02\/murad-suleymanov-300x169.jpg",300,169,true],"large":["https:\/\/arantv.az\/wp-content\/uploads\/2020\/02\/murad-suleymanov.jpg",549,309,false],"1536x1536":["https:\/\/arantv.az\/wp-content\/uploads\/2020\/02\/murad-suleymanov.jpg",549,309,false],"2048x2048":["https:\/\/arantv.az\/wp-content\/uploads\/2020\/02\/murad-suleymanov.jpg",549,309,false],"post-thumbnail":["https:\/\/arantv.az\/wp-content\/uploads\/2020\/02\/murad-suleymanov-240x172.jpg",240,172,true],"advps-thumb-one":["https:\/\/arantv.az\/wp-content\/uploads\/2020\/02\/murad-suleymanov.jpg",549,309,false]},"rttpg_author":{"display_name":"V\u00fcsal Rafiqo\u011flu","author_link":"https:\/\/arantv.az\/?author=2"},"rttpg_comment":0,"rttpg_category":"<a href=\"https:\/\/arantv.az\/?cat=1\" rel=\"category\">C\u0259miyy\u0259t<\/a>","rttpg_excerpt":"\u0130lkin S\u00fcleymanovun \u0259misi o\u011flu, polis \u0259m\u0259kda\u015f\u0131 Murad S\u00fcleymanov polis n\u0259zar\u0259tind\u0259dir. ARANTV.AZ\u00a0x\u0259b\u0259r verir ki, bu bar\u0259d\u0259 Axar.az-a Murad S\u00fcleymanovun Tovuz rayonu Dondar Qu\u015f\u00e7u k\u0259ndind\u0259 ya\u015fayan yax\u0131nlar\u0131 bildirib. Onlar iddia edibl\u0259r ki, M.S\u00fcleymanov N\u0259rmin Quliyevan\u0131n q\u0259tli il\u0259 \u0259laq\u0259dar ke\u00e7iril\u0259n istintaq prosesi bar\u0259d\u0259 s\u00f6yl\u0259diyi iddialara g\u00f6r\u0259 polis t\u0259r\u0259find\u0259n n\u0259zar\u0259t\u0259 g\u00f6t\u00fcr\u00fcl\u00fcb. M\u0259s\u0259l\u0259 il\u0259 ba\u011fl\u0131 sayt\u0131m\u0131z\u0131n sor\u011fusuna cavab olaraq D\u0130N-nin&hellip;","_links":{"self":[{"href":"https:\/\/arantv.az\/index.php?rest_route=\/wp\/v2\/posts\/126635"}],"collection":[{"href":"https:\/\/arantv.az\/index.php?rest_route=\/wp\/v2\/posts"}],"about":[{"href":"https:\/\/arantv.az\/index.php?rest_route=\/wp\/v2\/types\/post"}],"author":[{"embeddable":true,"href":"https:\/\/arantv.az\/index.php?rest_route=\/wp\/v2\/users\/2"}],"replies":[{"embeddable":true,"href":"https:\/\/arantv.az\/index.php?rest_route=%2Fwp%2Fv2%2Fcomments&post=126635"}],"version-history":[{"count":0,"href":"https:\/\/arantv.az\/index.php?rest_route=\/wp\/v2\/posts\/126635\/revisions"}],"wp:featuredmedia":[{"embeddable":true,"href":"https:\/\/arantv.az\/index.php?rest_route=\/wp\/v2\/media\/126636"}],"wp:attachment":[{"href":"https:\/\/arantv.az\/index.php?rest_route=%2Fwp%2Fv2%2Fmedia&parent=126635"}],"wp:term":[{"taxonomy":"category","embeddable":true,"href":"https:\/\/arantv.az\/index.php?rest_route=%2Fwp%2Fv2%2Fcategories&post=126635"},{"taxonomy":"post_tag","embeddable":true,"href":"https:\/\/arantv.az\/index.php?rest_route=%2Fwp%2Fv2%2Ftags&post=126635"}],"curies":[{"name":"wp","href":"https:\/\/api.w.org\/{rel}","templated":true}]}}