{"id":126668,"date":"2020-02-04T12:44:11","date_gmt":"2020-02-04T09:44:11","guid":{"rendered":"http:\/\/arantv.az\/?p=126668"},"modified":"2020-02-04T12:44:11","modified_gmt":"2020-02-04T09:44:11","slug":"prezident-ilham-%c9%99liyev-emal-s%c9%99nayesi-t%c9%99r%c9%99v%c9%99zcilikd%c9%99-cox-asagidir","status":"publish","type":"post","link":"https:\/\/arantv.az\/?p=126668","title":{"rendered":"Prezident \u0130lham \u018fliyev: Emal s\u0259nayesi t\u0259r\u0259v\u0259z\u00e7ilikd\u0259 \u00e7ox a\u015fa\u011f\u0131d\u0131r"},"content":{"rendered":"<p>Emal s\u0259nayesi t\u0259r\u0259v\u0259z\u00e7ilikd\u0259 \u00e7ox a\u015fa\u011f\u0131d\u0131r. Biz t\u0259r\u0259v\u0259zi y\u0131\u011f\u0131r\u0131q, \u00f6z\u00fcm\u00fcz istehlak v\u0259 ixrac edirik. Yax\u015f\u0131d\u0131r, amma emal olunmal\u0131d\u0131r. Misal \u00fc\u00e7\u00fcn, bizd\u0259 ke\u00e7\u0259n il t\u0259r\u0259v\u0259z\u00e7ilikd\u0259 ixrac 243 milyon dollar olubdur. Bunun 190 milyon dollar\u0131 pomidor ixrac\u0131 idi v\u0259 pomidor ixrac\u0131 7 faiz art\u0131bd\u0131r. Ancaq \u0259g\u0259r kifay\u0259t q\u0259d\u0259r tomat pastas\u0131 zavodu olsa, daha da b\u00f6y\u00fck qiym\u0259t\u0259 sat\u0131la bil\u0259r. \u00d6z\u00fc d\u0259 b\u00fct\u00fcn bazarlarda t\u0259l\u0259b olunan m\u0259hsuldur. Sahibkarlar buna diqq\u0259t yetirm\u0259lidirl\u0259r.<\/p>\n<p>Bu s\u00f6zl\u0259ri Prezident \u0130lham \u018fliyev \u201cAz\u0259rbaycan Respublikas\u0131 regionlar\u0131n\u0131n 2019-2023-c\u00fc ill\u0259rd\u0259 sosial-iqtisadi inki\u015faf\u0131 D\u00f6vl\u0259t Proqram\u0131\u201dn\u0131n icras\u0131n\u0131n birinci ilinin yekunlar\u0131na h\u0259sr olunan konfransda deyib.<\/p>\n<p>\u201cM\u0259n bu r\u0259q\u0259ml\u0259ri, Az\u0259rbaycan\u0131n \u00f6z\u00fcn\u00fct\u0259minetm\u0259 \u0259msal\u0131n\u0131 m\u00fcnt\u0259z\u0259m olaraq s\u0259sl\u0259ndirir\u0259m ki, harada bo\u015fluqlar var, yerli sahibkarlar bu bo\u015fluqlar\u0131 doldursunlar. Ancaq m\u0259n bir q\u0259d\u0259r passivlik g\u00f6r\u00fcr\u0259m. Ona g\u00f6r\u0259 d\u00f6vl\u0259t orqanlar\u0131 g\u0259r\u0259k sahibkarlar\u0131 t\u0259rp\u0259tsinl\u0259r, \u00f6zl\u0259ri d\u0259 t\u0259\u015f\u0259bb\u00fcs g\u00f6st\u0259rsinl\u0259r. X\u00fcsusil\u0259 n\u0259z\u0259r\u0259 alsaq ki, d\u00f6vl\u0259t b\u00fct\u00fcn \u015f\u0259raiti yarad\u0131b v\u0259 b\u00fct\u00fcn s\u0259rgil\u0259ri ke\u00e7irir, sahibkarlar\u0131 xaric\u0259 apar\u0131r. \u0130ndi biz \u015f\u0259rab ixrac\u0131n\u0131 art\u0131rm\u0131\u015f\u0131q, n\u0259yin hesab\u0131na? D\u00f6vl\u0259tin s\u0259yl\u0259ri hesab\u0131na. \u00c7\u00fcnki d\u00f6vl\u0259t x\u0259tti il\u0259, d\u00f6vl\u0259tin hesab\u0131na beyn\u0259lxalq s\u0259rgil\u0259rd\u0259 i\u015ftirak t\u0259min olunub, orada kontraktlar ba\u011flan\u0131b. Ax\u0131, sahibkar \u00f6z\u00fc bunu etmir\u201d, &#8211; dey\u0259 d\u00f6vl\u0259timizin ba\u015f\u00e7\u0131s\u0131 bildirib.<\/p>\n","protected":false},"excerpt":{"rendered":"<p>Emal s\u0259nayesi t\u0259r\u0259v\u0259z\u00e7ilikd\u0259 \u00e7ox a\u015fa\u011f\u0131d\u0131r. Biz t\u0259r\u0259v\u0259zi y\u0131\u011f\u0131r\u0131q, \u00f6z\u00fcm\u00fcz istehlak v\u0259 ixrac edirik. Yax\u015f\u0131d\u0131r, amma emal olunmal\u0131d\u0131r. Misal \u00fc\u00e7\u00fcn, bizd\u0259 ke\u00e7\u0259n il t\u0259r\u0259v\u0259z\u00e7ilikd\u0259 ixrac 243 milyon dollar olubdur. Bunun 190 milyon dollar\u0131 pomidor ixrac\u0131 idi v\u0259 pomidor ixrac\u0131 7 faiz art\u0131bd\u0131r. Ancaq \u0259g\u0259r kifay\u0259t q\u0259d\u0259r tomat pastas\u0131 zavodu olsa, daha da b\u00f6y\u00fck qiym\u0259t\u0259 sat\u0131la bil\u0259r. \u00d6z\u00fc d\u0259 b\u00fct\u00fcn bazarlarda t\u0259l\u0259b olunan m\u0259hsuldur. Sahibkarlar buna diqq\u0259t yetirm\u0259lidirl\u0259r. Bu s\u00f6zl\u0259ri Prezident \u0130lham \u018fliyev \u201cAz\u0259rbaycan Respublikas\u0131 regionlar\u0131n\u0131n 2019-2023-c\u00fc ill\u0259rd\u0259 sosial-iqtisadi inki\u015faf\u0131 D\u00f6vl\u0259t Proqram\u0131\u201dn\u0131n icras\u0131n\u0131n birinci ilinin yekunlar\u0131na h\u0259sr olunan konfransda deyib. \u201cM\u0259n bu&hellip;<\/p>\n","protected":false},"author":2,"featured_media":126669,"comment_status":"closed","ping_status":"closed","sticky":false,"template":"","format":"standard","meta":{"om_disable_all_campaigns":false,"_monsterinsights_skip_tracking":false,"_monsterinsights_sitenote_active":false,"_monsterinsights_sitenote_note":"","_monsterinsights_sitenote_category":0},"categories":[19],"tags":[],"aioseo_notices":[],"gutentor_comment":0,"rttpg_featured_image_url":{"full":["https:\/\/arantv.az\/wp-content\/uploads\/2020\/02\/4cdcf18b158080676880015285710229419.jpg",975,540,false],"landscape":["https:\/\/arantv.az\/wp-content\/uploads\/2020\/02\/4cdcf18b158080676880015285710229419.jpg",975,540,false],"portraits":["https:\/\/arantv.az\/wp-content\/uploads\/2020\/02\/4cdcf18b158080676880015285710229419.jpg",975,540,false],"thumbnail":["https:\/\/arantv.az\/wp-content\/uploads\/2020\/02\/4cdcf18b158080676880015285710229419-150x150.jpg",150,150,true],"medium":["https:\/\/arantv.az\/wp-content\/uploads\/2020\/02\/4cdcf18b158080676880015285710229419-300x166.jpg",300,166,true],"large":["https:\/\/arantv.az\/wp-content\/uploads\/2020\/02\/4cdcf18b158080676880015285710229419.jpg",640,354,false],"1536x1536":["https:\/\/arantv.az\/wp-content\/uploads\/2020\/02\/4cdcf18b158080676880015285710229419.jpg",975,540,false],"2048x2048":["https:\/\/arantv.az\/wp-content\/uploads\/2020\/02\/4cdcf18b158080676880015285710229419.jpg",975,540,false],"post-thumbnail":["https:\/\/arantv.az\/wp-content\/uploads\/2020\/02\/4cdcf18b158080676880015285710229419-240x172.jpg",240,172,true],"advps-thumb-one":["https:\/\/arantv.az\/wp-content\/uploads\/2020\/02\/4cdcf18b158080676880015285710229419.jpg",975,540,false]},"rttpg_author":{"display_name":"V\u00fcsal Rafiqo\u011flu","author_link":"https:\/\/arantv.az\/?author=2"},"rttpg_comment":0,"rttpg_category":"<a href=\"https:\/\/arantv.az\/?cat=19\" rel=\"category\">G\u00fcnd\u0259m<\/a>","rttpg_excerpt":"Emal s\u0259nayesi t\u0259r\u0259v\u0259z\u00e7ilikd\u0259 \u00e7ox a\u015fa\u011f\u0131d\u0131r. Biz t\u0259r\u0259v\u0259zi y\u0131\u011f\u0131r\u0131q, \u00f6z\u00fcm\u00fcz istehlak v\u0259 ixrac edirik. Yax\u015f\u0131d\u0131r, amma emal olunmal\u0131d\u0131r. Misal \u00fc\u00e7\u00fcn, bizd\u0259 ke\u00e7\u0259n il t\u0259r\u0259v\u0259z\u00e7ilikd\u0259 ixrac 243 milyon dollar olubdur. Bunun 190 milyon dollar\u0131 pomidor ixrac\u0131 idi v\u0259 pomidor ixrac\u0131 7 faiz art\u0131bd\u0131r. Ancaq \u0259g\u0259r kifay\u0259t q\u0259d\u0259r tomat pastas\u0131 zavodu olsa, daha da b\u00f6y\u00fck qiym\u0259t\u0259 sat\u0131la bil\u0259r.&hellip;","_links":{"self":[{"href":"https:\/\/arantv.az\/index.php?rest_route=\/wp\/v2\/posts\/126668"}],"collection":[{"href":"https:\/\/arantv.az\/index.php?rest_route=\/wp\/v2\/posts"}],"about":[{"href":"https:\/\/arantv.az\/index.php?rest_route=\/wp\/v2\/types\/post"}],"author":[{"embeddable":true,"href":"https:\/\/arantv.az\/index.php?rest_route=\/wp\/v2\/users\/2"}],"replies":[{"embeddable":true,"href":"https:\/\/arantv.az\/index.php?rest_route=%2Fwp%2Fv2%2Fcomments&post=126668"}],"version-history":[{"count":0,"href":"https:\/\/arantv.az\/index.php?rest_route=\/wp\/v2\/posts\/126668\/revisions"}],"wp:featuredmedia":[{"embeddable":true,"href":"https:\/\/arantv.az\/index.php?rest_route=\/wp\/v2\/media\/126669"}],"wp:attachment":[{"href":"https:\/\/arantv.az\/index.php?rest_route=%2Fwp%2Fv2%2Fmedia&parent=126668"}],"wp:term":[{"taxonomy":"category","embeddable":true,"href":"https:\/\/arantv.az\/index.php?rest_route=%2Fwp%2Fv2%2Fcategories&post=126668"},{"taxonomy":"post_tag","embeddable":true,"href":"https:\/\/arantv.az\/index.php?rest_route=%2Fwp%2Fv2%2Ftags&post=126668"}],"curies":[{"name":"wp","href":"https:\/\/api.w.org\/{rel}","templated":true}]}}