{"id":126672,"date":"2020-02-04T12:45:51","date_gmt":"2020-02-04T09:45:51","guid":{"rendered":"http:\/\/arantv.az\/?p=126672"},"modified":"2020-02-04T12:45:51","modified_gmt":"2020-02-04T09:45:51","slug":"2003-cu-ild%c9%99n-bu-gun%c9%99d%c9%99k-az%c9%99rbaycan-iqtisadiyyati-34-d%c9%99f%c9%99-artib","status":"publish","type":"post","link":"https:\/\/arantv.az\/?p=126672","title":{"rendered":"2003-c\u00fc ild\u0259n bu g\u00fcn\u0259d\u0259k Az\u0259rbaycan iqtisadiyyat\u0131 3,4 d\u0259f\u0259 art\u0131b"},"content":{"rendered":"<p>2003-c\u00fc ild\u0259n bu g\u00fcn\u0259 q\u0259d\u0259r b\u00fct\u00f6vl\u00fckd\u0259 Az\u0259rbaycan iqtisadiyyat\u0131 3,4 d\u0259f\u0259 art\u0131b. Bu, d\u00fcnyada rekord g\u00f6st\u0259ricidir.<\/p>\n<p>Bu bar\u0259d\u0259 Prezident \u0130lham \u018fliyev \u201cAz\u0259rbaycan Respublikas\u0131 regionlar\u0131n\u0131n 2019-2023-c\u00fc ill\u0259rd\u0259 sosial-iqtisadi inki\u015faf\u0131 D\u00f6vl\u0259t Proqram\u0131\u201dn\u0131n icras\u0131n\u0131n birinci ilinin yekunlar\u0131na h\u0259sr olunan konfransda bildirib.<\/p>\n<p>\u00d6lk\u0259mizin ba\u015f\u00e7\u0131s\u0131 deyib: \u201cB\u00fct\u00fcn statistik m\u0259lumatlar ara\u015fd\u0131r\u0131la bil\u0259r, inanm\u0131ram ki, buna b\u0259nz\u0259r art\u0131m tempi olsun. Bu 16 il \u0259rzind\u0259 s\u0259naye istehsal\u0131 2,7 d\u0259f\u0259, k\u0259nd t\u0259s\u0259rr\u00fcfat\u0131 2 d\u0259f\u0259, xarici ticar\u0259t d\u00f6vriyy\u0259si 6,4 d\u0259f\u0259, ixrac 7,6 d\u0259f\u0259, o c\u00fcml\u0259d\u0259n qeyri-neft ixrac\u0131 5,2 d\u0259f\u0259 art\u0131b. Bizim valyuta ehtiyatlar\u0131m\u0131z 27 d\u0259f\u0259 art\u0131b. 2003-c\u00fc ild\u0259 valyuta ehtiyatlar\u0131m\u0131z 1,8 milyard dollar idi, ke\u00e7\u0259n ilin yekunlar\u0131na g\u00f6r\u0259 51, indi is\u0259 52 milyard dollara \u00e7at\u0131b. Y\u0259ni, bu, \u00f6zl\u00fcy\u00fcnd\u0259 b\u00f6y\u00fck bir g\u00f6st\u0259ricidir. Yoxsulluq t\u0259xmin\u0259n 50 faizd\u0259n 4,8 faiz\u0259 d\u00fc\u015f\u00fcb. Bu da onu g\u00f6st\u0259rir ki, neftd\u0259n \u0259ld\u0259 edilmi\u015f g\u0259lirl\u0259r d\u00fc\u015f\u00fcn\u00fclm\u00fc\u015f \u015f\u0259kild\u0259 v\u0259 \u0259dal\u0259tli b\u00f6l\u00fcn\u00fcb. Biz bu g\u0259lirl\u0259rd\u0259n istifad\u0259 ed\u0259r\u0259k \u00f6lk\u0259mizin b\u00fct\u00fcn \u0259sas infrastruktur probleml\u0259rinin b\u00f6y\u00fck hiss\u0259sini h\u0259ll etdik, eyni zamanda, v\u0259t\u0259nda\u015flar\u0131n rifah hal\u0131n\u0131 yax\u015f\u0131la\u015fd\u0131rd\u0131q\u201d.<\/p>\n","protected":false},"excerpt":{"rendered":"<p>2003-c\u00fc ild\u0259n bu g\u00fcn\u0259 q\u0259d\u0259r b\u00fct\u00f6vl\u00fckd\u0259 Az\u0259rbaycan iqtisadiyyat\u0131 3,4 d\u0259f\u0259 art\u0131b. Bu, d\u00fcnyada rekord g\u00f6st\u0259ricidir. Bu bar\u0259d\u0259 Prezident \u0130lham \u018fliyev \u201cAz\u0259rbaycan Respublikas\u0131 regionlar\u0131n\u0131n 2019-2023-c\u00fc ill\u0259rd\u0259 sosial-iqtisadi inki\u015faf\u0131 D\u00f6vl\u0259t Proqram\u0131\u201dn\u0131n icras\u0131n\u0131n birinci ilinin yekunlar\u0131na h\u0259sr olunan konfransda bildirib. \u00d6lk\u0259mizin ba\u015f\u00e7\u0131s\u0131 deyib: \u201cB\u00fct\u00fcn statistik m\u0259lumatlar ara\u015fd\u0131r\u0131la bil\u0259r, inanm\u0131ram ki, buna b\u0259nz\u0259r art\u0131m tempi olsun. Bu 16 il \u0259rzind\u0259 s\u0259naye istehsal\u0131 2,7 d\u0259f\u0259, k\u0259nd t\u0259s\u0259rr\u00fcfat\u0131 2 d\u0259f\u0259, xarici ticar\u0259t d\u00f6vriyy\u0259si 6,4 d\u0259f\u0259, ixrac 7,6 d\u0259f\u0259, o c\u00fcml\u0259d\u0259n qeyri-neft ixrac\u0131 5,2 d\u0259f\u0259 art\u0131b. Bizim valyuta ehtiyatlar\u0131m\u0131z 27 d\u0259f\u0259 art\u0131b. 2003-c\u00fc ild\u0259 valyuta ehtiyatlar\u0131m\u0131z 1,8&hellip;<\/p>\n","protected":false},"author":2,"featured_media":126673,"comment_status":"closed","ping_status":"closed","sticky":false,"template":"","format":"standard","meta":{"om_disable_all_campaigns":false,"_monsterinsights_skip_tracking":false,"_monsterinsights_sitenote_active":false,"_monsterinsights_sitenote_note":"","_monsterinsights_sitenote_category":0},"categories":[19],"tags":[],"aioseo_notices":[],"gutentor_comment":0,"rttpg_featured_image_url":{"full":["https:\/\/arantv.az\/wp-content\/uploads\/2020\/02\/c2ddc87b158080370695466120611003627.jpg",975,540,false],"landscape":["https:\/\/arantv.az\/wp-content\/uploads\/2020\/02\/c2ddc87b158080370695466120611003627.jpg",975,540,false],"portraits":["https:\/\/arantv.az\/wp-content\/uploads\/2020\/02\/c2ddc87b158080370695466120611003627.jpg",975,540,false],"thumbnail":["https:\/\/arantv.az\/wp-content\/uploads\/2020\/02\/c2ddc87b158080370695466120611003627-150x150.jpg",150,150,true],"medium":["https:\/\/arantv.az\/wp-content\/uploads\/2020\/02\/c2ddc87b158080370695466120611003627-300x166.jpg",300,166,true],"large":["https:\/\/arantv.az\/wp-content\/uploads\/2020\/02\/c2ddc87b158080370695466120611003627.jpg",640,354,false],"1536x1536":["https:\/\/arantv.az\/wp-content\/uploads\/2020\/02\/c2ddc87b158080370695466120611003627.jpg",975,540,false],"2048x2048":["https:\/\/arantv.az\/wp-content\/uploads\/2020\/02\/c2ddc87b158080370695466120611003627.jpg",975,540,false],"post-thumbnail":["https:\/\/arantv.az\/wp-content\/uploads\/2020\/02\/c2ddc87b158080370695466120611003627-240x172.jpg",240,172,true],"advps-thumb-one":["https:\/\/arantv.az\/wp-content\/uploads\/2020\/02\/c2ddc87b158080370695466120611003627.jpg",975,540,false]},"rttpg_author":{"display_name":"V\u00fcsal Rafiqo\u011flu","author_link":"https:\/\/arantv.az\/?author=2"},"rttpg_comment":0,"rttpg_category":"<a href=\"https:\/\/arantv.az\/?cat=19\" rel=\"category\">G\u00fcnd\u0259m<\/a>","rttpg_excerpt":"2003-c\u00fc ild\u0259n bu g\u00fcn\u0259 q\u0259d\u0259r b\u00fct\u00f6vl\u00fckd\u0259 Az\u0259rbaycan iqtisadiyyat\u0131 3,4 d\u0259f\u0259 art\u0131b. Bu, d\u00fcnyada rekord g\u00f6st\u0259ricidir. Bu bar\u0259d\u0259 Prezident \u0130lham \u018fliyev \u201cAz\u0259rbaycan Respublikas\u0131 regionlar\u0131n\u0131n 2019-2023-c\u00fc ill\u0259rd\u0259 sosial-iqtisadi inki\u015faf\u0131 D\u00f6vl\u0259t Proqram\u0131\u201dn\u0131n icras\u0131n\u0131n birinci ilinin yekunlar\u0131na h\u0259sr olunan konfransda bildirib. \u00d6lk\u0259mizin ba\u015f\u00e7\u0131s\u0131 deyib: \u201cB\u00fct\u00fcn statistik m\u0259lumatlar ara\u015fd\u0131r\u0131la bil\u0259r, inanm\u0131ram ki, buna b\u0259nz\u0259r art\u0131m tempi olsun. Bu 16 il&hellip;","_links":{"self":[{"href":"https:\/\/arantv.az\/index.php?rest_route=\/wp\/v2\/posts\/126672"}],"collection":[{"href":"https:\/\/arantv.az\/index.php?rest_route=\/wp\/v2\/posts"}],"about":[{"href":"https:\/\/arantv.az\/index.php?rest_route=\/wp\/v2\/types\/post"}],"author":[{"embeddable":true,"href":"https:\/\/arantv.az\/index.php?rest_route=\/wp\/v2\/users\/2"}],"replies":[{"embeddable":true,"href":"https:\/\/arantv.az\/index.php?rest_route=%2Fwp%2Fv2%2Fcomments&post=126672"}],"version-history":[{"count":0,"href":"https:\/\/arantv.az\/index.php?rest_route=\/wp\/v2\/posts\/126672\/revisions"}],"wp:featuredmedia":[{"embeddable":true,"href":"https:\/\/arantv.az\/index.php?rest_route=\/wp\/v2\/media\/126673"}],"wp:attachment":[{"href":"https:\/\/arantv.az\/index.php?rest_route=%2Fwp%2Fv2%2Fmedia&parent=126672"}],"wp:term":[{"taxonomy":"category","embeddable":true,"href":"https:\/\/arantv.az\/index.php?rest_route=%2Fwp%2Fv2%2Fcategories&post=126672"},{"taxonomy":"post_tag","embeddable":true,"href":"https:\/\/arantv.az\/index.php?rest_route=%2Fwp%2Fv2%2Ftags&post=126672"}],"curies":[{"name":"wp","href":"https:\/\/api.w.org\/{rel}","templated":true}]}}