{"id":127031,"date":"2020-02-05T09:23:34","date_gmt":"2020-02-05T06:23:34","guid":{"rendered":"http:\/\/arantv.az\/?p=127031"},"modified":"2020-02-05T09:23:34","modified_gmt":"2020-02-05T06:23:34","slug":"mulayim-qis-yalniz-az%c9%99rbaycanda-deyil-bir-cox-avropa-olk%c9%99l%c9%99rind%c9%99-d%c9%99-musahid%c9%99-edilir","status":"publish","type":"post","link":"https:\/\/arantv.az\/?p=127031","title":{"rendered":"M\u00fclayim q\u0131\u015f yaln\u0131z Az\u0259rbaycanda deyil, bir \u00e7ox Avropa \u00f6lk\u0259l\u0259rind\u0259 d\u0259 m\u00fc\u015fahid\u0259 edilir"},"content":{"rendered":"<blockquote><p><em><strong>Az\u0259rbaycanda m\u00fclayim q\u0131\u015f m\u00f6vs\u00fcm\u00fc tendensiyas\u0131 art\u0131q bir ne\u00e7\u0259 ildir ki, m\u00fc\u015fahid\u0259 edilir.<\/strong><\/em><\/p><\/blockquote>\n<p><strong>ARANTV.AZ<\/strong>\u00a0\u00a0<a href=\"https:\/\/az.trend.az\/\" target=\"_blank\" rel=\"noopener\">Trend<\/a>-\u0259 istinad\u0259n x\u0259b\u0259r verir ki, bunu Ekologiya v\u0259 T\u0259bii S\u0259rv\u0259tl\u0259r Nazirliyinin Milli Hidrometeorologiya Departamentinin direktoru Umayra Ta\u011f\u0131yeva \u00f6lk\u0259 \u0259razisind\u0259 anomal isti hava \u015f\u0259raitinin m\u00fc\u015fahid\u0259 edilm\u0259sini \u015f\u0259rh ed\u0259rk\u0259n deyib.<\/p>\n<p>Onun s\u00f6zl\u0259rin\u0259 g\u00f6r\u0259, haz\u0131rk\u0131 q\u0131\u015f m\u00f6vs\u00fcm\u00fcnd\u0259 bu proses n\u0259inki Az\u0259rbaycanda, bir \u00e7ox Avropa \u00f6lk\u0259l\u0259rind\u0259 d\u0259 m\u00fc\u015fahid\u0259 edilm\u0259kd\u0259dir:<\/p>\n<p>&#8220;M\u0259s\u0259l\u0259n, Aral\u0131q d\u0259nizi sahili \u00f6lk\u0259l\u0259rind\u0259 havan\u0131n temperaturu 24-27 d\u0259r\u0259c\u0259dir ki, bu \u0259sl yaz havas\u0131d\u0131r. Bak\u0131da da havan\u0131n temperaturu iqlim normas\u0131ndan 6 d\u0259r\u0259c\u0259 y\u00fcks\u0259k olub v\u0259 yax\u0131n 2 g\u00fcn \u0259rzind\u0259, fevral\u0131n 7-d\u0259k paytaxt\u0131m\u0131zda arabir g\u00fccl\u0259n\u0259n c\u0259nub-q\u0259rb (gilavar) k\u00fcl\u0259yi fonunda temperaturun 14-17 d\u0259r\u0259c\u0259 isti olaca\u011f\u0131 g\u00f6zl\u0259nilir. M\u0259rk\u0259zi Aran rayonlar\u0131nda is\u0259 temperatur g\u00f6st\u0259ricisi 20 d\u0259r\u0259c\u0259y\u0259d\u0259k y\u00fcks\u0259l\u0259 bil\u0259r&#8221;.<\/p>\n<p>U.Ta\u011f\u0131yeva \u0259lav\u0259 edib ki, el deyimi il\u0259 q\u0131\u015f\u0131n \u0259n soyuq d\u00f6vr\u00fc olan &#8220;ki\u00e7ik \u00e7ill\u0259&#8221; d\u0259 girib, amma Bak\u0131da h\u0259l\u0259 d\u0259 gec\u0259l\u0259r bel\u0259 m\u0259nfi tempertur m\u00fc\u015fahid\u0259 edilm\u0259yib:<\/p>\n<div>\n<div id=\"AdviadNativeVideo0\" class=\"AdviadNativeVideo\"><\/div>\n<\/div>\n<p>&#8220;Biz\u0259 m\u00fcraci\u0259t ed\u0259r\u0259k soru\u015furlar ki, n\u0259 \u00fc\u00e7\u00fcn q\u0131\u015f bel\u0259 yum\u015faq ke\u00e7ir? Bu, nadir hadis\u0259dir, yoxsa bundan sonra da havan\u0131n bel\u0259 ke\u00e7m\u0259si davam ed\u0259c\u0259k? Bu suallar\u0131n birm\u0259nal\u0131 cavab\u0131 olmasa da, bel\u0259 tendensiyan\u0131n davam ed\u0259c\u0259yi ehtimal\u0131 daha \u00e7oxdur. Lakin xalq\u0131n inanc\u0131 olan ki\u00e7ik \u00e7ill\u0259 \u00f6z\u00fcn\u00fc g\u00f6st\u0259r\u0259c\u0259k. Bel\u0259 ki, uzun sur\u0259n anomal isti hava \u015f\u0259raiti bir ne\u00e7\u0259 g\u00fcnl\u00fcy\u0259 d\u0259 olsa respublika \u0259razisin\u0259 m\u00fcdaxil\u0259 ed\u0259c\u0259k soyuq arktik havalarla \u0259v\u0259z olacaq. Hava \u015f\u0259raiti k\u0259skin d\u0259yi\u015f\u0259c\u0259k. Daha \u0259trafl\u0131 des\u0259k, fevral\u0131n 7-si ax\u015famdan ba\u015flayaraq Bak\u0131da art\u0131q g\u00fccl\u0259n\u0259n \u015fimal-q\u0259rb k\u00fcl\u0259yinin hakim olaca\u011f\u0131, fevral\u0131n 8-d\u0259n 10-d\u0259k k\u00fcl\u0259yin maksimum s\u00fcr\u0259tinin 30-35 m\/san-d\u0259k \u00e7ataca\u011f\u0131 g\u00f6zl\u0259nilir. Temperaturun xeyli d\u00fc\u015fm\u0259si fonunda bu proses zaman\u0131 g\u00f6zl\u0259nil\u0259n ya\u011f\u0131nt\u0131lar fevral\u0131n 9-da sulu qara, qara ke\u00e7\u0259 bil\u0259r. Respublikan\u0131n, x\u00fcsus\u0259n d\u0259 da\u011fl\u0131q v\u0259 da\u011f\u0259t\u0259yi rayonlar\u0131n avtomobil yollar\u0131n\u0131n buz ba\u011flayaca\u011f\u0131 g\u00f6zl\u0259nilir. Unutmayaq ki, hava h\u0259yat\u0131m\u0131z\u0131n bir hiss\u0259sidir. Biz sinoptikl\u0259r is\u0259 \u00e7al\u0131\u015faca\u011f\u0131q ki, ist\u0259nil\u0259n hava g\u00f6zl\u0259nilm\u0259z olmas\u0131n&#8221;.<\/p>\n","protected":false},"excerpt":{"rendered":"<p>Az\u0259rbaycanda m\u00fclayim q\u0131\u015f m\u00f6vs\u00fcm\u00fc tendensiyas\u0131 art\u0131q bir ne\u00e7\u0259 ildir ki, m\u00fc\u015fahid\u0259 edilir. ARANTV.AZ\u00a0\u00a0Trend-\u0259 istinad\u0259n x\u0259b\u0259r verir ki, bunu Ekologiya v\u0259 T\u0259bii S\u0259rv\u0259tl\u0259r Nazirliyinin Milli Hidrometeorologiya Departamentinin direktoru Umayra Ta\u011f\u0131yeva \u00f6lk\u0259 \u0259razisind\u0259 anomal isti hava \u015f\u0259raitinin m\u00fc\u015fahid\u0259 edilm\u0259sini \u015f\u0259rh ed\u0259rk\u0259n deyib. Onun s\u00f6zl\u0259rin\u0259 g\u00f6r\u0259, haz\u0131rk\u0131 q\u0131\u015f m\u00f6vs\u00fcm\u00fcnd\u0259 bu proses n\u0259inki Az\u0259rbaycanda, bir \u00e7ox Avropa \u00f6lk\u0259l\u0259rind\u0259 d\u0259 m\u00fc\u015fahid\u0259 edilm\u0259kd\u0259dir: &#8220;M\u0259s\u0259l\u0259n, Aral\u0131q d\u0259nizi sahili \u00f6lk\u0259l\u0259rind\u0259 havan\u0131n temperaturu 24-27 d\u0259r\u0259c\u0259dir ki, bu \u0259sl yaz havas\u0131d\u0131r. Bak\u0131da da havan\u0131n temperaturu iqlim normas\u0131ndan 6 d\u0259r\u0259c\u0259 y\u00fcks\u0259k olub v\u0259 yax\u0131n 2 g\u00fcn \u0259rzind\u0259, fevral\u0131n 7-d\u0259k paytaxt\u0131m\u0131zda arabir&hellip;<\/p>\n","protected":false},"author":2,"featured_media":127032,"comment_status":"closed","ping_status":"closed","sticky":false,"template":"","format":"standard","meta":{"om_disable_all_campaigns":false,"_monsterinsights_skip_tracking":false,"_monsterinsights_sitenote_active":false,"_monsterinsights_sitenote_note":"","_monsterinsights_sitenote_category":0},"categories":[1],"tags":[],"aioseo_notices":[],"gutentor_comment":0,"rttpg_featured_image_url":{"full":["https:\/\/arantv.az\/wp-content\/uploads\/2020\/02\/823348.jpg",800,600,false],"landscape":["https:\/\/arantv.az\/wp-content\/uploads\/2020\/02\/823348.jpg",800,600,false],"portraits":["https:\/\/arantv.az\/wp-content\/uploads\/2020\/02\/823348.jpg",800,600,false],"thumbnail":["https:\/\/arantv.az\/wp-content\/uploads\/2020\/02\/823348-150x150.jpg",150,150,true],"medium":["https:\/\/arantv.az\/wp-content\/uploads\/2020\/02\/823348-300x225.jpg",300,225,true],"large":["https:\/\/arantv.az\/wp-content\/uploads\/2020\/02\/823348.jpg",640,480,false],"1536x1536":["https:\/\/arantv.az\/wp-content\/uploads\/2020\/02\/823348.jpg",800,600,false],"2048x2048":["https:\/\/arantv.az\/wp-content\/uploads\/2020\/02\/823348.jpg",800,600,false],"post-thumbnail":["https:\/\/arantv.az\/wp-content\/uploads\/2020\/02\/823348-240x172.jpg",240,172,true],"advps-thumb-one":["https:\/\/arantv.az\/wp-content\/uploads\/2020\/02\/823348.jpg",800,600,false]},"rttpg_author":{"display_name":"V\u00fcsal Rafiqo\u011flu","author_link":"https:\/\/arantv.az\/?author=2"},"rttpg_comment":0,"rttpg_category":"<a href=\"https:\/\/arantv.az\/?cat=1\" rel=\"category\">C\u0259miyy\u0259t<\/a>","rttpg_excerpt":"Az\u0259rbaycanda m\u00fclayim q\u0131\u015f m\u00f6vs\u00fcm\u00fc tendensiyas\u0131 art\u0131q bir ne\u00e7\u0259 ildir ki, m\u00fc\u015fahid\u0259 edilir. ARANTV.AZ\u00a0\u00a0Trend-\u0259 istinad\u0259n x\u0259b\u0259r verir ki, bunu Ekologiya v\u0259 T\u0259bii S\u0259rv\u0259tl\u0259r Nazirliyinin Milli Hidrometeorologiya Departamentinin direktoru Umayra Ta\u011f\u0131yeva \u00f6lk\u0259 \u0259razisind\u0259 anomal isti hava \u015f\u0259raitinin m\u00fc\u015fahid\u0259 edilm\u0259sini \u015f\u0259rh ed\u0259rk\u0259n deyib. Onun s\u00f6zl\u0259rin\u0259 g\u00f6r\u0259, haz\u0131rk\u0131 q\u0131\u015f m\u00f6vs\u00fcm\u00fcnd\u0259 bu proses n\u0259inki Az\u0259rbaycanda, bir \u00e7ox Avropa \u00f6lk\u0259l\u0259rind\u0259 d\u0259&hellip;","_links":{"self":[{"href":"https:\/\/arantv.az\/index.php?rest_route=\/wp\/v2\/posts\/127031"}],"collection":[{"href":"https:\/\/arantv.az\/index.php?rest_route=\/wp\/v2\/posts"}],"about":[{"href":"https:\/\/arantv.az\/index.php?rest_route=\/wp\/v2\/types\/post"}],"author":[{"embeddable":true,"href":"https:\/\/arantv.az\/index.php?rest_route=\/wp\/v2\/users\/2"}],"replies":[{"embeddable":true,"href":"https:\/\/arantv.az\/index.php?rest_route=%2Fwp%2Fv2%2Fcomments&post=127031"}],"version-history":[{"count":0,"href":"https:\/\/arantv.az\/index.php?rest_route=\/wp\/v2\/posts\/127031\/revisions"}],"wp:featuredmedia":[{"embeddable":true,"href":"https:\/\/arantv.az\/index.php?rest_route=\/wp\/v2\/media\/127032"}],"wp:attachment":[{"href":"https:\/\/arantv.az\/index.php?rest_route=%2Fwp%2Fv2%2Fmedia&parent=127031"}],"wp:term":[{"taxonomy":"category","embeddable":true,"href":"https:\/\/arantv.az\/index.php?rest_route=%2Fwp%2Fv2%2Fcategories&post=127031"},{"taxonomy":"post_tag","embeddable":true,"href":"https:\/\/arantv.az\/index.php?rest_route=%2Fwp%2Fv2%2Ftags&post=127031"}],"curies":[{"name":"wp","href":"https:\/\/api.w.org\/{rel}","templated":true}]}}