{"id":127748,"date":"2020-02-07T08:33:09","date_gmt":"2020-02-07T05:33:09","guid":{"rendered":"http:\/\/arantv.az\/?p=127748"},"modified":"2020-02-07T08:33:09","modified_gmt":"2020-02-07T05:33:09","slug":"az%c9%99rbaycanlilarin-cox-oldugu-bu-olk%c9%99d%c9%99-v%c9%99t%c9%99ndasliq-s%c9%99rtl%c9%99ri-asanlasdirilir","status":"publish","type":"post","link":"https:\/\/arantv.az\/?p=127748","title":{"rendered":"Az\u0259rbaycanl\u0131lar\u0131n \u00e7ox oldu\u011fu bu \u00f6lk\u0259d\u0259 v\u0259t\u0259nda\u015fl\u0131q \u015f\u0259rtl\u0259ri asanla\u015fd\u0131r\u0131l\u0131r"},"content":{"rendered":"<p>Rusiya v\u0259t\u0259nda\u015fl\u0131\u011f\u0131n\u0131 almaq proseduru sad\u0259l\u0259\u015fdiril\u0259c\u0259k.<\/p>\n<p>\u201cKommersant\u201d\u0131n m\u0259lumat\u0131na g\u00f6r\u0259, h\u00f6kum\u0259t t\u0259r\u0259find\u0259n \u201cRusiya Federasiyas\u0131n\u0131n v\u0259t\u0259nda\u015fl\u0131\u011f\u0131 haqq\u0131nda\u201d qanuna m\u00fcvafiq d\u0259yi\u015fiklikl\u0259r haz\u0131rlan\u0131r.<\/p>\n<div id=\"AdviadNativeVideo0\" class=\"AdviadNativeVideo\"><\/div>\n<p>Qeyd ed\u0259k ki, 2019-cu ilin mart ay\u0131nda RF Prezidenti Vladimir Putinin s\u0259r\u0259ncam\u0131 il\u0259 D\u00f6vl\u0259t Miqrasiya \u0130dar\u0259etm\u0259 Siyas\u0259ti Konsepsiyas\u0131n\u0131 h\u0259yata ke\u00e7irm\u0259k \u00fc\u00e7\u00fcn qrup yarad\u0131l\u0131b. Qrupun \u0259sas m\u0259qs\u0259di Rusiyaya m\u00fcmk\u00fcn q\u0259d\u0259r \u00e7ox\u00a0v\u0259t\u0259nda\u015f c\u0259lb etm\u0259kdir.<\/p>\n<p>H\u00f6kum\u0259tin M\u0259tbuat Xidm\u0259ti qar\u015f\u0131dak\u0131 d\u0259yi\u015fiklikl\u0259r bar\u0259d\u0259 m\u0259lumat\u0131 t\u0259sdiql\u0259yib. S\u00f6hb\u0259t \u201cRusiya Federasiyas\u0131n\u0131n v\u0259t\u0259nda\u015fl\u0131\u011f\u0131 haqq\u0131nda\u201d qanunun 13-c\u00fc madd\u0259sinin birinci hiss\u0259sinin &#8220;q&#8221; b\u0259ndinin q\u00fcvv\u0259d\u0259n d\u00fc\u015fm\u0259sinin tan\u0131nmas\u0131ndan gedir. Bu madd\u0259y\u0259 g\u00f6r\u0259, Rusiya v\u0259t\u0259nda\u015fl\u0131\u011f\u0131n\u0131 alan \u0259cn\u0259bil\u0259r v\u0259t\u0259nda\u015fl\u0131qdan imtina etm\u0259lidirl\u0259r.<\/p>\n<p>Nazirl\u0259r Kabinetind\u0259n is\u0259 bildirilib ki, qanun layih\u0259si \u00fcz\u0259rind\u0259 i\u015fl\u0259r yekunla\u015f\u0131r, yax\u0131n vaxtlarda s\u0259n\u0259d Prezident Administrasiyas\u0131 il\u0259 raz\u0131la\u015fd\u0131r\u0131laraq D\u00f6vl\u0259t Dumas\u0131na g\u00f6nd\u0259ril\u0259c\u0259k.<\/p>\n","protected":false},"excerpt":{"rendered":"<p>Rusiya v\u0259t\u0259nda\u015fl\u0131\u011f\u0131n\u0131 almaq proseduru sad\u0259l\u0259\u015fdiril\u0259c\u0259k. \u201cKommersant\u201d\u0131n m\u0259lumat\u0131na g\u00f6r\u0259, h\u00f6kum\u0259t t\u0259r\u0259find\u0259n \u201cRusiya Federasiyas\u0131n\u0131n v\u0259t\u0259nda\u015fl\u0131\u011f\u0131 haqq\u0131nda\u201d qanuna m\u00fcvafiq d\u0259yi\u015fiklikl\u0259r haz\u0131rlan\u0131r. Qeyd ed\u0259k ki, 2019-cu ilin mart ay\u0131nda RF Prezidenti Vladimir Putinin s\u0259r\u0259ncam\u0131 il\u0259 D\u00f6vl\u0259t Miqrasiya \u0130dar\u0259etm\u0259 Siyas\u0259ti Konsepsiyas\u0131n\u0131 h\u0259yata ke\u00e7irm\u0259k \u00fc\u00e7\u00fcn qrup yarad\u0131l\u0131b. Qrupun \u0259sas m\u0259qs\u0259di Rusiyaya m\u00fcmk\u00fcn q\u0259d\u0259r \u00e7ox\u00a0v\u0259t\u0259nda\u015f c\u0259lb etm\u0259kdir. H\u00f6kum\u0259tin M\u0259tbuat Xidm\u0259ti qar\u015f\u0131dak\u0131 d\u0259yi\u015fiklikl\u0259r bar\u0259d\u0259 m\u0259lumat\u0131 t\u0259sdiql\u0259yib. S\u00f6hb\u0259t \u201cRusiya Federasiyas\u0131n\u0131n v\u0259t\u0259nda\u015fl\u0131\u011f\u0131 haqq\u0131nda\u201d qanunun 13-c\u00fc madd\u0259sinin birinci hiss\u0259sinin &#8220;q&#8221; b\u0259ndinin q\u00fcvv\u0259d\u0259n d\u00fc\u015fm\u0259sinin tan\u0131nmas\u0131ndan gedir. Bu madd\u0259y\u0259 g\u00f6r\u0259, Rusiya v\u0259t\u0259nda\u015fl\u0131\u011f\u0131n\u0131 alan \u0259cn\u0259bil\u0259r v\u0259t\u0259nda\u015fl\u0131qdan imtina etm\u0259lidirl\u0259r. Nazirl\u0259r Kabinetind\u0259n is\u0259 bildirilib ki, qanun&hellip;<\/p>\n","protected":false},"author":2,"featured_media":127749,"comment_status":"closed","ping_status":"closed","sticky":false,"template":"","format":"standard","meta":{"om_disable_all_campaigns":false,"_monsterinsights_skip_tracking":false,"_monsterinsights_sitenote_active":false,"_monsterinsights_sitenote_note":"","_monsterinsights_sitenote_category":0},"categories":[7],"tags":[],"aioseo_notices":[],"gutentor_comment":0,"rttpg_featured_image_url":{"full":["https:\/\/arantv.az\/wp-content\/uploads\/2020\/02\/wide_b57fedb633509aefd4d680bba98c2b53.jpg",620,345,false],"landscape":["https:\/\/arantv.az\/wp-content\/uploads\/2020\/02\/wide_b57fedb633509aefd4d680bba98c2b53.jpg",620,345,false],"portraits":["https:\/\/arantv.az\/wp-content\/uploads\/2020\/02\/wide_b57fedb633509aefd4d680bba98c2b53.jpg",620,345,false],"thumbnail":["https:\/\/arantv.az\/wp-content\/uploads\/2020\/02\/wide_b57fedb633509aefd4d680bba98c2b53-150x150.jpg",150,150,true],"medium":["https:\/\/arantv.az\/wp-content\/uploads\/2020\/02\/wide_b57fedb633509aefd4d680bba98c2b53-300x167.jpg",300,167,true],"large":["https:\/\/arantv.az\/wp-content\/uploads\/2020\/02\/wide_b57fedb633509aefd4d680bba98c2b53.jpg",620,345,false],"1536x1536":["https:\/\/arantv.az\/wp-content\/uploads\/2020\/02\/wide_b57fedb633509aefd4d680bba98c2b53.jpg",620,345,false],"2048x2048":["https:\/\/arantv.az\/wp-content\/uploads\/2020\/02\/wide_b57fedb633509aefd4d680bba98c2b53.jpg",620,345,false],"post-thumbnail":["https:\/\/arantv.az\/wp-content\/uploads\/2020\/02\/wide_b57fedb633509aefd4d680bba98c2b53-240x172.jpg",240,172,true],"advps-thumb-one":["https:\/\/arantv.az\/wp-content\/uploads\/2020\/02\/wide_b57fedb633509aefd4d680bba98c2b53.jpg",620,345,false]},"rttpg_author":{"display_name":"V\u00fcsal Rafiqo\u011flu","author_link":"https:\/\/arantv.az\/?author=2"},"rttpg_comment":0,"rttpg_category":"<a href=\"https:\/\/arantv.az\/?cat=7\" rel=\"category\">D\u00fcnya<\/a>","rttpg_excerpt":"Rusiya v\u0259t\u0259nda\u015fl\u0131\u011f\u0131n\u0131 almaq proseduru sad\u0259l\u0259\u015fdiril\u0259c\u0259k. \u201cKommersant\u201d\u0131n m\u0259lumat\u0131na g\u00f6r\u0259, h\u00f6kum\u0259t t\u0259r\u0259find\u0259n \u201cRusiya Federasiyas\u0131n\u0131n v\u0259t\u0259nda\u015fl\u0131\u011f\u0131 haqq\u0131nda\u201d qanuna m\u00fcvafiq d\u0259yi\u015fiklikl\u0259r haz\u0131rlan\u0131r. Qeyd ed\u0259k ki, 2019-cu ilin mart ay\u0131nda RF Prezidenti Vladimir Putinin s\u0259r\u0259ncam\u0131 il\u0259 D\u00f6vl\u0259t Miqrasiya \u0130dar\u0259etm\u0259 Siyas\u0259ti Konsepsiyas\u0131n\u0131 h\u0259yata ke\u00e7irm\u0259k \u00fc\u00e7\u00fcn qrup yarad\u0131l\u0131b. Qrupun \u0259sas m\u0259qs\u0259di Rusiyaya m\u00fcmk\u00fcn q\u0259d\u0259r \u00e7ox\u00a0v\u0259t\u0259nda\u015f c\u0259lb etm\u0259kdir. H\u00f6kum\u0259tin M\u0259tbuat Xidm\u0259ti qar\u015f\u0131dak\u0131 d\u0259yi\u015fiklikl\u0259r&hellip;","_links":{"self":[{"href":"https:\/\/arantv.az\/index.php?rest_route=\/wp\/v2\/posts\/127748"}],"collection":[{"href":"https:\/\/arantv.az\/index.php?rest_route=\/wp\/v2\/posts"}],"about":[{"href":"https:\/\/arantv.az\/index.php?rest_route=\/wp\/v2\/types\/post"}],"author":[{"embeddable":true,"href":"https:\/\/arantv.az\/index.php?rest_route=\/wp\/v2\/users\/2"}],"replies":[{"embeddable":true,"href":"https:\/\/arantv.az\/index.php?rest_route=%2Fwp%2Fv2%2Fcomments&post=127748"}],"version-history":[{"count":0,"href":"https:\/\/arantv.az\/index.php?rest_route=\/wp\/v2\/posts\/127748\/revisions"}],"wp:featuredmedia":[{"embeddable":true,"href":"https:\/\/arantv.az\/index.php?rest_route=\/wp\/v2\/media\/127749"}],"wp:attachment":[{"href":"https:\/\/arantv.az\/index.php?rest_route=%2Fwp%2Fv2%2Fmedia&parent=127748"}],"wp:term":[{"taxonomy":"category","embeddable":true,"href":"https:\/\/arantv.az\/index.php?rest_route=%2Fwp%2Fv2%2Fcategories&post=127748"},{"taxonomy":"post_tag","embeddable":true,"href":"https:\/\/arantv.az\/index.php?rest_route=%2Fwp%2Fv2%2Ftags&post=127748"}],"curies":[{"name":"wp","href":"https:\/\/api.w.org\/{rel}","templated":true}]}}