{"id":128005,"date":"2020-02-07T11:09:48","date_gmt":"2020-02-07T08:09:48","guid":{"rendered":"http:\/\/arantv.az\/?p=128005"},"modified":"2020-02-07T11:09:48","modified_gmt":"2020-02-07T08:09:48","slug":"xacmazda-kob-evinin-acilisi-olub","status":"publish","type":"post","link":"https:\/\/arantv.az\/?p=128005","title":{"rendered":"Xa\u00e7mazda KOB evinin a\u00e7\u0131l\u0131\u015f\u0131 olub"},"content":{"rendered":"<p><strong>Bu g\u00fcn Xa\u00e7maz rayonunda \u0130qtisadiyyat Nazirliyinin Ki\u00e7ik v\u0259 Orta Biznezin \u0130nki\u015faf\u0131 Agentliyin\u0259 (KOB\u0130A) m\u0259xsus KOB evi a\u00e7\u0131l\u0131b.<\/strong><\/p>\n<p><strong>ARANTV.AZ<\/strong>\u00a0<a href=\"http:\/\/az.trend.az\/\" target=\"_blank\" rel=\"noopener\">Trend<\/a>-\u0259 istinad\u0259n bildirir ki, a\u00e7\u0131l\u0131\u015f m\u0259rasimind\u0259 nazir Mikay\u0131l Cabbarov v\u0259 KOB\u0130A-n\u0131n \u0130dar\u0259 Hey\u0259tinin s\u0259dri Orxan M\u0259mm\u0259dov v\u0259 Xa\u00e7maz Rayon \u0130cra Hakimiyy\u0259tinin ba\u015f\u00e7\u0131s\u0131 Elnur Rzayev, el\u0259c\u0259 d\u0259 Quba-Xa\u00e7maz iqtisadi rayonunun sahibkarlar\u0131 v\u0259 K\u0130V n\u00fcmay\u0259nd\u0259l\u0259ri i\u015ftirak edibl\u0259r.<\/p>\n<p>T\u0259dbir i\u015ftirak\u00e7\u0131lar\u0131 KOB Evinin onlar\u0131n f\u0259aliyy\u0259tind\u0259ki rolunu qeyd edib v\u0259 \u00f6z\u0259l sahibkarl\u0131q f\u0259aliyy\u0259ti \u00fc\u00e7\u015f\u00fcn yarad\u0131lan g\u00f6z\u0259l \u015f\u0259rait\u0259 g\u00f6r\u0259 d\u00f6vl\u0259t ba\u015f\u00e7\u0131s\u0131na t\u0259\u015f\u0259kk\u00fcr edibl\u0259r.<\/p>\n","protected":false},"excerpt":{"rendered":"<p>Bu g\u00fcn Xa\u00e7maz rayonunda \u0130qtisadiyyat Nazirliyinin Ki\u00e7ik v\u0259 Orta Biznezin \u0130nki\u015faf\u0131 Agentliyin\u0259 (KOB\u0130A) m\u0259xsus KOB evi a\u00e7\u0131l\u0131b. ARANTV.AZ\u00a0Trend-\u0259 istinad\u0259n bildirir ki, a\u00e7\u0131l\u0131\u015f m\u0259rasimind\u0259 nazir Mikay\u0131l Cabbarov v\u0259 KOB\u0130A-n\u0131n \u0130dar\u0259 Hey\u0259tinin s\u0259dri Orxan M\u0259mm\u0259dov v\u0259 Xa\u00e7maz Rayon \u0130cra Hakimiyy\u0259tinin ba\u015f\u00e7\u0131s\u0131 Elnur Rzayev, el\u0259c\u0259 d\u0259 Quba-Xa\u00e7maz iqtisadi rayonunun sahibkarlar\u0131 v\u0259 K\u0130V n\u00fcmay\u0259nd\u0259l\u0259ri i\u015ftirak edibl\u0259r. T\u0259dbir i\u015ftirak\u00e7\u0131lar\u0131 KOB Evinin onlar\u0131n f\u0259aliyy\u0259tind\u0259ki rolunu qeyd edib v\u0259 \u00f6z\u0259l sahibkarl\u0131q f\u0259aliyy\u0259ti \u00fc\u00e7\u015f\u00fcn yarad\u0131lan g\u00f6z\u0259l \u015f\u0259rait\u0259 g\u00f6r\u0259 d\u00f6vl\u0259t ba\u015f\u00e7\u0131s\u0131na t\u0259\u015f\u0259kk\u00fcr edibl\u0259r.<\/p>\n","protected":false},"author":2,"featured_media":128006,"comment_status":"closed","ping_status":"closed","sticky":false,"template":"","format":"standard","meta":{"om_disable_all_campaigns":false,"_monsterinsights_skip_tracking":false,"_monsterinsights_sitenote_active":false,"_monsterinsights_sitenote_note":"","_monsterinsights_sitenote_category":0},"categories":[1],"tags":[],"aioseo_notices":[],"gutentor_comment":0,"rttpg_featured_image_url":{"full":["https:\/\/arantv.az\/wp-content\/uploads\/2020\/02\/823929.jpg",800,600,false],"landscape":["https:\/\/arantv.az\/wp-content\/uploads\/2020\/02\/823929.jpg",800,600,false],"portraits":["https:\/\/arantv.az\/wp-content\/uploads\/2020\/02\/823929.jpg",800,600,false],"thumbnail":["https:\/\/arantv.az\/wp-content\/uploads\/2020\/02\/823929-150x150.jpg",150,150,true],"medium":["https:\/\/arantv.az\/wp-content\/uploads\/2020\/02\/823929-300x225.jpg",300,225,true],"large":["https:\/\/arantv.az\/wp-content\/uploads\/2020\/02\/823929.jpg",640,480,false],"1536x1536":["https:\/\/arantv.az\/wp-content\/uploads\/2020\/02\/823929.jpg",800,600,false],"2048x2048":["https:\/\/arantv.az\/wp-content\/uploads\/2020\/02\/823929.jpg",800,600,false],"post-thumbnail":["https:\/\/arantv.az\/wp-content\/uploads\/2020\/02\/823929-240x172.jpg",240,172,true],"advps-thumb-one":["https:\/\/arantv.az\/wp-content\/uploads\/2020\/02\/823929.jpg",800,600,false]},"rttpg_author":{"display_name":"V\u00fcsal Rafiqo\u011flu","author_link":"https:\/\/arantv.az\/?author=2"},"rttpg_comment":0,"rttpg_category":"<a href=\"https:\/\/arantv.az\/?cat=1\" rel=\"category\">C\u0259miyy\u0259t<\/a>","rttpg_excerpt":"Bu g\u00fcn Xa\u00e7maz rayonunda \u0130qtisadiyyat Nazirliyinin Ki\u00e7ik v\u0259 Orta Biznezin \u0130nki\u015faf\u0131 Agentliyin\u0259 (KOB\u0130A) m\u0259xsus KOB evi a\u00e7\u0131l\u0131b. ARANTV.AZ\u00a0Trend-\u0259 istinad\u0259n bildirir ki, a\u00e7\u0131l\u0131\u015f m\u0259rasimind\u0259 nazir Mikay\u0131l Cabbarov v\u0259 KOB\u0130A-n\u0131n \u0130dar\u0259 Hey\u0259tinin s\u0259dri Orxan M\u0259mm\u0259dov v\u0259 Xa\u00e7maz Rayon \u0130cra Hakimiyy\u0259tinin ba\u015f\u00e7\u0131s\u0131 Elnur Rzayev, el\u0259c\u0259 d\u0259 Quba-Xa\u00e7maz iqtisadi rayonunun sahibkarlar\u0131 v\u0259 K\u0130V n\u00fcmay\u0259nd\u0259l\u0259ri i\u015ftirak edibl\u0259r. T\u0259dbir i\u015ftirak\u00e7\u0131lar\u0131 KOB&hellip;","_links":{"self":[{"href":"https:\/\/arantv.az\/index.php?rest_route=\/wp\/v2\/posts\/128005"}],"collection":[{"href":"https:\/\/arantv.az\/index.php?rest_route=\/wp\/v2\/posts"}],"about":[{"href":"https:\/\/arantv.az\/index.php?rest_route=\/wp\/v2\/types\/post"}],"author":[{"embeddable":true,"href":"https:\/\/arantv.az\/index.php?rest_route=\/wp\/v2\/users\/2"}],"replies":[{"embeddable":true,"href":"https:\/\/arantv.az\/index.php?rest_route=%2Fwp%2Fv2%2Fcomments&post=128005"}],"version-history":[{"count":0,"href":"https:\/\/arantv.az\/index.php?rest_route=\/wp\/v2\/posts\/128005\/revisions"}],"wp:featuredmedia":[{"embeddable":true,"href":"https:\/\/arantv.az\/index.php?rest_route=\/wp\/v2\/media\/128006"}],"wp:attachment":[{"href":"https:\/\/arantv.az\/index.php?rest_route=%2Fwp%2Fv2%2Fmedia&parent=128005"}],"wp:term":[{"taxonomy":"category","embeddable":true,"href":"https:\/\/arantv.az\/index.php?rest_route=%2Fwp%2Fv2%2Fcategories&post=128005"},{"taxonomy":"post_tag","embeddable":true,"href":"https:\/\/arantv.az\/index.php?rest_route=%2Fwp%2Fv2%2Ftags&post=128005"}],"curies":[{"name":"wp","href":"https:\/\/api.w.org\/{rel}","templated":true}]}}