{"id":128013,"date":"2020-02-07T11:12:10","date_gmt":"2020-02-07T08:12:10","guid":{"rendered":"http:\/\/arantv.az\/?p=128013"},"modified":"2020-02-07T11:12:10","modified_gmt":"2020-02-07T08:12:10","slug":"bu-vasit%c9%99sil%c9%99-baliq-ovlayan-s%c9%99xsl%c9%99r-c%c9%99zalandi-foto","status":"publish","type":"post","link":"https:\/\/arantv.az\/?p=128013","title":{"rendered":"Bu vasit\u0259sil\u0259 bal\u0131q ovlayan \u015f\u0259xsl\u0259r c\u0259zaland\u0131 &#8211; FOTO"},"content":{"rendered":"<p>Su h\u00f6vz\u0259l\u0259rinin sintetik torlardan v\u0259 qada\u011fan olunmu\u015f dig\u0259r ov vasit\u0259l\u0259rind\u0259n t\u0259mizl\u0259nm\u0259si m\u0259qs\u0259dil\u0259 n\u00f6vb\u0259ti reyd \u0130mi\u015fli rayonu \u0259razisind\u0259ki daxili su h\u00f6vz\u0259l\u0259rind\u0259 ke\u00e7irilib. Reyd zaman\u0131 rayonun Qarag\u00fcv\u0259ndikli k\u0259ndi \u0259razisind\u0259 yerl\u0259\u015f\u0259n sututarlarda qanunla qada\u011fan olunmu\u015f elektrik c\u0259r\u0259yan\u0131 vasit\u0259sil\u0259 bal\u0131q ovlayan \u015f\u0259xsl\u0259r saxlan\u0131l\u0131b.<\/p>\n<p><strong>ARANTV.AZ<\/strong>\u00a0 x\u0259b\u0259r verir ki, Bunu jurnalistl\u0259r\u0259 3 sayl\u0131 Regional Ekologiya v\u0259 T\u0259bii S\u0259rv\u0259tl\u0259r \u0130dar\u0259sinin r\u0259isi K\u0259nan K\u0259rimov bildirib.<\/p>\n<p>O qeyd edib ki, ara\u015fd\u0131rma zaman\u0131 brakonyerl\u0259rin \u0130mi\u015fli rayon sakinl\u0259ri X\u0259yyam M\u0259mm\u0259dov v\u0259 V\u00fcsal H\u00fcseynov olduqlar\u0131 m\u00fc\u0259yy\u0259n edilib, onlardan qada\u011fan olunmu\u015f ov al\u0259tl\u0259ri g\u00f6t\u00fcr\u00fcl\u00fcb. T\u0259qsirkar \u015f\u0259xsl\u0259rin m\u0259suliyy\u0259t\u0259 c\u0259lb edilm\u0259si \u00fc\u00e7\u00fcn \u0130mi\u015fli rayon Polis \u015f\u00f6b\u0259sin\u0259 m\u00fcraci\u0259t olunub.<\/p>\n<p>&#8220;Qada\u011fan olunmu\u015f al\u0259tl\u0259rl\u0259 bal\u0131q ovlanmas\u0131 t\u0259bi\u0259timiz\u0259 qar\u015f\u0131 d\u00fc\u015fm\u0259n\u00e7ilikdir, sivil ov qaydalar\u0131na ziddir. H\u0259r k\u0259si sivil qaydalarla bal\u0131q ovlama\u011fa v\u0259 qada\u011fan olunmu\u015f vasit\u0259l\u0259rl\u0259 bal\u0131q ovundan \u00e7\u0259kinm\u0259y\u0259, ictimaiyy\u0259ti is\u0259 bu m\u0259s\u0259l\u0259d\u0259 s\u0259rt, ciddi m\u00f6vqe tutma\u011fa \u00e7a\u011f\u0131r\u0131r\u0131q. Hesab edirik ki,c\u0259miyy\u0259tin t\u0259nbehi onlar\u0131n c\u0259zaland\u0131r\u0131lmas\u0131ndan daha t\u0259sirli olar&#8221;.<\/p>\n<p>K.K\u0259rimli ictimaiyy\u0259t n\u00fcmay\u0259nd\u0259l\u0259rind\u0259n, h\u0259v\u0259skar bal\u0131q\u00e7\u0131lardan qada\u011fan olunmu\u015f ov vasit\u0259l\u0259ri, sintetik torlar, elektrik c\u0259r\u0259yanlar\u0131 il\u0259 bal\u0131q ovlayanlar\u0131n kimliyi bar\u0259d\u0259 h\u00fcquq-m\u00fchafiz\u0259 orqanlar\u0131na v\u0259 ETSN-y\u0259 m\u0259lumat verm\u0259yi xahi\u015f edib.Unikal.org<br \/>\n<img class=\"imgbcode\" src=\"https:\/\/sonxeber.az\/uploads\/1581062469_ek.jpg\" alt=\"Bu vasit\u0259sil\u0259 bal\u0131q ovlayan \u015f\u0259xsl\u0259r c\u0259zaland\u0131 - FOTO\" \/><\/p>\n","protected":false},"excerpt":{"rendered":"<p>Su h\u00f6vz\u0259l\u0259rinin sintetik torlardan v\u0259 qada\u011fan olunmu\u015f dig\u0259r ov vasit\u0259l\u0259rind\u0259n t\u0259mizl\u0259nm\u0259si m\u0259qs\u0259dil\u0259 n\u00f6vb\u0259ti reyd \u0130mi\u015fli rayonu \u0259razisind\u0259ki daxili su h\u00f6vz\u0259l\u0259rind\u0259 ke\u00e7irilib. Reyd zaman\u0131 rayonun Qarag\u00fcv\u0259ndikli k\u0259ndi \u0259razisind\u0259 yerl\u0259\u015f\u0259n sututarlarda qanunla qada\u011fan olunmu\u015f elektrik c\u0259r\u0259yan\u0131 vasit\u0259sil\u0259 bal\u0131q ovlayan \u015f\u0259xsl\u0259r saxlan\u0131l\u0131b. ARANTV.AZ\u00a0 x\u0259b\u0259r verir ki, Bunu jurnalistl\u0259r\u0259 3 sayl\u0131 Regional Ekologiya v\u0259 T\u0259bii S\u0259rv\u0259tl\u0259r \u0130dar\u0259sinin r\u0259isi K\u0259nan K\u0259rimov bildirib. O qeyd edib ki, ara\u015fd\u0131rma zaman\u0131 brakonyerl\u0259rin \u0130mi\u015fli rayon sakinl\u0259ri X\u0259yyam M\u0259mm\u0259dov v\u0259 V\u00fcsal H\u00fcseynov olduqlar\u0131 m\u00fc\u0259yy\u0259n edilib, onlardan qada\u011fan olunmu\u015f ov al\u0259tl\u0259ri g\u00f6t\u00fcr\u00fcl\u00fcb. T\u0259qsirkar \u015f\u0259xsl\u0259rin m\u0259suliyy\u0259t\u0259 c\u0259lb edilm\u0259si \u00fc\u00e7\u00fcn \u0130mi\u015fli rayon Polis&hellip;<\/p>\n","protected":false},"author":2,"featured_media":128014,"comment_status":"closed","ping_status":"closed","sticky":false,"template":"","format":"standard","meta":{"om_disable_all_campaigns":false,"_monsterinsights_skip_tracking":false,"_monsterinsights_sitenote_active":false,"_monsterinsights_sitenote_note":"","_monsterinsights_sitenote_category":0},"categories":[1],"tags":[],"aioseo_notices":[],"gutentor_comment":0,"rttpg_featured_image_url":{"full":["https:\/\/arantv.az\/wp-content\/uploads\/2020\/02\/1581062469_ek2.jpg",550,310,false],"landscape":["https:\/\/arantv.az\/wp-content\/uploads\/2020\/02\/1581062469_ek2.jpg",550,310,false],"portraits":["https:\/\/arantv.az\/wp-content\/uploads\/2020\/02\/1581062469_ek2.jpg",550,310,false],"thumbnail":["https:\/\/arantv.az\/wp-content\/uploads\/2020\/02\/1581062469_ek2-150x150.jpg",150,150,true],"medium":["https:\/\/arantv.az\/wp-content\/uploads\/2020\/02\/1581062469_ek2-300x169.jpg",300,169,true],"large":["https:\/\/arantv.az\/wp-content\/uploads\/2020\/02\/1581062469_ek2.jpg",550,310,false],"1536x1536":["https:\/\/arantv.az\/wp-content\/uploads\/2020\/02\/1581062469_ek2.jpg",550,310,false],"2048x2048":["https:\/\/arantv.az\/wp-content\/uploads\/2020\/02\/1581062469_ek2.jpg",550,310,false],"post-thumbnail":["https:\/\/arantv.az\/wp-content\/uploads\/2020\/02\/1581062469_ek2-240x172.jpg",240,172,true],"advps-thumb-one":["https:\/\/arantv.az\/wp-content\/uploads\/2020\/02\/1581062469_ek2.jpg",550,310,false]},"rttpg_author":{"display_name":"V\u00fcsal Rafiqo\u011flu","author_link":"https:\/\/arantv.az\/?author=2"},"rttpg_comment":0,"rttpg_category":"<a href=\"https:\/\/arantv.az\/?cat=1\" rel=\"category\">C\u0259miyy\u0259t<\/a>","rttpg_excerpt":"Su h\u00f6vz\u0259l\u0259rinin sintetik torlardan v\u0259 qada\u011fan olunmu\u015f dig\u0259r ov vasit\u0259l\u0259rind\u0259n t\u0259mizl\u0259nm\u0259si m\u0259qs\u0259dil\u0259 n\u00f6vb\u0259ti reyd \u0130mi\u015fli rayonu \u0259razisind\u0259ki daxili su h\u00f6vz\u0259l\u0259rind\u0259 ke\u00e7irilib. Reyd zaman\u0131 rayonun Qarag\u00fcv\u0259ndikli k\u0259ndi \u0259razisind\u0259 yerl\u0259\u015f\u0259n sututarlarda qanunla qada\u011fan olunmu\u015f elektrik c\u0259r\u0259yan\u0131 vasit\u0259sil\u0259 bal\u0131q ovlayan \u015f\u0259xsl\u0259r saxlan\u0131l\u0131b. ARANTV.AZ\u00a0 x\u0259b\u0259r verir ki, Bunu jurnalistl\u0259r\u0259 3 sayl\u0131 Regional Ekologiya v\u0259 T\u0259bii S\u0259rv\u0259tl\u0259r \u0130dar\u0259sinin r\u0259isi K\u0259nan&hellip;","_links":{"self":[{"href":"https:\/\/arantv.az\/index.php?rest_route=\/wp\/v2\/posts\/128013"}],"collection":[{"href":"https:\/\/arantv.az\/index.php?rest_route=\/wp\/v2\/posts"}],"about":[{"href":"https:\/\/arantv.az\/index.php?rest_route=\/wp\/v2\/types\/post"}],"author":[{"embeddable":true,"href":"https:\/\/arantv.az\/index.php?rest_route=\/wp\/v2\/users\/2"}],"replies":[{"embeddable":true,"href":"https:\/\/arantv.az\/index.php?rest_route=%2Fwp%2Fv2%2Fcomments&post=128013"}],"version-history":[{"count":0,"href":"https:\/\/arantv.az\/index.php?rest_route=\/wp\/v2\/posts\/128013\/revisions"}],"wp:featuredmedia":[{"embeddable":true,"href":"https:\/\/arantv.az\/index.php?rest_route=\/wp\/v2\/media\/128014"}],"wp:attachment":[{"href":"https:\/\/arantv.az\/index.php?rest_route=%2Fwp%2Fv2%2Fmedia&parent=128013"}],"wp:term":[{"taxonomy":"category","embeddable":true,"href":"https:\/\/arantv.az\/index.php?rest_route=%2Fwp%2Fv2%2Fcategories&post=128013"},{"taxonomy":"post_tag","embeddable":true,"href":"https:\/\/arantv.az\/index.php?rest_route=%2Fwp%2Fv2%2Ftags&post=128013"}],"curies":[{"name":"wp","href":"https:\/\/api.w.org\/{rel}","templated":true}]}}