{"id":128081,"date":"2020-02-07T12:46:29","date_gmt":"2020-02-07T09:46:29","guid":{"rendered":"http:\/\/arantv.az\/?p=128081"},"modified":"2020-02-07T12:46:29","modified_gmt":"2020-02-07T09:46:29","slug":"turkiy%c9%99nin-boyuk-s%c9%99h%c9%99rl%c9%99rind%c9%99-terror-hazirlayanlar-bel%c9%99-%c9%99l%c9%99-kecdi-video","status":"publish","type":"post","link":"https:\/\/arantv.az\/?p=128081","title":{"rendered":"T\u00fcrkiy\u0259nin b\u00f6y\u00fck \u015f\u0259h\u0259rl\u0259rind\u0259 terror haz\u0131rlayanlar bel\u0259 \u0259l\u0259 ke\u00e7di &#8211; V\u0130DEO"},"content":{"rendered":"<article class=\"news\">\n<div class=\"news-inner\">\n<p>T\u00fcrkiy\u0259nin Bursa vilay\u0259tind\u0259 polis\u00a0PKK\/KCK terror t\u0259\u015fkilat\u0131n\u0131n \u00fczvl\u0259rini h\u0259bs edib. \u015e\u00fcbh\u0259lil\u0259rin etiraf\u0131ndan sonra onlar\u0131n gizl\u0259tdikl\u0259ri partlay\u0131c\u0131 madd\u0259 a\u015fkarlanaraq m\u00fcsadir\u0259 edilib.<\/p>\n<p>Bu bar\u0259d\u0259 \u201cHaber7\u201d m\u0259lumat yay\u0131b.<\/p>\n<p>Veril\u0259n m\u0259lumata g\u00f6r\u0259, Bursa Vilay\u0259t Polis \u0130dar\u0259sinin \u0259m\u0259kda\u015flar\u0131 t\u0259r\u0259find\u0259n PKK\/KCK terror t\u0259\u015fkilat\u0131n\u0131n \u00fczvl\u0259ri 31 ya\u015fl\u0131 H.D. v\u0259 26 ya\u015fl\u0131 F.K.\u00a0saxlan\u0131l\u0131b. \u0130stintaq zaman\u0131 onlar\u0131n Niluf\u0259r rayonunun \u00c7al\u0131 m\u0259h\u0259ll\u0259sind\u0259 me\u015f\u0259lik \u0259razid\u0259 partlay\u0131c\u0131 basd\u0131rd\u0131qlar\u0131 m\u0259lum olub. Axtar\u0131\u015flar zaman\u0131 5.5 kiloqram partlay\u0131c\u0131 madd\u0259 \u0259l\u0259 ke\u00e7irilib.<\/p>\n<p>H\u0259rt\u0259r\u0259fli ara\u015fd\u0131rmadan sonra \u015f\u00fcbh\u0259lil\u0259r\u0259 k\u00f6m\u0259k ed\u0259n daha iki n\u0259f\u0259r &#8211; N.E. v\u0259 B.K.\u00a0Kocaeli v\u0259 Antalya \u015f\u0259h\u0259rl\u0259rind\u0259 saxlan\u0131l\u0131blar.<\/p>\n<p>Hadis\u0259 il\u0259 ba\u011fl\u0131 t\u0259hqiqatlar davam edir. Polis terror\u00e7ular\u0131n ba\u015fqa \u0259razil\u0259rd\u0259 d\u0259 partlay\u0131c\u0131 madd\u0259 basd\u0131rmaq ehtimal\u0131n\u0131 ara\u015fd\u0131r\u0131r.<\/p>\n<p>Qeyd ed\u0259k ki, \u00f6t\u0259n g\u00fcn T\u00fcrkiy\u0259 Daxili \u0130\u015fl\u0259r Nazirliyi (DS\u0130N) b\u00f6y\u00fck \u015f\u0259h\u0259rl\u0259rd\u0259 terror akt\u0131 h\u0259yata ke\u00e7irm\u0259y\u0259 \u00e7al\u0131\u015fan iki terror\u00e7unun 5,5 kiloqram partlay\u0131c\u0131 il\u0259 \u0259l\u0259 ke\u00e7irildiyini bildirmi\u015fdi. Bel\u0259likl\u0259, PKK\/KCK \u00fczvl\u0259rinin terror plan\u0131 Bursa polisinin u\u011furlu \u0259m\u0259liyyatlar\u0131 say\u0259sind\u0259 ba\u015f tutmay\u0131b.<\/p>\n<div><iframe loading=\"lazy\" src=\"https:\/\/player.baku.tv\/embed\/14037\" width=\"560\" height=\"315\" frameborder=\"0\" allowfullscreen=\"allowfullscreen\" data-mce-fragment=\"1\"><\/iframe><\/div>\n<\/div>\n<\/article>\n<h2 class=\"news-share-title\"><\/h2>\n","protected":false},"excerpt":{"rendered":"<p>T\u00fcrkiy\u0259nin Bursa vilay\u0259tind\u0259 polis\u00a0PKK\/KCK terror t\u0259\u015fkilat\u0131n\u0131n \u00fczvl\u0259rini h\u0259bs edib. \u015e\u00fcbh\u0259lil\u0259rin etiraf\u0131ndan sonra onlar\u0131n gizl\u0259tdikl\u0259ri partlay\u0131c\u0131 madd\u0259 a\u015fkarlanaraq m\u00fcsadir\u0259 edilib. Bu bar\u0259d\u0259 \u201cHaber7\u201d m\u0259lumat yay\u0131b. Veril\u0259n m\u0259lumata g\u00f6r\u0259, Bursa Vilay\u0259t Polis \u0130dar\u0259sinin \u0259m\u0259kda\u015flar\u0131 t\u0259r\u0259find\u0259n PKK\/KCK terror t\u0259\u015fkilat\u0131n\u0131n \u00fczvl\u0259ri 31 ya\u015fl\u0131 H.D. v\u0259 26 ya\u015fl\u0131 F.K.\u00a0saxlan\u0131l\u0131b. \u0130stintaq zaman\u0131 onlar\u0131n Niluf\u0259r rayonunun \u00c7al\u0131 m\u0259h\u0259ll\u0259sind\u0259 me\u015f\u0259lik \u0259razid\u0259 partlay\u0131c\u0131 basd\u0131rd\u0131qlar\u0131 m\u0259lum olub. Axtar\u0131\u015flar zaman\u0131 5.5 kiloqram partlay\u0131c\u0131 madd\u0259 \u0259l\u0259 ke\u00e7irilib. H\u0259rt\u0259r\u0259fli ara\u015fd\u0131rmadan sonra \u015f\u00fcbh\u0259lil\u0259r\u0259 k\u00f6m\u0259k ed\u0259n daha iki n\u0259f\u0259r &#8211; N.E. v\u0259 B.K.\u00a0Kocaeli v\u0259 Antalya \u015f\u0259h\u0259rl\u0259rind\u0259 saxlan\u0131l\u0131blar. Hadis\u0259 il\u0259 ba\u011fl\u0131 t\u0259hqiqatlar davam edir. Polis terror\u00e7ular\u0131n&hellip;<\/p>\n","protected":false},"author":2,"featured_media":128082,"comment_status":"closed","ping_status":"closed","sticky":false,"template":"","format":"standard","meta":{"om_disable_all_campaigns":false,"_monsterinsights_skip_tracking":false,"_monsterinsights_sitenote_active":false,"_monsterinsights_sitenote_note":"","_monsterinsights_sitenote_category":0},"categories":[7],"tags":[],"aioseo_notices":[],"gutentor_comment":0,"rttpg_featured_image_url":{"full":["https:\/\/arantv.az\/wp-content\/uploads\/2020\/02\/page-2.jpg",620,288,false],"landscape":["https:\/\/arantv.az\/wp-content\/uploads\/2020\/02\/page-2.jpg",620,288,false],"portraits":["https:\/\/arantv.az\/wp-content\/uploads\/2020\/02\/page-2.jpg",620,288,false],"thumbnail":["https:\/\/arantv.az\/wp-content\/uploads\/2020\/02\/page-2-150x150.jpg",150,150,true],"medium":["https:\/\/arantv.az\/wp-content\/uploads\/2020\/02\/page-2-300x139.jpg",300,139,true],"large":["https:\/\/arantv.az\/wp-content\/uploads\/2020\/02\/page-2.jpg",620,288,false],"1536x1536":["https:\/\/arantv.az\/wp-content\/uploads\/2020\/02\/page-2.jpg",620,288,false],"2048x2048":["https:\/\/arantv.az\/wp-content\/uploads\/2020\/02\/page-2.jpg",620,288,false],"post-thumbnail":["https:\/\/arantv.az\/wp-content\/uploads\/2020\/02\/page-2-240x172.jpg",240,172,true],"advps-thumb-one":["https:\/\/arantv.az\/wp-content\/uploads\/2020\/02\/page-2.jpg",620,288,false]},"rttpg_author":{"display_name":"V\u00fcsal Rafiqo\u011flu","author_link":"https:\/\/arantv.az\/?author=2"},"rttpg_comment":0,"rttpg_category":"<a href=\"https:\/\/arantv.az\/?cat=7\" rel=\"category\">D\u00fcnya<\/a>","rttpg_excerpt":"T\u00fcrkiy\u0259nin Bursa vilay\u0259tind\u0259 polis\u00a0PKK\/KCK terror t\u0259\u015fkilat\u0131n\u0131n \u00fczvl\u0259rini h\u0259bs edib. \u015e\u00fcbh\u0259lil\u0259rin etiraf\u0131ndan sonra onlar\u0131n gizl\u0259tdikl\u0259ri partlay\u0131c\u0131 madd\u0259 a\u015fkarlanaraq m\u00fcsadir\u0259 edilib. Bu bar\u0259d\u0259 \u201cHaber7\u201d m\u0259lumat yay\u0131b. Veril\u0259n m\u0259lumata g\u00f6r\u0259, Bursa Vilay\u0259t Polis \u0130dar\u0259sinin \u0259m\u0259kda\u015flar\u0131 t\u0259r\u0259find\u0259n PKK\/KCK terror t\u0259\u015fkilat\u0131n\u0131n \u00fczvl\u0259ri 31 ya\u015fl\u0131 H.D. v\u0259 26 ya\u015fl\u0131 F.K.\u00a0saxlan\u0131l\u0131b. \u0130stintaq zaman\u0131 onlar\u0131n Niluf\u0259r rayonunun \u00c7al\u0131 m\u0259h\u0259ll\u0259sind\u0259 me\u015f\u0259lik \u0259razid\u0259 partlay\u0131c\u0131 basd\u0131rd\u0131qlar\u0131&hellip;","_links":{"self":[{"href":"https:\/\/arantv.az\/index.php?rest_route=\/wp\/v2\/posts\/128081"}],"collection":[{"href":"https:\/\/arantv.az\/index.php?rest_route=\/wp\/v2\/posts"}],"about":[{"href":"https:\/\/arantv.az\/index.php?rest_route=\/wp\/v2\/types\/post"}],"author":[{"embeddable":true,"href":"https:\/\/arantv.az\/index.php?rest_route=\/wp\/v2\/users\/2"}],"replies":[{"embeddable":true,"href":"https:\/\/arantv.az\/index.php?rest_route=%2Fwp%2Fv2%2Fcomments&post=128081"}],"version-history":[{"count":0,"href":"https:\/\/arantv.az\/index.php?rest_route=\/wp\/v2\/posts\/128081\/revisions"}],"wp:featuredmedia":[{"embeddable":true,"href":"https:\/\/arantv.az\/index.php?rest_route=\/wp\/v2\/media\/128082"}],"wp:attachment":[{"href":"https:\/\/arantv.az\/index.php?rest_route=%2Fwp%2Fv2%2Fmedia&parent=128081"}],"wp:term":[{"taxonomy":"category","embeddable":true,"href":"https:\/\/arantv.az\/index.php?rest_route=%2Fwp%2Fv2%2Fcategories&post=128081"},{"taxonomy":"post_tag","embeddable":true,"href":"https:\/\/arantv.az\/index.php?rest_route=%2Fwp%2Fv2%2Ftags&post=128081"}],"curies":[{"name":"wp","href":"https:\/\/api.w.org\/{rel}","templated":true}]}}