{"id":128112,"date":"2020-02-07T13:25:24","date_gmt":"2020-02-07T10:25:24","guid":{"rendered":"http:\/\/arantv.az\/?p=128112"},"modified":"2020-02-07T13:25:24","modified_gmt":"2020-02-07T10:25:24","slug":"hec-kim-unudulmur-hec-n%c9%99-yaddan-cixmir-videoreportaj","status":"publish","type":"post","link":"https:\/\/arantv.az\/?p=128112","title":{"rendered":"He\u00e7 kim unudulmur, he\u00e7 n\u0259 yaddan \u00e7\u0131xm\u0131r &#8211; V\u0130DEOREPORTAJ"},"content":{"rendered":"<p>Az\u0259rbaycanda b\u00fct\u00fcn \u015f\u0259hid ail\u0259l\u0259ri x\u00fcsusi diqq\u0259t v\u0259 qay\u011f\u0131 il\u0259 \u0259hat\u0259 olunub. D\u00f6vl\u0259tin diqq\u0259tini h\u0259r add\u0131mda hiss etdiyini dey\u0259n \u015f\u0259hid anas\u0131 N\u0259zak\u0259t \u018fhlimanova o\u011flunun V\u0259t\u0259n u\u011frunda can\u0131ndan ke\u00e7ib, \u015f\u0259hidlik zirv\u0259sin\u0259 ucalmas\u0131ndan f\u0259xar\u0259t hissi il\u0259 dan\u0131\u015f\u0131r.<\/p>\n<p>O, m\u00fcsahib\u0259si zaman\u0131 o\u011flunun \u015f\u0259hid olmas\u0131n\u0131 q\u00fcrurla qar\u015f\u0131lad\u0131\u011f\u0131n\u0131 tez-tez s\u0259sl\u0259ndirirdi. Bu ifad\u0259ni bir \u015f\u0259hid anas\u0131n\u0131n dilind\u0259n e\u015fitm\u0259k is\u0259 m\u0259ni daha da q\u00fcrurland\u0131r\u0131rd\u0131. O\u011flunun m\u0259kt\u0259b ill\u0259rind\u0259n t\u0259l\u0259b\u0259lik d\u00f6vr\u00fcn\u0259 v\u0259 h\u0259rbi xidm\u0259t\u0259 \u00e7a\u011f\u0131r\u0131ld\u0131\u011f\u0131 vaxtdan \u015f\u0259hid oldu\u011fu g\u00fcn\u0259 q\u0259d\u0259r ke\u00e7diyi \u00f6m\u00fcr yolunu v\u0259r\u0259ql\u0259y\u0259n \u015f\u0259hid anas\u0131n\u0131n h\u0259r s\u00f6z\u00fcnd\u0259 d\u00f6vl\u0259tin diqq\u0259t v\u0259 qay\u011f\u0131s\u0131n\u0131n b\u00fct\u00fcn izl\u0259rini g\u00f6rm\u0259k olurdu.<\/p>\n<p>Report\u00a0\u015f\u0259hid Tural Ya\u015far o\u011flu \u018fhlimanl\u0131n\u0131n ya\u015fad\u0131\u011f\u0131 evd\u0259n haz\u0131rlad\u0131\u011f\u0131 videoreportaj\u0131 t\u0259qdim edir.<\/p>\n<div id=\"AdviadNativeVideo0\" class=\"AdviadNativeVideo\"><\/div>\n<div><iframe loading=\"lazy\" src=\"https:\/\/www.youtube.com\/embed\/xCJuG1zIR0c\" width=\"560\" height=\"315\" frameborder=\"0\" allowfullscreen=\"allowfullscreen\" data-mce-fragment=\"1\"><\/iframe><\/div>\n<p>Xat\u0131rladaq ki, \u015f\u0259hid Tural Ya\u015far o\u011flu \u018fhlimanl\u0131 1991-ci ild\u0259 Beyl\u0259qan rayonunda anadan olub. Orta m\u0259kt\u0259bi bitirdikd\u0259n sonra T\u0259f\u0259kk\u00fcr Universitetind\u0259 ali t\u0259hsil al\u0131b. Universiteti ba\u015fa \u00e7atd\u0131rd\u0131qdan sonra is\u0259 h\u0259rbi xidm\u0259t\u0259 \u00e7a\u011f\u0131r\u0131l\u0131b.<\/p>\n<p>O, xidm\u0259t etdiyi m\u00fcdd\u0259td\u0259 d\u0259f\u0259l\u0259rl\u0259 Erm\u0259nistan silahl\u0131 q\u00fcvv\u0259l\u0259rinin Az\u0259rbaycan\u0131n Tovuz rayonu \u0259razisind\u0259ki t\u0259mas x\u0259ttin\u0259 yax\u0131n \u0259razil\u0259rd\u0259 ya\u015fayan yerli sakinl\u0259r\u0259 qar\u015f\u0131 ke\u00e7irdiyi \u0259m\u0259liyyatlar\u0131n qar\u015f\u0131s\u0131n\u0131n al\u0131nmas\u0131nda i\u015ftirak edib. 2015-ci ild\u0259 d\u00fc\u015fm\u0259n t\u0259r\u0259finin yenid\u0259n Az\u0259rbaycana qar\u015f\u0131 h\u0259yata ke\u00e7irdiyi n\u00f6vb\u0259ti t\u0259xribat\u0131n qar\u015f\u0131s\u0131n\u0131 alark\u0259n \u015f\u0259hid olub.<\/p>\n<p>Qeyd ed\u0259k ki, M\u00fcdafi\u0259 Nazirliyi t\u0259r\u0259find\u0259n h\u0259yata ke\u00e7iril\u0259n \u201c\u015e\u0259hidl\u0259r unudulmur\u201d layih\u0259si \u00e7\u0259r\u00e7iv\u0259sind\u0259 Beyl\u0259qan rayon 2 sayl\u0131 tam orta m\u0259kt\u0259bin qabaqc\u0131l sinfin\u0259 \u015f\u0259hid \u018fhlimanl\u0131 Tural\u0131n ad\u0131 verilib. H\u0259min sinifd\u0259 \u015f\u0259hidin xatir\u0259 l\u00f6vh\u0259si v\u0259 fotolar\u0131ndan ibar\u0259t stend qoyulub.<\/p>\n","protected":false},"excerpt":{"rendered":"<p>Az\u0259rbaycanda b\u00fct\u00fcn \u015f\u0259hid ail\u0259l\u0259ri x\u00fcsusi diqq\u0259t v\u0259 qay\u011f\u0131 il\u0259 \u0259hat\u0259 olunub. D\u00f6vl\u0259tin diqq\u0259tini h\u0259r add\u0131mda hiss etdiyini dey\u0259n \u015f\u0259hid anas\u0131 N\u0259zak\u0259t \u018fhlimanova o\u011flunun V\u0259t\u0259n u\u011frunda can\u0131ndan ke\u00e7ib, \u015f\u0259hidlik zirv\u0259sin\u0259 ucalmas\u0131ndan f\u0259xar\u0259t hissi il\u0259 dan\u0131\u015f\u0131r. O, m\u00fcsahib\u0259si zaman\u0131 o\u011flunun \u015f\u0259hid olmas\u0131n\u0131 q\u00fcrurla qar\u015f\u0131lad\u0131\u011f\u0131n\u0131 tez-tez s\u0259sl\u0259ndirirdi. Bu ifad\u0259ni bir \u015f\u0259hid anas\u0131n\u0131n dilind\u0259n e\u015fitm\u0259k is\u0259 m\u0259ni daha da q\u00fcrurland\u0131r\u0131rd\u0131. O\u011flunun m\u0259kt\u0259b ill\u0259rind\u0259n t\u0259l\u0259b\u0259lik d\u00f6vr\u00fcn\u0259 v\u0259 h\u0259rbi xidm\u0259t\u0259 \u00e7a\u011f\u0131r\u0131ld\u0131\u011f\u0131 vaxtdan \u015f\u0259hid oldu\u011fu g\u00fcn\u0259 q\u0259d\u0259r ke\u00e7diyi \u00f6m\u00fcr yolunu v\u0259r\u0259ql\u0259y\u0259n \u015f\u0259hid anas\u0131n\u0131n h\u0259r s\u00f6z\u00fcnd\u0259 d\u00f6vl\u0259tin diqq\u0259t v\u0259 qay\u011f\u0131s\u0131n\u0131n b\u00fct\u00fcn izl\u0259rini g\u00f6rm\u0259k olurdu. Report\u00a0\u015f\u0259hid Tural Ya\u015far o\u011flu&hellip;<\/p>\n","protected":false},"author":2,"featured_media":128113,"comment_status":"closed","ping_status":"closed","sticky":false,"template":"","format":"standard","meta":{"om_disable_all_campaigns":false,"_monsterinsights_skip_tracking":false,"_monsterinsights_sitenote_active":false,"_monsterinsights_sitenote_note":"","_monsterinsights_sitenote_category":0},"categories":[1],"tags":[],"aioseo_notices":[],"gutentor_comment":0,"rttpg_featured_image_url":{"full":["https:\/\/arantv.az\/wp-content\/uploads\/2020\/02\/04347b1d-f424-4b48-a0eb-284ac776a4b3.jpg",620,426,false],"landscape":["https:\/\/arantv.az\/wp-content\/uploads\/2020\/02\/04347b1d-f424-4b48-a0eb-284ac776a4b3.jpg",620,426,false],"portraits":["https:\/\/arantv.az\/wp-content\/uploads\/2020\/02\/04347b1d-f424-4b48-a0eb-284ac776a4b3.jpg",620,426,false],"thumbnail":["https:\/\/arantv.az\/wp-content\/uploads\/2020\/02\/04347b1d-f424-4b48-a0eb-284ac776a4b3-150x150.jpg",150,150,true],"medium":["https:\/\/arantv.az\/wp-content\/uploads\/2020\/02\/04347b1d-f424-4b48-a0eb-284ac776a4b3-300x206.jpg",300,206,true],"large":["https:\/\/arantv.az\/wp-content\/uploads\/2020\/02\/04347b1d-f424-4b48-a0eb-284ac776a4b3.jpg",620,426,false],"1536x1536":["https:\/\/arantv.az\/wp-content\/uploads\/2020\/02\/04347b1d-f424-4b48-a0eb-284ac776a4b3.jpg",620,426,false],"2048x2048":["https:\/\/arantv.az\/wp-content\/uploads\/2020\/02\/04347b1d-f424-4b48-a0eb-284ac776a4b3.jpg",620,426,false],"post-thumbnail":["https:\/\/arantv.az\/wp-content\/uploads\/2020\/02\/04347b1d-f424-4b48-a0eb-284ac776a4b3-240x172.jpg",240,172,true],"advps-thumb-one":["https:\/\/arantv.az\/wp-content\/uploads\/2020\/02\/04347b1d-f424-4b48-a0eb-284ac776a4b3.jpg",620,426,false]},"rttpg_author":{"display_name":"V\u00fcsal Rafiqo\u011flu","author_link":"https:\/\/arantv.az\/?author=2"},"rttpg_comment":0,"rttpg_category":"<a href=\"https:\/\/arantv.az\/?cat=1\" rel=\"category\">C\u0259miyy\u0259t<\/a>","rttpg_excerpt":"Az\u0259rbaycanda b\u00fct\u00fcn \u015f\u0259hid ail\u0259l\u0259ri x\u00fcsusi diqq\u0259t v\u0259 qay\u011f\u0131 il\u0259 \u0259hat\u0259 olunub. D\u00f6vl\u0259tin diqq\u0259tini h\u0259r add\u0131mda hiss etdiyini dey\u0259n \u015f\u0259hid anas\u0131 N\u0259zak\u0259t \u018fhlimanova o\u011flunun V\u0259t\u0259n u\u011frunda can\u0131ndan ke\u00e7ib, \u015f\u0259hidlik zirv\u0259sin\u0259 ucalmas\u0131ndan f\u0259xar\u0259t hissi il\u0259 dan\u0131\u015f\u0131r. O, m\u00fcsahib\u0259si zaman\u0131 o\u011flunun \u015f\u0259hid olmas\u0131n\u0131 q\u00fcrurla qar\u015f\u0131lad\u0131\u011f\u0131n\u0131 tez-tez s\u0259sl\u0259ndirirdi. Bu ifad\u0259ni bir \u015f\u0259hid anas\u0131n\u0131n dilind\u0259n e\u015fitm\u0259k is\u0259 m\u0259ni daha da&hellip;","_links":{"self":[{"href":"https:\/\/arantv.az\/index.php?rest_route=\/wp\/v2\/posts\/128112"}],"collection":[{"href":"https:\/\/arantv.az\/index.php?rest_route=\/wp\/v2\/posts"}],"about":[{"href":"https:\/\/arantv.az\/index.php?rest_route=\/wp\/v2\/types\/post"}],"author":[{"embeddable":true,"href":"https:\/\/arantv.az\/index.php?rest_route=\/wp\/v2\/users\/2"}],"replies":[{"embeddable":true,"href":"https:\/\/arantv.az\/index.php?rest_route=%2Fwp%2Fv2%2Fcomments&post=128112"}],"version-history":[{"count":0,"href":"https:\/\/arantv.az\/index.php?rest_route=\/wp\/v2\/posts\/128112\/revisions"}],"wp:featuredmedia":[{"embeddable":true,"href":"https:\/\/arantv.az\/index.php?rest_route=\/wp\/v2\/media\/128113"}],"wp:attachment":[{"href":"https:\/\/arantv.az\/index.php?rest_route=%2Fwp%2Fv2%2Fmedia&parent=128112"}],"wp:term":[{"taxonomy":"category","embeddable":true,"href":"https:\/\/arantv.az\/index.php?rest_route=%2Fwp%2Fv2%2Fcategories&post=128112"},{"taxonomy":"post_tag","embeddable":true,"href":"https:\/\/arantv.az\/index.php?rest_route=%2Fwp%2Fv2%2Ftags&post=128112"}],"curies":[{"name":"wp","href":"https:\/\/api.w.org\/{rel}","templated":true}]}}