{"id":128116,"date":"2020-02-07T13:26:21","date_gmt":"2020-02-07T10:26:21","guid":{"rendered":"http:\/\/arantv.az\/?p=128116"},"modified":"2020-02-07T13:26:21","modified_gmt":"2020-02-07T10:26:21","slug":"bakida-aptek-mudirinin-asilmis-meyiti-tapildi","status":"publish","type":"post","link":"https:\/\/arantv.az\/?p=128116","title":{"rendered":"Bak\u0131da aptek m\u00fcdirinin as\u0131lm\u0131\u015f meyiti tap\u0131ld\u0131"},"content":{"rendered":"<p>Bak\u0131da aptek m\u00fcdirinin meyiti i\u015f yerind\u0259 as\u0131lm\u0131\u015f v\u0259ziyy\u0259td\u0259\u00a0tap\u0131l\u0131b.<\/p>\n<p><strong>ARANTV.AZ<\/strong>-\u0131n m\u0259lumat\u0131na g\u00f6r\u0259, hadis\u0259 paytaxt\u0131n Yasamal rayonunda qeyd\u0259 al\u0131n\u0131b. Rayon \u0259razisind\u0259 yerl\u0259\u015f\u0259n aptekl\u0259rd\u0259n birind\u0259 as\u0131lm\u0131\u015f ki\u015fi meyiti a\u015fkar edilib.<\/p>\n<div id=\"AdviadNativeVideo0\" class=\"AdviadNativeVideo\"><\/div>\n<p>Ara\u015fd\u0131rmalar zaman\u0131 m\u0259lum olub ki, meyiti tap\u0131lan\u00a0\u015f\u0259xs h\u0259min aptekin sahibi, 1971-ci il t\u0259v\u0259ll\u00fcdl\u00fc H\u0259s\u0259nov S\u0259nan \u018fmrah o\u011fludur.<\/p>\n<p>Faktla ba\u011fl\u0131 ara\u015fd\u0131rma apar\u0131l\u0131r.APA<\/p>\n","protected":false},"excerpt":{"rendered":"<p>Bak\u0131da aptek m\u00fcdirinin meyiti i\u015f yerind\u0259 as\u0131lm\u0131\u015f v\u0259ziyy\u0259td\u0259\u00a0tap\u0131l\u0131b. ARANTV.AZ-\u0131n m\u0259lumat\u0131na g\u00f6r\u0259, hadis\u0259 paytaxt\u0131n Yasamal rayonunda qeyd\u0259 al\u0131n\u0131b. Rayon \u0259razisind\u0259 yerl\u0259\u015f\u0259n aptekl\u0259rd\u0259n birind\u0259 as\u0131lm\u0131\u015f ki\u015fi meyiti a\u015fkar edilib. Ara\u015fd\u0131rmalar zaman\u0131 m\u0259lum olub ki, meyiti tap\u0131lan\u00a0\u015f\u0259xs h\u0259min aptekin sahibi, 1971-ci il t\u0259v\u0259ll\u00fcdl\u00fc H\u0259s\u0259nov S\u0259nan \u018fmrah o\u011fludur. Faktla ba\u011fl\u0131 ara\u015fd\u0131rma apar\u0131l\u0131r.APA<\/p>\n","protected":false},"author":2,"featured_media":128117,"comment_status":"closed","ping_status":"closed","sticky":false,"template":"","format":"standard","meta":{"om_disable_all_campaigns":false,"_monsterinsights_skip_tracking":false,"_monsterinsights_sitenote_active":false,"_monsterinsights_sitenote_note":"","_monsterinsights_sitenote_category":0},"categories":[5],"tags":[],"aioseo_notices":[],"gutentor_comment":0,"rttpg_featured_image_url":{"full":["https:\/\/arantv.az\/wp-content\/uploads\/2020\/02\/as.jpg",620,465,false],"landscape":["https:\/\/arantv.az\/wp-content\/uploads\/2020\/02\/as.jpg",620,465,false],"portraits":["https:\/\/arantv.az\/wp-content\/uploads\/2020\/02\/as.jpg",620,465,false],"thumbnail":["https:\/\/arantv.az\/wp-content\/uploads\/2020\/02\/as-150x150.jpg",150,150,true],"medium":["https:\/\/arantv.az\/wp-content\/uploads\/2020\/02\/as-300x225.jpg",300,225,true],"large":["https:\/\/arantv.az\/wp-content\/uploads\/2020\/02\/as.jpg",620,465,false],"1536x1536":["https:\/\/arantv.az\/wp-content\/uploads\/2020\/02\/as.jpg",620,465,false],"2048x2048":["https:\/\/arantv.az\/wp-content\/uploads\/2020\/02\/as.jpg",620,465,false],"post-thumbnail":["https:\/\/arantv.az\/wp-content\/uploads\/2020\/02\/as-240x172.jpg",240,172,true],"advps-thumb-one":["https:\/\/arantv.az\/wp-content\/uploads\/2020\/02\/as.jpg",620,465,false]},"rttpg_author":{"display_name":"V\u00fcsal Rafiqo\u011flu","author_link":"https:\/\/arantv.az\/?author=2"},"rttpg_comment":0,"rttpg_category":"<a href=\"https:\/\/arantv.az\/?cat=5\" rel=\"category\">Hadis\u0259<\/a>","rttpg_excerpt":"Bak\u0131da aptek m\u00fcdirinin meyiti i\u015f yerind\u0259 as\u0131lm\u0131\u015f v\u0259ziyy\u0259td\u0259\u00a0tap\u0131l\u0131b. ARANTV.AZ-\u0131n m\u0259lumat\u0131na g\u00f6r\u0259, hadis\u0259 paytaxt\u0131n Yasamal rayonunda qeyd\u0259 al\u0131n\u0131b. Rayon \u0259razisind\u0259 yerl\u0259\u015f\u0259n aptekl\u0259rd\u0259n birind\u0259 as\u0131lm\u0131\u015f ki\u015fi meyiti a\u015fkar edilib. Ara\u015fd\u0131rmalar zaman\u0131 m\u0259lum olub ki, meyiti tap\u0131lan\u00a0\u015f\u0259xs h\u0259min aptekin sahibi, 1971-ci il t\u0259v\u0259ll\u00fcdl\u00fc H\u0259s\u0259nov S\u0259nan \u018fmrah o\u011fludur. Faktla ba\u011fl\u0131 ara\u015fd\u0131rma apar\u0131l\u0131r.APA","_links":{"self":[{"href":"https:\/\/arantv.az\/index.php?rest_route=\/wp\/v2\/posts\/128116"}],"collection":[{"href":"https:\/\/arantv.az\/index.php?rest_route=\/wp\/v2\/posts"}],"about":[{"href":"https:\/\/arantv.az\/index.php?rest_route=\/wp\/v2\/types\/post"}],"author":[{"embeddable":true,"href":"https:\/\/arantv.az\/index.php?rest_route=\/wp\/v2\/users\/2"}],"replies":[{"embeddable":true,"href":"https:\/\/arantv.az\/index.php?rest_route=%2Fwp%2Fv2%2Fcomments&post=128116"}],"version-history":[{"count":0,"href":"https:\/\/arantv.az\/index.php?rest_route=\/wp\/v2\/posts\/128116\/revisions"}],"wp:featuredmedia":[{"embeddable":true,"href":"https:\/\/arantv.az\/index.php?rest_route=\/wp\/v2\/media\/128117"}],"wp:attachment":[{"href":"https:\/\/arantv.az\/index.php?rest_route=%2Fwp%2Fv2%2Fmedia&parent=128116"}],"wp:term":[{"taxonomy":"category","embeddable":true,"href":"https:\/\/arantv.az\/index.php?rest_route=%2Fwp%2Fv2%2Fcategories&post=128116"},{"taxonomy":"post_tag","embeddable":true,"href":"https:\/\/arantv.az\/index.php?rest_route=%2Fwp%2Fv2%2Ftags&post=128116"}],"curies":[{"name":"wp","href":"https:\/\/api.w.org\/{rel}","templated":true}]}}