{"id":128120,"date":"2020-02-07T13:28:46","date_gmt":"2020-02-07T10:28:46","guid":{"rendered":"http:\/\/arantv.az\/?p=128120"},"modified":"2020-02-07T13:28:46","modified_gmt":"2020-02-07T10:28:46","slug":"rusiya-turkiy%c9%99-il%c9%99-idlibi-muzakir%c9%99-ed%c9%99c%c9%99k","status":"publish","type":"post","link":"https:\/\/arantv.az\/?p=128120","title":{"rendered":"Rusiya T\u00fcrkiy\u0259 il\u0259 \u0130dlibi m\u00fczakir\u0259 ed\u0259c\u0259k"},"content":{"rendered":"<p>T\u00fcrkiy\u0259nin Xarici \u0130\u015fl\u0259r naziri M\u00f6vlud \u00c7avu\u015fo\u011flu, Rusiyadan bir hey\u0259tin \u0130dlibd\u0259ki son v\u0259ziyy\u0259ti m\u00fczakir\u0259 etm\u0259k \u00fc\u00e7\u00fcn sabah T\u00fcrkiy\u0259y\u0259 g\u0259l\u0259c\u0259yini s\u00f6yl\u0259yib.<\/p>\n<p><b>ARANTV.AZ<\/b> xeber verir ki, Xarici \u0130\u015fl\u0259r naziri M\u00f6vlud \u00c7avu\u015fo\u011flu, Slovakiyan\u0131n Xarici \u0130\u015fl\u0259r v\u0259 Avropa M\u0259s\u0259l\u0259l\u0259ri \u00fczr\u0259 naziri Lajcak il\u0259 g\u00f6r\u00fc\u015fd\u0259n sonra t\u0259\u015fkil edil\u0259n m\u0259tbuat konfrans\u0131nda g\u00fcnd\u0259m\u0259 dair vacib a\u00e7\u0131qlamalar verib. Rusiyadan bir hey\u0259tin sabah Ankaraya g\u0259l\u0259c\u0259yini bildir\u0259n nazir \u00c7avu\u015fo\u011flu, &#8220;Rejimin (\u018fs\u0259d rejimi n\u0259z\u0259rd\u0259 tutulur) t\u0259cav\u00fcz\u00fc art\u0131b. Rusiya il\u0259 bu prosesi yenid\u0259n d\u0259y\u0259rl\u0259ndir\u0259c\u0259yik. \u0130dlibd\u0259ki insani f\u0259lak\u0259tin dayand\u0131r\u0131lmas\u0131 \u00fc\u00e7\u00fcn n\u0259 laz\u0131md\u0131rsa ed\u0259c\u0259yik&#8221; deyib.Sonxeber.az<\/p>\n","protected":false},"excerpt":{"rendered":"<p>T\u00fcrkiy\u0259nin Xarici \u0130\u015fl\u0259r naziri M\u00f6vlud \u00c7avu\u015fo\u011flu, Rusiyadan bir hey\u0259tin \u0130dlibd\u0259ki son v\u0259ziyy\u0259ti m\u00fczakir\u0259 etm\u0259k \u00fc\u00e7\u00fcn sabah T\u00fcrkiy\u0259y\u0259 g\u0259l\u0259c\u0259yini s\u00f6yl\u0259yib. ARANTV.AZ xeber verir ki, Xarici \u0130\u015fl\u0259r naziri M\u00f6vlud \u00c7avu\u015fo\u011flu, Slovakiyan\u0131n Xarici \u0130\u015fl\u0259r v\u0259 Avropa M\u0259s\u0259l\u0259l\u0259ri \u00fczr\u0259 naziri Lajcak il\u0259 g\u00f6r\u00fc\u015fd\u0259n sonra t\u0259\u015fkil edil\u0259n m\u0259tbuat konfrans\u0131nda g\u00fcnd\u0259m\u0259 dair vacib a\u00e7\u0131qlamalar verib. Rusiyadan bir hey\u0259tin sabah Ankaraya g\u0259l\u0259c\u0259yini bildir\u0259n nazir \u00c7avu\u015fo\u011flu, &#8220;Rejimin (\u018fs\u0259d rejimi n\u0259z\u0259rd\u0259 tutulur) t\u0259cav\u00fcz\u00fc art\u0131b. Rusiya il\u0259 bu prosesi yenid\u0259n d\u0259y\u0259rl\u0259ndir\u0259c\u0259yik. \u0130dlibd\u0259ki insani f\u0259lak\u0259tin dayand\u0131r\u0131lmas\u0131 \u00fc\u00e7\u00fcn n\u0259 laz\u0131md\u0131rsa ed\u0259c\u0259yik&#8221; deyib.Sonxeber.az<\/p>\n","protected":false},"author":2,"featured_media":128121,"comment_status":"closed","ping_status":"closed","sticky":false,"template":"","format":"standard","meta":{"om_disable_all_campaigns":false,"_monsterinsights_skip_tracking":false,"_monsterinsights_sitenote_active":false,"_monsterinsights_sitenote_note":"","_monsterinsights_sitenote_category":0},"categories":[7],"tags":[],"aioseo_notices":[],"gutentor_comment":0,"rttpg_featured_image_url":{"full":["https:\/\/arantv.az\/wp-content\/uploads\/2020\/02\/1581070788unnamed.jpg",512,314,false],"landscape":["https:\/\/arantv.az\/wp-content\/uploads\/2020\/02\/1581070788unnamed.jpg",512,314,false],"portraits":["https:\/\/arantv.az\/wp-content\/uploads\/2020\/02\/1581070788unnamed.jpg",512,314,false],"thumbnail":["https:\/\/arantv.az\/wp-content\/uploads\/2020\/02\/1581070788unnamed-150x150.jpg",150,150,true],"medium":["https:\/\/arantv.az\/wp-content\/uploads\/2020\/02\/1581070788unnamed-300x184.jpg",300,184,true],"large":["https:\/\/arantv.az\/wp-content\/uploads\/2020\/02\/1581070788unnamed.jpg",512,314,false],"1536x1536":["https:\/\/arantv.az\/wp-content\/uploads\/2020\/02\/1581070788unnamed.jpg",512,314,false],"2048x2048":["https:\/\/arantv.az\/wp-content\/uploads\/2020\/02\/1581070788unnamed.jpg",512,314,false],"post-thumbnail":["https:\/\/arantv.az\/wp-content\/uploads\/2020\/02\/1581070788unnamed-240x172.jpg",240,172,true],"advps-thumb-one":["https:\/\/arantv.az\/wp-content\/uploads\/2020\/02\/1581070788unnamed.jpg",512,314,false]},"rttpg_author":{"display_name":"V\u00fcsal Rafiqo\u011flu","author_link":"https:\/\/arantv.az\/?author=2"},"rttpg_comment":0,"rttpg_category":"<a href=\"https:\/\/arantv.az\/?cat=7\" rel=\"category\">D\u00fcnya<\/a>","rttpg_excerpt":"T\u00fcrkiy\u0259nin Xarici \u0130\u015fl\u0259r naziri M\u00f6vlud \u00c7avu\u015fo\u011flu, Rusiyadan bir hey\u0259tin \u0130dlibd\u0259ki son v\u0259ziyy\u0259ti m\u00fczakir\u0259 etm\u0259k \u00fc\u00e7\u00fcn sabah T\u00fcrkiy\u0259y\u0259 g\u0259l\u0259c\u0259yini s\u00f6yl\u0259yib. ARANTV.AZ xeber verir ki, Xarici \u0130\u015fl\u0259r naziri M\u00f6vlud \u00c7avu\u015fo\u011flu, Slovakiyan\u0131n Xarici \u0130\u015fl\u0259r v\u0259 Avropa M\u0259s\u0259l\u0259l\u0259ri \u00fczr\u0259 naziri Lajcak il\u0259 g\u00f6r\u00fc\u015fd\u0259n sonra t\u0259\u015fkil edil\u0259n m\u0259tbuat konfrans\u0131nda g\u00fcnd\u0259m\u0259 dair vacib a\u00e7\u0131qlamalar verib. Rusiyadan bir hey\u0259tin sabah Ankaraya g\u0259l\u0259c\u0259yini&hellip;","_links":{"self":[{"href":"https:\/\/arantv.az\/index.php?rest_route=\/wp\/v2\/posts\/128120"}],"collection":[{"href":"https:\/\/arantv.az\/index.php?rest_route=\/wp\/v2\/posts"}],"about":[{"href":"https:\/\/arantv.az\/index.php?rest_route=\/wp\/v2\/types\/post"}],"author":[{"embeddable":true,"href":"https:\/\/arantv.az\/index.php?rest_route=\/wp\/v2\/users\/2"}],"replies":[{"embeddable":true,"href":"https:\/\/arantv.az\/index.php?rest_route=%2Fwp%2Fv2%2Fcomments&post=128120"}],"version-history":[{"count":0,"href":"https:\/\/arantv.az\/index.php?rest_route=\/wp\/v2\/posts\/128120\/revisions"}],"wp:featuredmedia":[{"embeddable":true,"href":"https:\/\/arantv.az\/index.php?rest_route=\/wp\/v2\/media\/128121"}],"wp:attachment":[{"href":"https:\/\/arantv.az\/index.php?rest_route=%2Fwp%2Fv2%2Fmedia&parent=128120"}],"wp:term":[{"taxonomy":"category","embeddable":true,"href":"https:\/\/arantv.az\/index.php?rest_route=%2Fwp%2Fv2%2Fcategories&post=128120"},{"taxonomy":"post_tag","embeddable":true,"href":"https:\/\/arantv.az\/index.php?rest_route=%2Fwp%2Fv2%2Ftags&post=128120"}],"curies":[{"name":"wp","href":"https:\/\/api.w.org\/{rel}","templated":true}]}}