{"id":128150,"date":"2020-02-07T13:50:31","date_gmt":"2020-02-07T10:50:31","guid":{"rendered":"http:\/\/arantv.az\/?p=128150"},"modified":"2020-02-07T13:50:31","modified_gmt":"2020-02-07T10:50:31","slug":"cin-bazarini-itir%c9%99n-az%c9%99rbaycan-olk%c9%99y%c9%99-turist-axini-nec%c9%99-t%c9%99min-ed%c9%99c%c9%99k","status":"publish","type":"post","link":"https:\/\/arantv.az\/?p=128150","title":{"rendered":"\u00c7in bazar\u0131n\u0131 itir\u0259n Az\u0259rbaycan \u00f6lk\u0259y\u0259 turist ax\u0131n\u0131 nec\u0259 t\u0259min ed\u0259c\u0259k?"},"content":{"rendered":"<p><strong>\u00c7ind\u0259n b\u00f6y\u00fck sayda turist c\u0259lb etm\u0259kl\u0259 \u00f6lk\u0259y\u0259 g\u0259l\u0259n turistl\u0259rin say\u0131n\u0131 art\u0131rma\u011f\u0131 qar\u015f\u0131s\u0131na m\u0259qs\u0259d qoyan Az\u0259rbaycanda koronavirusun yay\u0131lmas\u0131 il\u0259 \u0259laq\u0259dar yaranan \u00e7\u0259tinlikl\u0259rin hans\u0131 formada h\u0259ll edil\u0259c\u0259yi a\u00e7\u0131qlan\u0131b.<\/strong><\/p>\n<p><strong>ARANTV.AZ\u00a0<\/strong> x\u0259b\u0259r verir ki, Az\u0259rbaycan Turizm Agentlikl\u0259ri Assosiasiyas\u0131n\u0131n Ekspertl\u0259r \u015euras\u0131n\u0131n \u00fczv\u00fc K\u0259nan H\u0259nif\u0259yev\u00a0<a href=\"https:\/\/az.trend.az\/\" target=\"_blank\" rel=\"noopener\">Trend<\/a>-\u0259 deyib ki, Az\u0259rbaycan\u0131n g\u0259lm\u0259 turizm sah\u0259si \u00fczr\u0259 prioritet istiqam\u0259tl\u0259rd\u0259n biri d\u0259 \u00c7in turist bazar\u0131d\u0131r.<\/p>\n<p>Onun s\u00f6zl\u0259rin\u0259 g\u00f6r\u0259, 2020-ci ild\u0259 qar\u015f\u0131ya qoyulan h\u0259d\u0259fl\u0259rd\u0259 \u00f6lk\u0259y\u0259 g\u0259l\u0259n turist say\u0131n\u0131n artmas\u0131nda bilavasit\u0259 \u00c7in turistl\u0259rin say\u0131n\u0131n art\u0131r\u0131lmas\u0131 proqnozla\u015fd\u0131r\u0131lm\u0131\u015fd\u0131:<\/p>\n<p>&#8220;Koronavirusla \u0259laq\u0259dar bu h\u0259d\u0259fl\u0259rin realla\u015fmas\u0131nda \u00e7\u0259tinlikl\u0259r yarana bils\u0259 d\u0259, biz alternativ istiqam\u0259tl\u0259r \u00fczr\u0259 xarici turistl\u0259ri \u00f6lk\u0259miz\u0259 c\u0259lb etm\u0259y\u0259 \u00e7al\u0131\u015f\u0131r\u0131q. Novruz bayram\u0131, Formula 1 yar\u0131\u015fmas\u0131 v\u0259 Avro 2020 &#8211; Avropa \u00c7empionat\u0131n\u0131n Bak\u0131da ke\u00e7iril\u0259n oyunlar\u0131 say\u0259sind\u0259 \u00f6lk\u0259y\u0259 g\u0259l\u0259n turistl\u0259rin say\u0131n\u0131n art\u0131r\u0131lmas\u0131 il\u0259 ba\u011fl\u0131 qar\u015f\u0131ya qoyulan h\u0259d\u0259f\u0259 \u00e7ataca\u011f\u0131m\u0131za \u00fcmid edirik. Turist ax\u0131n\u0131 dinamikas\u0131n\u0131n artmas\u0131 \u00fc\u00e7\u00fcn Az\u0259rbaycan Hava Yollar\u0131 t\u0259r\u0259find\u0259n d\u0259 m\u00fcnbit \u015f\u0259rait yarad\u0131l\u0131b. Xarici avia\u015firk\u0259tl\u0259r t\u0259r\u0259find\u0259n \u00f6lk\u0259mizd\u0259 aviareysl\u0259r h\u0259yata ke\u00e7irm\u0259kl\u0259 qar\u015f\u0131l\u0131ql\u0131 turist m\u00fcbadil\u0259si etm\u0259k, Avropa, Asiya v\u0259 MDB \u00f6lk\u0259l\u0259ri \u00fczr\u0259 turist trafikini sabitl\u0259\u015fdirm\u0259k olar. Bu istiqam\u0259td\u0259 haz\u0131rda i\u015fl\u0259r apar\u0131l\u0131r&#8221;.<\/p>\n<p>K.H\u0259nif\u0259yevin s\u00f6zl\u0259rin\u0259 \u0259sas\u0259n, xarici avia\u015firk\u0259tl\u0259rin Bak\u0131da xidm\u0259t g\u00f6st\u0259rm\u0259si onlar\u0131n alternativ istiqam\u0259tl\u0259r \u00fczr\u0259 turlar haz\u0131rlamas\u0131na v\u0259 turistl\u0259r\u0259 t\u0259qdim etm\u0259sin\u0259 \u015f\u0259rait yaradacaq.<\/p>\n<p>Xat\u0131rladaq ki, \u00c7in \u00f6lk\u0259miz\u0259 turistl\u0259rin c\u0259lb edilm\u0259si \u00fc\u00e7\u00fcn \u0259sas prioritet bazarlardan biri se\u00e7ilib. D\u00f6vl\u0259t Turizm Agentliyi \u00f6t\u0259n il Az\u0259rbaycana \u00c7ind\u0259n turist ax\u0131n\u0131 olaca\u011f\u0131n\u0131 b\u0259yan etmi\u015fdi.<\/p>\n<p>D\u00f6vl\u0259t Turizm Agentliyi v\u0259 \u00c7inin M\u0259d\u0259niyy\u0259t v\u0259 Turizm Nazirliyi aras\u0131nda ke\u00e7\u0259n il imzalanan &#8220;\u00c7inli turistl\u0259rin Az\u0259rbaycana qrup s\u0259f\u0259rl\u0259rinin sad\u0259l\u0259\u015fdirilm\u0259si haqq\u0131nda Anla\u015fma Memorandumu&#8221;na \u0259sas\u0259n, yax\u0131n ill\u0259rd\u0259 Az\u0259rbaycana g\u0259l\u0259c\u0259k \u00e7inli turistl\u0259rin say\u0131 200 min n\u0259f\u0259r\u0259 \u00e7ata bil\u0259r.<\/p>\n","protected":false},"excerpt":{"rendered":"<p>\u00c7ind\u0259n b\u00f6y\u00fck sayda turist c\u0259lb etm\u0259kl\u0259 \u00f6lk\u0259y\u0259 g\u0259l\u0259n turistl\u0259rin say\u0131n\u0131 art\u0131rma\u011f\u0131 qar\u015f\u0131s\u0131na m\u0259qs\u0259d qoyan Az\u0259rbaycanda koronavirusun yay\u0131lmas\u0131 il\u0259 \u0259laq\u0259dar yaranan \u00e7\u0259tinlikl\u0259rin hans\u0131 formada h\u0259ll edil\u0259c\u0259yi a\u00e7\u0131qlan\u0131b. ARANTV.AZ\u00a0 x\u0259b\u0259r verir ki, Az\u0259rbaycan Turizm Agentlikl\u0259ri Assosiasiyas\u0131n\u0131n Ekspertl\u0259r \u015euras\u0131n\u0131n \u00fczv\u00fc K\u0259nan H\u0259nif\u0259yev\u00a0Trend-\u0259 deyib ki, Az\u0259rbaycan\u0131n g\u0259lm\u0259 turizm sah\u0259si \u00fczr\u0259 prioritet istiqam\u0259tl\u0259rd\u0259n biri d\u0259 \u00c7in turist bazar\u0131d\u0131r. Onun s\u00f6zl\u0259rin\u0259 g\u00f6r\u0259, 2020-ci ild\u0259 qar\u015f\u0131ya qoyulan h\u0259d\u0259fl\u0259rd\u0259 \u00f6lk\u0259y\u0259 g\u0259l\u0259n turist say\u0131n\u0131n artmas\u0131nda bilavasit\u0259 \u00c7in turistl\u0259rin say\u0131n\u0131n art\u0131r\u0131lmas\u0131 proqnozla\u015fd\u0131r\u0131lm\u0131\u015fd\u0131: &#8220;Koronavirusla \u0259laq\u0259dar bu h\u0259d\u0259fl\u0259rin realla\u015fmas\u0131nda \u00e7\u0259tinlikl\u0259r yarana bils\u0259 d\u0259, biz alternativ istiqam\u0259tl\u0259r \u00fczr\u0259 xarici turistl\u0259ri \u00f6lk\u0259miz\u0259 c\u0259lb etm\u0259y\u0259&hellip;<\/p>\n","protected":false},"author":2,"featured_media":128151,"comment_status":"closed","ping_status":"closed","sticky":false,"template":"","format":"standard","meta":{"om_disable_all_campaigns":false,"_monsterinsights_skip_tracking":false,"_monsterinsights_sitenote_active":false,"_monsterinsights_sitenote_note":"","_monsterinsights_sitenote_category":0},"categories":[1],"tags":[],"aioseo_notices":[],"gutentor_comment":0,"rttpg_featured_image_url":{"full":["https:\/\/arantv.az\/wp-content\/uploads\/2020\/02\/824002.jpg",800,600,false],"landscape":["https:\/\/arantv.az\/wp-content\/uploads\/2020\/02\/824002.jpg",800,600,false],"portraits":["https:\/\/arantv.az\/wp-content\/uploads\/2020\/02\/824002.jpg",800,600,false],"thumbnail":["https:\/\/arantv.az\/wp-content\/uploads\/2020\/02\/824002-150x150.jpg",150,150,true],"medium":["https:\/\/arantv.az\/wp-content\/uploads\/2020\/02\/824002-300x225.jpg",300,225,true],"large":["https:\/\/arantv.az\/wp-content\/uploads\/2020\/02\/824002.jpg",640,480,false],"1536x1536":["https:\/\/arantv.az\/wp-content\/uploads\/2020\/02\/824002.jpg",800,600,false],"2048x2048":["https:\/\/arantv.az\/wp-content\/uploads\/2020\/02\/824002.jpg",800,600,false],"post-thumbnail":["https:\/\/arantv.az\/wp-content\/uploads\/2020\/02\/824002-240x172.jpg",240,172,true],"advps-thumb-one":["https:\/\/arantv.az\/wp-content\/uploads\/2020\/02\/824002.jpg",800,600,false]},"rttpg_author":{"display_name":"V\u00fcsal Rafiqo\u011flu","author_link":"https:\/\/arantv.az\/?author=2"},"rttpg_comment":0,"rttpg_category":"<a href=\"https:\/\/arantv.az\/?cat=1\" rel=\"category\">C\u0259miyy\u0259t<\/a>","rttpg_excerpt":"\u00c7ind\u0259n b\u00f6y\u00fck sayda turist c\u0259lb etm\u0259kl\u0259 \u00f6lk\u0259y\u0259 g\u0259l\u0259n turistl\u0259rin say\u0131n\u0131 art\u0131rma\u011f\u0131 qar\u015f\u0131s\u0131na m\u0259qs\u0259d qoyan Az\u0259rbaycanda koronavirusun yay\u0131lmas\u0131 il\u0259 \u0259laq\u0259dar yaranan \u00e7\u0259tinlikl\u0259rin hans\u0131 formada h\u0259ll edil\u0259c\u0259yi a\u00e7\u0131qlan\u0131b. ARANTV.AZ\u00a0 x\u0259b\u0259r verir ki, Az\u0259rbaycan Turizm Agentlikl\u0259ri Assosiasiyas\u0131n\u0131n Ekspertl\u0259r \u015euras\u0131n\u0131n \u00fczv\u00fc K\u0259nan H\u0259nif\u0259yev\u00a0Trend-\u0259 deyib ki, Az\u0259rbaycan\u0131n g\u0259lm\u0259 turizm sah\u0259si \u00fczr\u0259 prioritet istiqam\u0259tl\u0259rd\u0259n biri d\u0259 \u00c7in turist bazar\u0131d\u0131r. Onun s\u00f6zl\u0259rin\u0259&hellip;","_links":{"self":[{"href":"https:\/\/arantv.az\/index.php?rest_route=\/wp\/v2\/posts\/128150"}],"collection":[{"href":"https:\/\/arantv.az\/index.php?rest_route=\/wp\/v2\/posts"}],"about":[{"href":"https:\/\/arantv.az\/index.php?rest_route=\/wp\/v2\/types\/post"}],"author":[{"embeddable":true,"href":"https:\/\/arantv.az\/index.php?rest_route=\/wp\/v2\/users\/2"}],"replies":[{"embeddable":true,"href":"https:\/\/arantv.az\/index.php?rest_route=%2Fwp%2Fv2%2Fcomments&post=128150"}],"version-history":[{"count":0,"href":"https:\/\/arantv.az\/index.php?rest_route=\/wp\/v2\/posts\/128150\/revisions"}],"wp:featuredmedia":[{"embeddable":true,"href":"https:\/\/arantv.az\/index.php?rest_route=\/wp\/v2\/media\/128151"}],"wp:attachment":[{"href":"https:\/\/arantv.az\/index.php?rest_route=%2Fwp%2Fv2%2Fmedia&parent=128150"}],"wp:term":[{"taxonomy":"category","embeddable":true,"href":"https:\/\/arantv.az\/index.php?rest_route=%2Fwp%2Fv2%2Fcategories&post=128150"},{"taxonomy":"post_tag","embeddable":true,"href":"https:\/\/arantv.az\/index.php?rest_route=%2Fwp%2Fv2%2Ftags&post=128150"}],"curies":[{"name":"wp","href":"https:\/\/api.w.org\/{rel}","templated":true}]}}