{"id":128154,"date":"2020-02-07T13:52:56","date_gmt":"2020-02-07T10:52:56","guid":{"rendered":"http:\/\/arantv.az\/?p=128154"},"modified":"2020-02-07T13:52:56","modified_gmt":"2020-02-07T10:52:56","slug":"polis-bolm%c9%99sin%c9%99-aparilan-memara-qarsi-t%c9%99zyiq-edilib-r%c9%99smi-aciqlama","status":"publish","type":"post","link":"https:\/\/arantv.az\/?p=128154","title":{"rendered":"Polis b\u00f6lm\u0259sin\u0259 apar\u0131lan memara qar\u015f\u0131 t\u0259zyiq edilib? &#8211; R\u0259smi A\u00c7IQLAMA"},"content":{"rendered":"<p><strong>Memar El\u00e7in \u018fliyevin polis t\u0259r\u0259find\u0259n n\u0259zak\u0259tsiz r\u0259ftara m\u0259ruz qalmas\u0131 il\u0259 ba\u011fl\u0131 tirajlad\u0131\u011f\u0131 fikirl\u0259r onun subyektiv yana\u015fmas\u0131d\u0131r.<\/strong><\/p>\n<p><strong>ARANTV.AZ<\/strong> x\u0259b\u0259r verir ki, bu bar\u0259d\u0259 Bak\u0131 \u015f\u0259h\u0259r BP\u0130 M\u0259tbuat Xidm\u0259tinin r\u0259isi, polis mayoru El\u015fad Hac\u0131yev\u00a0<a href=\"https:\/\/az.trend.az\/\" target=\"_blank\" rel=\"noopener\">Trend<\/a>-\u0259 bildirib ki, iddialarla ba\u011fl\u0131 t\u0259r\u0259fimizd\u0259n m\u00fcvafiq ara\u015fd\u0131r\u0131ma apar\u0131l\u0131b:<\/p>\n<p>&#8220;Xidm\u0259t r\u0259isi qeyd edib ki, onun polis b\u00f6lm\u0259sin\u0259 apar\u0131lmas\u0131 S\u0259bail rayonu, Bay\u0131l q\u0259s\u0259b\u0259sind\u0259 yerl\u0259\u015f\u0259n, Qurban Abbasovun ad\u0131n\u0131 da\u015f\u0131yan k\u00fc\u00e7\u0259d\u0259 yerl\u0259\u015f\u0259n binalardan birinin sakinl\u0259rinin m\u00fcraci\u0259ti \u0259sas\u0131nda olub.<\/p>\n<p>Qeyd olunan \u00fcnvanda \u00e7\u0259kili\u015fl\u0259rin apar\u0131lmas\u0131 sakinl\u0259rinin naraz\u0131l\u0131\u011f\u0131na s\u0259b\u0259b olub v\u0259 he\u00e7 bir r\u0259smi qurumun t\u0259msil\u00e7isi kimi \u00f6z\u00fcn\u00fc t\u0259qdim etm\u0259y\u0259n El\u00e7in \u018fliyevl\u0259 m\u00fcbahis\u0259 yaran\u0131b.<\/p>\n<p>\u018fraziy\u0259 yax\u0131nla\u015fan polis \u0259m\u0259kda\u015flar\u0131 sakinl\u0259ri sakitl\u0259\u015fdir\u0259r\u0259k, \u015fikay\u0259t\u00e7i olduqlar\u0131 \u015f\u0259xsl\u0259 ba\u011fl\u0131 m\u00fcvafiq ara\u015fd\u0131rmalar\u0131n apar\u0131lmas\u0131 \u00fc\u00e7\u00fcn S\u0259bail RP\u0130 8-ci Polis B\u00f6lm\u0259sin\u0259 t\u0259hvil verilib.<\/p>\n<p>Qanunverciliy\u0259 uy\u011fun olaraq, onun \u015f\u0259xsiyy\u0259ti m\u00fc\u0259yy\u0259n olunub, sakinl\u0259rin naraz\u0131l\u0131\u011f\u0131na s\u0259b\u0259b olan hallarla ba\u011fl\u0131 onunla profilaktiki s\u00f6hb\u0259tl\u0259r apar\u0131lmaqla s\u0259rb\u0259st burax\u0131l\u0131b.<\/p>\n<p>E.\u018fliyev \u015fikay\u0259t\u0259 r\u0259vac ver\u0259n \u0259m\u0259linin he\u00e7 bir qanuni\u00a0\u0259sas olmad\u0131\u011f\u0131n\u0131 bildirib. B\u00f6lm\u0259d\u0259 onunla h\u0259r hans\u0131 n\u0259zak\u0259tsiz r\u0259ftar, yaxud fiziki t\u0259zyiq fakt\u0131 ba\u015f verm\u0259yib. H\u0259r bir v\u0259t\u0259nda\u015f n\u0259z\u0259r\u0259 almal\u0131d\u0131r ki, h\u00fcquq h\u0259m d\u0259 polis t\u0259r\u0259find\u0259n m\u00fchafiz\u0259 olunan, ham\u0131 \u00fc\u00e7\u00fcn m\u0259cburi normalar sistemidir. H\u0259r bir v\u0259t\u0259nda\u015f\u0131n qanun \u00e7\u0259r\u00e7iv\u0259sind\u0259 polis\u0259 m\u00fcraci\u0259t etm\u0259k h\u00fcququ var.<\/p>\n<p>H\u0259min h\u00fcquqlar \u00fczr\u0259 m\u00fcbahis\u0259 do\u011furan, v\u0259t\u0259nda\u015flar\u0131 narahat ed\u0259n hallar t\u0259r\u0259fimizd\u0259n tam v\u0259 h\u0259rt\u0259r\u0259fli ara\u015fd\u0131r\u0131l\u0131r, qanunverciliy\u0259 uy\u011fun m\u00fcvafiq t\u0259dbir g\u00f6r\u00fcl\u00fcr&#8221;.<\/p>\n","protected":false},"excerpt":{"rendered":"<p>Memar El\u00e7in \u018fliyevin polis t\u0259r\u0259find\u0259n n\u0259zak\u0259tsiz r\u0259ftara m\u0259ruz qalmas\u0131 il\u0259 ba\u011fl\u0131 tirajlad\u0131\u011f\u0131 fikirl\u0259r onun subyektiv yana\u015fmas\u0131d\u0131r. ARANTV.AZ x\u0259b\u0259r verir ki, bu bar\u0259d\u0259 Bak\u0131 \u015f\u0259h\u0259r BP\u0130 M\u0259tbuat Xidm\u0259tinin r\u0259isi, polis mayoru El\u015fad Hac\u0131yev\u00a0Trend-\u0259 bildirib ki, iddialarla ba\u011fl\u0131 t\u0259r\u0259fimizd\u0259n m\u00fcvafiq ara\u015fd\u0131r\u0131ma apar\u0131l\u0131b: &#8220;Xidm\u0259t r\u0259isi qeyd edib ki, onun polis b\u00f6lm\u0259sin\u0259 apar\u0131lmas\u0131 S\u0259bail rayonu, Bay\u0131l q\u0259s\u0259b\u0259sind\u0259 yerl\u0259\u015f\u0259n, Qurban Abbasovun ad\u0131n\u0131 da\u015f\u0131yan k\u00fc\u00e7\u0259d\u0259 yerl\u0259\u015f\u0259n binalardan birinin sakinl\u0259rinin m\u00fcraci\u0259ti \u0259sas\u0131nda olub. Qeyd olunan \u00fcnvanda \u00e7\u0259kili\u015fl\u0259rin apar\u0131lmas\u0131 sakinl\u0259rinin naraz\u0131l\u0131\u011f\u0131na s\u0259b\u0259b olub v\u0259 he\u00e7 bir r\u0259smi qurumun t\u0259msil\u00e7isi kimi \u00f6z\u00fcn\u00fc t\u0259qdim etm\u0259y\u0259n El\u00e7in \u018fliyevl\u0259 m\u00fcbahis\u0259 yaran\u0131b. \u018fraziy\u0259&hellip;<\/p>\n","protected":false},"author":2,"featured_media":128155,"comment_status":"closed","ping_status":"closed","sticky":false,"template":"","format":"standard","meta":{"om_disable_all_campaigns":false,"_monsterinsights_skip_tracking":false,"_monsterinsights_sitenote_active":false,"_monsterinsights_sitenote_note":"","_monsterinsights_sitenote_category":0},"categories":[1],"tags":[],"aioseo_notices":[],"gutentor_comment":0,"rttpg_featured_image_url":{"full":["https:\/\/arantv.az\/wp-content\/uploads\/2020\/02\/824003.jpg",800,600,false],"landscape":["https:\/\/arantv.az\/wp-content\/uploads\/2020\/02\/824003.jpg",800,600,false],"portraits":["https:\/\/arantv.az\/wp-content\/uploads\/2020\/02\/824003.jpg",800,600,false],"thumbnail":["https:\/\/arantv.az\/wp-content\/uploads\/2020\/02\/824003-150x150.jpg",150,150,true],"medium":["https:\/\/arantv.az\/wp-content\/uploads\/2020\/02\/824003-300x225.jpg",300,225,true],"large":["https:\/\/arantv.az\/wp-content\/uploads\/2020\/02\/824003.jpg",640,480,false],"1536x1536":["https:\/\/arantv.az\/wp-content\/uploads\/2020\/02\/824003.jpg",800,600,false],"2048x2048":["https:\/\/arantv.az\/wp-content\/uploads\/2020\/02\/824003.jpg",800,600,false],"post-thumbnail":["https:\/\/arantv.az\/wp-content\/uploads\/2020\/02\/824003-240x172.jpg",240,172,true],"advps-thumb-one":["https:\/\/arantv.az\/wp-content\/uploads\/2020\/02\/824003.jpg",800,600,false]},"rttpg_author":{"display_name":"V\u00fcsal Rafiqo\u011flu","author_link":"https:\/\/arantv.az\/?author=2"},"rttpg_comment":0,"rttpg_category":"<a href=\"https:\/\/arantv.az\/?cat=1\" rel=\"category\">C\u0259miyy\u0259t<\/a>","rttpg_excerpt":"Memar El\u00e7in \u018fliyevin polis t\u0259r\u0259find\u0259n n\u0259zak\u0259tsiz r\u0259ftara m\u0259ruz qalmas\u0131 il\u0259 ba\u011fl\u0131 tirajlad\u0131\u011f\u0131 fikirl\u0259r onun subyektiv yana\u015fmas\u0131d\u0131r. ARANTV.AZ x\u0259b\u0259r verir ki, bu bar\u0259d\u0259 Bak\u0131 \u015f\u0259h\u0259r BP\u0130 M\u0259tbuat Xidm\u0259tinin r\u0259isi, polis mayoru El\u015fad Hac\u0131yev\u00a0Trend-\u0259 bildirib ki, iddialarla ba\u011fl\u0131 t\u0259r\u0259fimizd\u0259n m\u00fcvafiq ara\u015fd\u0131r\u0131ma apar\u0131l\u0131b: &#8220;Xidm\u0259t r\u0259isi qeyd edib ki, onun polis b\u00f6lm\u0259sin\u0259 apar\u0131lmas\u0131 S\u0259bail rayonu, Bay\u0131l q\u0259s\u0259b\u0259sind\u0259 yerl\u0259\u015f\u0259n, Qurban&hellip;","_links":{"self":[{"href":"https:\/\/arantv.az\/index.php?rest_route=\/wp\/v2\/posts\/128154"}],"collection":[{"href":"https:\/\/arantv.az\/index.php?rest_route=\/wp\/v2\/posts"}],"about":[{"href":"https:\/\/arantv.az\/index.php?rest_route=\/wp\/v2\/types\/post"}],"author":[{"embeddable":true,"href":"https:\/\/arantv.az\/index.php?rest_route=\/wp\/v2\/users\/2"}],"replies":[{"embeddable":true,"href":"https:\/\/arantv.az\/index.php?rest_route=%2Fwp%2Fv2%2Fcomments&post=128154"}],"version-history":[{"count":0,"href":"https:\/\/arantv.az\/index.php?rest_route=\/wp\/v2\/posts\/128154\/revisions"}],"wp:featuredmedia":[{"embeddable":true,"href":"https:\/\/arantv.az\/index.php?rest_route=\/wp\/v2\/media\/128155"}],"wp:attachment":[{"href":"https:\/\/arantv.az\/index.php?rest_route=%2Fwp%2Fv2%2Fmedia&parent=128154"}],"wp:term":[{"taxonomy":"category","embeddable":true,"href":"https:\/\/arantv.az\/index.php?rest_route=%2Fwp%2Fv2%2Fcategories&post=128154"},{"taxonomy":"post_tag","embeddable":true,"href":"https:\/\/arantv.az\/index.php?rest_route=%2Fwp%2Fv2%2Ftags&post=128154"}],"curies":[{"name":"wp","href":"https:\/\/api.w.org\/{rel}","templated":true}]}}