{"id":128158,"date":"2020-02-07T13:54:43","date_gmt":"2020-02-07T10:54:43","guid":{"rendered":"http:\/\/arantv.az\/?p=128158"},"modified":"2020-02-07T13:54:43","modified_gmt":"2020-02-07T10:54:43","slug":"bakidan-cixisina-stop-qoyulan-iranli-ail%c9%99d%c9%99n-yeni-x%c9%99b%c9%99r","status":"publish","type":"post","link":"https:\/\/arantv.az\/?p=128158","title":{"rendered":"Bak\u0131dan \u00e7\u0131x\u0131\u015f\u0131na &#8220;stop&#8221; qoyulan iranl\u0131 ail\u0259d\u0259n yeni x\u0259b\u0259r"},"content":{"rendered":"<p>Az\u0259rbaycandan \u00e7\u0131xa bilm\u0259m\u0259l\u0259ri il\u0259 ba\u011fl\u0131 bir m\u00fcdd\u0259t \u00f6nc\u0259 \u201cQafqazinfo\u201dya m\u00fcraci\u0259t ed\u0259n \u0130ran v\u0259t\u0259nda\u015f\u0131 Atefeh Dehqanizadeh, anas\u0131 v\u0259 3 ya\u015fl\u0131 q\u0131z\u0131ndan yeni x\u0259b\u0259r var.<\/p>\n<div id=\"AdviadNativeVideo0\" class=\"AdviadNativeVideo\"><\/div>\n<p>\u201cQafqazinfo\u201dnun \u0259ld\u0259 etdiyi m\u0259lumata g\u00f6r\u0259, m\u0259s\u0259l\u0259 ictimail\u0259\u015fdikd\u0259n sonra Daxili \u0130\u015fl\u0259r Nazirliyinin v\u0259 Ba\u015f Prokurorlu\u011fun r\u0259hb\u0259rliyi hadis\u0259ni n\u0259zar\u0259t\u0259 g\u00f6t\u00fcr\u00fcb v\u0259 ara\u015fd\u0131rmadan sonra onlara pasportlar\u0131n\u0131 t\u0259hvil veribl\u0259r. Ail\u0259 \u00fczvl\u0259rin\u0259 qoyulan \u201cStop\u201d is\u0259 m\u0259hk\u0259m\u0259 qaydas\u0131nda g\u00f6t\u00fcr\u00fcl\u00fcb. T\u0259xmin\u0259n 10 g\u00fcn \u00f6nc\u0259 ail\u0259 \u00fczvl\u0259ri T\u00fcrkiy\u0259y\u0259 gedibl\u0259r v\u0259 haz\u0131rda orada ya\u015fay\u0131rlar.<\/p>\n<p>Qeyd ed\u0259k ki, A.Dehqanizadeh m\u00fcsahib\u0259sind\u0259 bildirmi\u015fdi ki, \u0259ri F\u0259rzad Foroozanmehrin Az\u0259rbaycanda Orxan \u0130smay\u0131lov adl\u0131 biri il\u0259 olan pul problemin\u0259 g\u00f6r\u0259 polis onlar\u0131 \u00f6lk\u0259d\u0259n buraxm\u0131r. \u0130ddiaya g\u00f6r\u0259, F\u0259rzad Orxan\u0131n evini sataraq pulunu g\u00f6t\u00fcr\u00fcb v\u0259 \u00f6lk\u0259d\u0259n gedib. F\u0259rzad\u0131n ail\u0259si is\u0259 T\u00fcrkiy\u0259y\u0259 ged\u0259rk\u0259n Orxan onlar\u0131 hava liman\u0131nda saxlay\u0131b. Daha sonra Atefe, anas\u0131 v\u0259 q\u0131z\u0131n\u0131n pasportlar\u0131 al\u0131n\u0131b, onlar\u0131n \u00f6lk\u0259d\u0259n \u00e7\u0131x\u0131\u015f\u0131na \u201cStop\u201d qoyulub. Bu hadis\u0259 2019-cu ilin yanvar ay\u0131nda ba\u015f verib. Yasamal polisi Atefe Dehqanizadehl\u0259 ba\u011fl\u0131 polis\u0259 bil\u0259-bil\u0259 yalan m\u0259lumat verm\u0259 haqda ara\u015fd\u0131rmaya ba\u015flasa da, s\u00fcbut \u0259ld\u0259 edilm\u0259diyi \u00fc\u00e7\u00fcn i\u015f\u0259 xitam verilib. Lakin bir ne\u00e7\u0259 ay \u0259rzind\u0259 ail\u0259nin s\u0259n\u0259dl\u0259ri \u00f6zl\u0259rin\u0259 qaytar\u0131lmay\u0131b. \u0130ranl\u0131 ail\u0259 bu i\u015fd\u0259 Yasamal RP\u0130-nin m\u00fcst\u0259ntiqi \u018flibala Hac\u0131yev v\u0259 Yasamal prokurorlu\u011funun m\u00fcst\u0259ntiqi Zamil Mehral\u0131yevi ittiham edirdi.<\/p>\n","protected":false},"excerpt":{"rendered":"<p>Az\u0259rbaycandan \u00e7\u0131xa bilm\u0259m\u0259l\u0259ri il\u0259 ba\u011fl\u0131 bir m\u00fcdd\u0259t \u00f6nc\u0259 \u201cQafqazinfo\u201dya m\u00fcraci\u0259t ed\u0259n \u0130ran v\u0259t\u0259nda\u015f\u0131 Atefeh Dehqanizadeh, anas\u0131 v\u0259 3 ya\u015fl\u0131 q\u0131z\u0131ndan yeni x\u0259b\u0259r var. \u201cQafqazinfo\u201dnun \u0259ld\u0259 etdiyi m\u0259lumata g\u00f6r\u0259, m\u0259s\u0259l\u0259 ictimail\u0259\u015fdikd\u0259n sonra Daxili \u0130\u015fl\u0259r Nazirliyinin v\u0259 Ba\u015f Prokurorlu\u011fun r\u0259hb\u0259rliyi hadis\u0259ni n\u0259zar\u0259t\u0259 g\u00f6t\u00fcr\u00fcb v\u0259 ara\u015fd\u0131rmadan sonra onlara pasportlar\u0131n\u0131 t\u0259hvil veribl\u0259r. Ail\u0259 \u00fczvl\u0259rin\u0259 qoyulan \u201cStop\u201d is\u0259 m\u0259hk\u0259m\u0259 qaydas\u0131nda g\u00f6t\u00fcr\u00fcl\u00fcb. T\u0259xmin\u0259n 10 g\u00fcn \u00f6nc\u0259 ail\u0259 \u00fczvl\u0259ri T\u00fcrkiy\u0259y\u0259 gedibl\u0259r v\u0259 haz\u0131rda orada ya\u015fay\u0131rlar. Qeyd ed\u0259k ki, A.Dehqanizadeh m\u00fcsahib\u0259sind\u0259 bildirmi\u015fdi ki, \u0259ri F\u0259rzad Foroozanmehrin Az\u0259rbaycanda Orxan \u0130smay\u0131lov adl\u0131 biri il\u0259 olan pul problemin\u0259 g\u00f6r\u0259 polis onlar\u0131&hellip;<\/p>\n","protected":false},"author":2,"featured_media":128159,"comment_status":"closed","ping_status":"closed","sticky":false,"template":"","format":"standard","meta":{"om_disable_all_campaigns":false,"_monsterinsights_skip_tracking":false,"_monsterinsights_sitenote_active":false,"_monsterinsights_sitenote_note":"","_monsterinsights_sitenote_category":0},"categories":[1],"tags":[],"aioseo_notices":[],"gutentor_comment":0,"rttpg_featured_image_url":{"full":["https:\/\/arantv.az\/wp-content\/uploads\/2020\/02\/aile.png",637,400,false],"landscape":["https:\/\/arantv.az\/wp-content\/uploads\/2020\/02\/aile.png",637,400,false],"portraits":["https:\/\/arantv.az\/wp-content\/uploads\/2020\/02\/aile.png",637,400,false],"thumbnail":["https:\/\/arantv.az\/wp-content\/uploads\/2020\/02\/aile-150x150.png",150,150,true],"medium":["https:\/\/arantv.az\/wp-content\/uploads\/2020\/02\/aile-300x188.png",300,188,true],"large":["https:\/\/arantv.az\/wp-content\/uploads\/2020\/02\/aile.png",637,400,false],"1536x1536":["https:\/\/arantv.az\/wp-content\/uploads\/2020\/02\/aile.png",637,400,false],"2048x2048":["https:\/\/arantv.az\/wp-content\/uploads\/2020\/02\/aile.png",637,400,false],"post-thumbnail":["https:\/\/arantv.az\/wp-content\/uploads\/2020\/02\/aile-240x172.png",240,172,true],"advps-thumb-one":["https:\/\/arantv.az\/wp-content\/uploads\/2020\/02\/aile.png",637,400,false]},"rttpg_author":{"display_name":"V\u00fcsal Rafiqo\u011flu","author_link":"https:\/\/arantv.az\/?author=2"},"rttpg_comment":0,"rttpg_category":"<a href=\"https:\/\/arantv.az\/?cat=1\" rel=\"category\">C\u0259miyy\u0259t<\/a>","rttpg_excerpt":"Az\u0259rbaycandan \u00e7\u0131xa bilm\u0259m\u0259l\u0259ri il\u0259 ba\u011fl\u0131 bir m\u00fcdd\u0259t \u00f6nc\u0259 \u201cQafqazinfo\u201dya m\u00fcraci\u0259t ed\u0259n \u0130ran v\u0259t\u0259nda\u015f\u0131 Atefeh Dehqanizadeh, anas\u0131 v\u0259 3 ya\u015fl\u0131 q\u0131z\u0131ndan yeni x\u0259b\u0259r var. \u201cQafqazinfo\u201dnun \u0259ld\u0259 etdiyi m\u0259lumata g\u00f6r\u0259, m\u0259s\u0259l\u0259 ictimail\u0259\u015fdikd\u0259n sonra Daxili \u0130\u015fl\u0259r Nazirliyinin v\u0259 Ba\u015f Prokurorlu\u011fun r\u0259hb\u0259rliyi hadis\u0259ni n\u0259zar\u0259t\u0259 g\u00f6t\u00fcr\u00fcb v\u0259 ara\u015fd\u0131rmadan sonra onlara pasportlar\u0131n\u0131 t\u0259hvil veribl\u0259r. Ail\u0259 \u00fczvl\u0259rin\u0259 qoyulan \u201cStop\u201d is\u0259 m\u0259hk\u0259m\u0259 qaydas\u0131nda&hellip;","_links":{"self":[{"href":"https:\/\/arantv.az\/index.php?rest_route=\/wp\/v2\/posts\/128158"}],"collection":[{"href":"https:\/\/arantv.az\/index.php?rest_route=\/wp\/v2\/posts"}],"about":[{"href":"https:\/\/arantv.az\/index.php?rest_route=\/wp\/v2\/types\/post"}],"author":[{"embeddable":true,"href":"https:\/\/arantv.az\/index.php?rest_route=\/wp\/v2\/users\/2"}],"replies":[{"embeddable":true,"href":"https:\/\/arantv.az\/index.php?rest_route=%2Fwp%2Fv2%2Fcomments&post=128158"}],"version-history":[{"count":0,"href":"https:\/\/arantv.az\/index.php?rest_route=\/wp\/v2\/posts\/128158\/revisions"}],"wp:featuredmedia":[{"embeddable":true,"href":"https:\/\/arantv.az\/index.php?rest_route=\/wp\/v2\/media\/128159"}],"wp:attachment":[{"href":"https:\/\/arantv.az\/index.php?rest_route=%2Fwp%2Fv2%2Fmedia&parent=128158"}],"wp:term":[{"taxonomy":"category","embeddable":true,"href":"https:\/\/arantv.az\/index.php?rest_route=%2Fwp%2Fv2%2Fcategories&post=128158"},{"taxonomy":"post_tag","embeddable":true,"href":"https:\/\/arantv.az\/index.php?rest_route=%2Fwp%2Fv2%2Ftags&post=128158"}],"curies":[{"name":"wp","href":"https:\/\/api.w.org\/{rel}","templated":true}]}}