{"id":128166,"date":"2020-02-07T14:02:17","date_gmt":"2020-02-07T11:02:17","guid":{"rendered":"http:\/\/arantv.az\/?p=128166"},"modified":"2020-02-07T14:02:17","modified_gmt":"2020-02-07T11:02:17","slug":"turkiy%c9%99-klubu-z%c9%99lz%c9%99l%c9%99y%c9%99-gor%c9%99-cempionatdan-k%c9%99narlasdirildi","status":"publish","type":"post","link":"https:\/\/arantv.az\/?p=128166","title":{"rendered":"T\u00fcrkiy\u0259 klubu z\u0259lz\u0259l\u0259y\u0259 g\u00f6r\u0259 \u00e7empionatdan k\u0259narla\u015fd\u0131r\u0131ld\u0131"},"content":{"rendered":"<p>T\u00fcrkiy\u0259nin \u201cElaz\u0131\u011fspor\u201d klubu m\u00fcbariz\u0259 apard\u0131\u011f\u0131 II diviziondan \u00e7\u0259kilib.<\/p>\n<p><strong>ARANTV.AZ\u00a0<\/strong> x\u0259b\u0259r verir ki, yanvar\u0131n 24-d\u0259 Elaz\u0131\u011f \u015f\u0259h\u0259rind\u0259 6,8 bal g\u00fcc\u00fcnd\u0259 ba\u015f ver\u0259n z\u0259lz\u0259l\u0259d\u0259n sonra yerli klub \u00e7empionatdan \u00e7\u0259kilm\u0259k ist\u0259yini bildirmi\u015fdi.<\/p>\n<p>T\u00fcrkiy\u0259 Futbol Federasiyas\u0131 26 yanvarda edil\u0259n m\u00fcraci\u0259t\u0259 m\u00fcsb\u0259t cavab verib. Q\u0259rara \u0259sas\u0259n, \u201cElaz\u0131\u011fspor\u201d n\u00f6vb\u0259ti \u2013 2020\/2021 m\u00f6vs\u00fcm\u00fcnd\u0259n etibar\u0259n yenid\u0259n \u00e7empionatda m\u00fcbariz\u0259 apara bil\u0259c\u0259k.<\/p>\n<div id=\"AdviadNativeVideo0\" class=\"AdviadNativeVideo\"><\/div>\n<p>Bel\u0259 ki, cari m\u00f6vs\u00fcm\u00fcn sonrak\u0131 mat\u00e7lar\u0131nda \u201cElaz\u0131\u011fspor\u201da 0:3 hesabl\u0131 texniki m\u0259\u011flubiyy\u0259t verils\u0259 d\u0259, komanda daha a\u015fa\u011f\u0131 diviziona d\u00fc\u015f\u00fcr\u00fclm\u0259y\u0259c\u0259k.<\/p>\n<p>Qeyd ed\u0259k ki, indiki duruma g\u00f6r\u0259 \u201cElaz\u0131\u011fspor\u201d II divizionun \u201cQ\u0131rm\u0131z\u0131\u201d qrupunda 16 xalla XVI s\u0131rada q\u0259rarla\u015f\u0131b.Oxu.Az<\/p>\n","protected":false},"excerpt":{"rendered":"<p>T\u00fcrkiy\u0259nin \u201cElaz\u0131\u011fspor\u201d klubu m\u00fcbariz\u0259 apard\u0131\u011f\u0131 II diviziondan \u00e7\u0259kilib. ARANTV.AZ\u00a0 x\u0259b\u0259r verir ki, yanvar\u0131n 24-d\u0259 Elaz\u0131\u011f \u015f\u0259h\u0259rind\u0259 6,8 bal g\u00fcc\u00fcnd\u0259 ba\u015f ver\u0259n z\u0259lz\u0259l\u0259d\u0259n sonra yerli klub \u00e7empionatdan \u00e7\u0259kilm\u0259k ist\u0259yini bildirmi\u015fdi. T\u00fcrkiy\u0259 Futbol Federasiyas\u0131 26 yanvarda edil\u0259n m\u00fcraci\u0259t\u0259 m\u00fcsb\u0259t cavab verib. Q\u0259rara \u0259sas\u0259n, \u201cElaz\u0131\u011fspor\u201d n\u00f6vb\u0259ti \u2013 2020\/2021 m\u00f6vs\u00fcm\u00fcnd\u0259n etibar\u0259n yenid\u0259n \u00e7empionatda m\u00fcbariz\u0259 apara bil\u0259c\u0259k. Bel\u0259 ki, cari m\u00f6vs\u00fcm\u00fcn sonrak\u0131 mat\u00e7lar\u0131nda \u201cElaz\u0131\u011fspor\u201da 0:3 hesabl\u0131 texniki m\u0259\u011flubiyy\u0259t verils\u0259 d\u0259, komanda daha a\u015fa\u011f\u0131 diviziona d\u00fc\u015f\u00fcr\u00fclm\u0259y\u0259c\u0259k. Qeyd ed\u0259k ki, indiki duruma g\u00f6r\u0259 \u201cElaz\u0131\u011fspor\u201d II divizionun \u201cQ\u0131rm\u0131z\u0131\u201d qrupunda 16 xalla XVI s\u0131rada q\u0259rarla\u015f\u0131b.Oxu.Az<\/p>\n","protected":false},"author":2,"featured_media":128167,"comment_status":"closed","ping_status":"closed","sticky":false,"template":"","format":"standard","meta":{"om_disable_all_campaigns":false,"_monsterinsights_skip_tracking":false,"_monsterinsights_sitenote_active":false,"_monsterinsights_sitenote_note":"","_monsterinsights_sitenote_category":0},"categories":[6],"tags":[],"aioseo_notices":[],"gutentor_comment":0,"rttpg_featured_image_url":{"full":["https:\/\/arantv.az\/wp-content\/uploads\/2020\/02\/280601-942296331.jpg",620,413,false],"landscape":["https:\/\/arantv.az\/wp-content\/uploads\/2020\/02\/280601-942296331.jpg",620,413,false],"portraits":["https:\/\/arantv.az\/wp-content\/uploads\/2020\/02\/280601-942296331.jpg",620,413,false],"thumbnail":["https:\/\/arantv.az\/wp-content\/uploads\/2020\/02\/280601-942296331-150x150.jpg",150,150,true],"medium":["https:\/\/arantv.az\/wp-content\/uploads\/2020\/02\/280601-942296331-300x200.jpg",300,200,true],"large":["https:\/\/arantv.az\/wp-content\/uploads\/2020\/02\/280601-942296331.jpg",620,413,false],"1536x1536":["https:\/\/arantv.az\/wp-content\/uploads\/2020\/02\/280601-942296331.jpg",620,413,false],"2048x2048":["https:\/\/arantv.az\/wp-content\/uploads\/2020\/02\/280601-942296331.jpg",620,413,false],"post-thumbnail":["https:\/\/arantv.az\/wp-content\/uploads\/2020\/02\/280601-942296331-240x172.jpg",240,172,true],"advps-thumb-one":["https:\/\/arantv.az\/wp-content\/uploads\/2020\/02\/280601-942296331.jpg",620,413,false]},"rttpg_author":{"display_name":"V\u00fcsal Rafiqo\u011flu","author_link":"https:\/\/arantv.az\/?author=2"},"rttpg_comment":0,"rttpg_category":"<a href=\"https:\/\/arantv.az\/?cat=6\" rel=\"category\">\u0130dman<\/a>","rttpg_excerpt":"T\u00fcrkiy\u0259nin \u201cElaz\u0131\u011fspor\u201d klubu m\u00fcbariz\u0259 apard\u0131\u011f\u0131 II diviziondan \u00e7\u0259kilib. ARANTV.AZ\u00a0 x\u0259b\u0259r verir ki, yanvar\u0131n 24-d\u0259 Elaz\u0131\u011f \u015f\u0259h\u0259rind\u0259 6,8 bal g\u00fcc\u00fcnd\u0259 ba\u015f ver\u0259n z\u0259lz\u0259l\u0259d\u0259n sonra yerli klub \u00e7empionatdan \u00e7\u0259kilm\u0259k ist\u0259yini bildirmi\u015fdi. T\u00fcrkiy\u0259 Futbol Federasiyas\u0131 26 yanvarda edil\u0259n m\u00fcraci\u0259t\u0259 m\u00fcsb\u0259t cavab verib. Q\u0259rara \u0259sas\u0259n, \u201cElaz\u0131\u011fspor\u201d n\u00f6vb\u0259ti \u2013 2020\/2021 m\u00f6vs\u00fcm\u00fcnd\u0259n etibar\u0259n yenid\u0259n \u00e7empionatda m\u00fcbariz\u0259 apara bil\u0259c\u0259k. Bel\u0259 ki, cari&hellip;","_links":{"self":[{"href":"https:\/\/arantv.az\/index.php?rest_route=\/wp\/v2\/posts\/128166"}],"collection":[{"href":"https:\/\/arantv.az\/index.php?rest_route=\/wp\/v2\/posts"}],"about":[{"href":"https:\/\/arantv.az\/index.php?rest_route=\/wp\/v2\/types\/post"}],"author":[{"embeddable":true,"href":"https:\/\/arantv.az\/index.php?rest_route=\/wp\/v2\/users\/2"}],"replies":[{"embeddable":true,"href":"https:\/\/arantv.az\/index.php?rest_route=%2Fwp%2Fv2%2Fcomments&post=128166"}],"version-history":[{"count":0,"href":"https:\/\/arantv.az\/index.php?rest_route=\/wp\/v2\/posts\/128166\/revisions"}],"wp:featuredmedia":[{"embeddable":true,"href":"https:\/\/arantv.az\/index.php?rest_route=\/wp\/v2\/media\/128167"}],"wp:attachment":[{"href":"https:\/\/arantv.az\/index.php?rest_route=%2Fwp%2Fv2%2Fmedia&parent=128166"}],"wp:term":[{"taxonomy":"category","embeddable":true,"href":"https:\/\/arantv.az\/index.php?rest_route=%2Fwp%2Fv2%2Fcategories&post=128166"},{"taxonomy":"post_tag","embeddable":true,"href":"https:\/\/arantv.az\/index.php?rest_route=%2Fwp%2Fv2%2Ftags&post=128166"}],"curies":[{"name":"wp","href":"https:\/\/api.w.org\/{rel}","templated":true}]}}