{"id":128988,"date":"2020-02-11T16:32:33","date_gmt":"2020-02-11T13:32:33","guid":{"rendered":"http:\/\/arantv.az\/?p=128988"},"modified":"2020-02-11T16:32:33","modified_gmt":"2020-02-11T13:32:33","slug":"prezident-g%c9%99ncl%c9%99ri-mukafatlandirdi-s%c9%99r%c9%99ncam","status":"publish","type":"post","link":"https:\/\/arantv.az\/?p=128988","title":{"rendered":"Prezident g\u0259ncl\u0259ri m\u00fckafatland\u0131rd\u0131 &#8211; S\u018fR\u018fNCAM"},"content":{"rendered":"<p>Az\u0259rbaycan Respublikas\u0131 Prezidenti \u0130lham \u018fliyev 2020-ci il G\u0259ncl\u0259r \u00fc\u00e7\u00fcn Prezident m\u00fckafatlar\u0131n\u0131n verilm\u0259si haqq\u0131nda s\u0259r\u0259ncam imzalay\u0131b.<\/p>\n<p>Bununla ba\u011fl\u0131\u00a0<a href=\"https:\/\/azertag.az\/xeber\/2020_ci_il_Gencler_uchun_Prezident_mukafatlarinin_verilmesi_haqqinda__Azerbaycan_Respublikasi_Prezidentinin_Serencami-1411197\" target=\"_blank\" rel=\"noopener\">AZ\u018fRTAC<\/a>\u00a0m\u0259lumat yay\u0131b.<\/p>\n<p>S\u0259r\u0259ncama \u0259sas\u0259n, elm, t\u0259hsil, m\u0259d\u0259niyy\u0259t, g\u0259ncl\u0259r siyas\u0259ti v\u0259 g\u0259ncl\u0259rl\u0259 i\u015f, ictimai v\u0259 sosialy\u00f6n\u00fcml\u00fc f\u0259aliyy\u0259t, innovasiya v\u0259 sahibkarl\u0131q sah\u0259l\u0259rind\u0259 x\u00fcsusi f\u0259rql\u0259n\u0259n a\u015fa\u011f\u0131dak\u0131 \u015f\u0259xsl\u0259r\u0259 2020-ci il G\u0259ncl\u0259r \u00fc\u00e7\u00fcn Prezident m\u00fckafatlar\u0131 verilir:<\/p>\n<p>A\u011fayev Ziya S\u0259buhi o\u011flu<\/p>\n<p>A\u011fazad\u0259 Murad Firdovsi o\u011flu<\/p>\n<p>\u018fsg\u0259rzad\u0259 Elmar Etibar o\u011flu<\/p>\n<p>Hac\u0131yeva S\u0259rvinaz Faiq q\u0131z\u0131<\/p>\n<p>H\u00fcseynli M\u0259h\u0259rr\u0259m R\u00fcf\u0259t o\u011flu<\/p>\n<p>\u0130brahimov K\u0259nan Qabil o\u011flu<\/p>\n<p>Kaz\u0131mzad\u0259 G\u00fcnay Tofiq q\u0131z\u0131<\/p>\n<p>Quliyeva M\u0259tan\u0259t El\u015f\u0259n q\u0131z\u0131<\/p>\n<p>M\u0259mm\u0259dov Faiq R\u0259\u015fad o\u011flu<\/p>\n<p>R\u00fcst\u0259mov Sabir El\u015fad o\u011flu.<\/p>\n","protected":false},"excerpt":{"rendered":"<p>Az\u0259rbaycan Respublikas\u0131 Prezidenti \u0130lham \u018fliyev 2020-ci il G\u0259ncl\u0259r \u00fc\u00e7\u00fcn Prezident m\u00fckafatlar\u0131n\u0131n verilm\u0259si haqq\u0131nda s\u0259r\u0259ncam imzalay\u0131b. Bununla ba\u011fl\u0131\u00a0AZ\u018fRTAC\u00a0m\u0259lumat yay\u0131b. S\u0259r\u0259ncama \u0259sas\u0259n, elm, t\u0259hsil, m\u0259d\u0259niyy\u0259t, g\u0259ncl\u0259r siyas\u0259ti v\u0259 g\u0259ncl\u0259rl\u0259 i\u015f, ictimai v\u0259 sosialy\u00f6n\u00fcml\u00fc f\u0259aliyy\u0259t, innovasiya v\u0259 sahibkarl\u0131q sah\u0259l\u0259rind\u0259 x\u00fcsusi f\u0259rql\u0259n\u0259n a\u015fa\u011f\u0131dak\u0131 \u015f\u0259xsl\u0259r\u0259 2020-ci il G\u0259ncl\u0259r \u00fc\u00e7\u00fcn Prezident m\u00fckafatlar\u0131 verilir: A\u011fayev Ziya S\u0259buhi o\u011flu A\u011fazad\u0259 Murad Firdovsi o\u011flu \u018fsg\u0259rzad\u0259 Elmar Etibar o\u011flu Hac\u0131yeva S\u0259rvinaz Faiq q\u0131z\u0131 H\u00fcseynli M\u0259h\u0259rr\u0259m R\u00fcf\u0259t o\u011flu \u0130brahimov K\u0259nan Qabil o\u011flu Kaz\u0131mzad\u0259 G\u00fcnay Tofiq q\u0131z\u0131 Quliyeva M\u0259tan\u0259t El\u015f\u0259n q\u0131z\u0131 M\u0259mm\u0259dov Faiq R\u0259\u015fad o\u011flu R\u00fcst\u0259mov Sabir El\u015fad o\u011flu.<\/p>\n","protected":false},"author":2,"featured_media":128989,"comment_status":"closed","ping_status":"closed","sticky":false,"template":"","format":"standard","meta":{"om_disable_all_campaigns":false,"_monsterinsights_skip_tracking":false,"_monsterinsights_sitenote_active":false,"_monsterinsights_sitenote_note":"","_monsterinsights_sitenote_category":0},"categories":[4],"tags":[],"aioseo_notices":[],"gutentor_comment":0,"rttpg_featured_image_url":{"full":["https:\/\/arantv.az\/wp-content\/uploads\/2020\/02\/s\u00c9_r\u00c9_ncam-1.jpg",620,349,false],"landscape":["https:\/\/arantv.az\/wp-content\/uploads\/2020\/02\/s\u00c9_r\u00c9_ncam-1.jpg",620,349,false],"portraits":["https:\/\/arantv.az\/wp-content\/uploads\/2020\/02\/s\u00c9_r\u00c9_ncam-1.jpg",620,349,false],"thumbnail":["https:\/\/arantv.az\/wp-content\/uploads\/2020\/02\/s\u00c9_r\u00c9_ncam-1-150x150.jpg",150,150,true],"medium":["https:\/\/arantv.az\/wp-content\/uploads\/2020\/02\/s\u00c9_r\u00c9_ncam-1-300x169.jpg",300,169,true],"large":["https:\/\/arantv.az\/wp-content\/uploads\/2020\/02\/s\u00c9_r\u00c9_ncam-1.jpg",620,349,false],"1536x1536":["https:\/\/arantv.az\/wp-content\/uploads\/2020\/02\/s\u00c9_r\u00c9_ncam-1.jpg",620,349,false],"2048x2048":["https:\/\/arantv.az\/wp-content\/uploads\/2020\/02\/s\u00c9_r\u00c9_ncam-1.jpg",620,349,false],"post-thumbnail":["https:\/\/arantv.az\/wp-content\/uploads\/2020\/02\/s\u00c9_r\u00c9_ncam-1-240x172.jpg",240,172,true],"advps-thumb-one":["https:\/\/arantv.az\/wp-content\/uploads\/2020\/02\/s\u00c9_r\u00c9_ncam-1.jpg",620,349,false]},"rttpg_author":{"display_name":"V\u00fcsal Rafiqo\u011flu","author_link":"https:\/\/arantv.az\/?author=2"},"rttpg_comment":0,"rttpg_category":"<a href=\"https:\/\/arantv.az\/?cat=4\" rel=\"category\">Siyas\u0259t<\/a>","rttpg_excerpt":"Az\u0259rbaycan Respublikas\u0131 Prezidenti \u0130lham \u018fliyev 2020-ci il G\u0259ncl\u0259r \u00fc\u00e7\u00fcn Prezident m\u00fckafatlar\u0131n\u0131n verilm\u0259si haqq\u0131nda s\u0259r\u0259ncam imzalay\u0131b. Bununla ba\u011fl\u0131\u00a0AZ\u018fRTAC\u00a0m\u0259lumat yay\u0131b. S\u0259r\u0259ncama \u0259sas\u0259n, elm, t\u0259hsil, m\u0259d\u0259niyy\u0259t, g\u0259ncl\u0259r siyas\u0259ti v\u0259 g\u0259ncl\u0259rl\u0259 i\u015f, ictimai v\u0259 sosialy\u00f6n\u00fcml\u00fc f\u0259aliyy\u0259t, innovasiya v\u0259 sahibkarl\u0131q sah\u0259l\u0259rind\u0259 x\u00fcsusi f\u0259rql\u0259n\u0259n a\u015fa\u011f\u0131dak\u0131 \u015f\u0259xsl\u0259r\u0259 2020-ci il G\u0259ncl\u0259r \u00fc\u00e7\u00fcn Prezident m\u00fckafatlar\u0131 verilir: A\u011fayev Ziya S\u0259buhi o\u011flu A\u011fazad\u0259 Murad Firdovsi o\u011flu&hellip;","_links":{"self":[{"href":"https:\/\/arantv.az\/index.php?rest_route=\/wp\/v2\/posts\/128988"}],"collection":[{"href":"https:\/\/arantv.az\/index.php?rest_route=\/wp\/v2\/posts"}],"about":[{"href":"https:\/\/arantv.az\/index.php?rest_route=\/wp\/v2\/types\/post"}],"author":[{"embeddable":true,"href":"https:\/\/arantv.az\/index.php?rest_route=\/wp\/v2\/users\/2"}],"replies":[{"embeddable":true,"href":"https:\/\/arantv.az\/index.php?rest_route=%2Fwp%2Fv2%2Fcomments&post=128988"}],"version-history":[{"count":0,"href":"https:\/\/arantv.az\/index.php?rest_route=\/wp\/v2\/posts\/128988\/revisions"}],"wp:featuredmedia":[{"embeddable":true,"href":"https:\/\/arantv.az\/index.php?rest_route=\/wp\/v2\/media\/128989"}],"wp:attachment":[{"href":"https:\/\/arantv.az\/index.php?rest_route=%2Fwp%2Fv2%2Fmedia&parent=128988"}],"wp:term":[{"taxonomy":"category","embeddable":true,"href":"https:\/\/arantv.az\/index.php?rest_route=%2Fwp%2Fv2%2Fcategories&post=128988"},{"taxonomy":"post_tag","embeddable":true,"href":"https:\/\/arantv.az\/index.php?rest_route=%2Fwp%2Fv2%2Ftags&post=128988"}],"curies":[{"name":"wp","href":"https:\/\/api.w.org\/{rel}","templated":true}]}}