{"id":128992,"date":"2020-02-11T16:37:35","date_gmt":"2020-02-11T13:37:35","guid":{"rendered":"http:\/\/arantv.az\/?p=128992"},"modified":"2020-02-11T16:37:35","modified_gmt":"2020-02-11T13:37:35","slug":"iqtisadiyyat-naziri-kolg%c9%99-iqtisadiyyatinin-miqyasinin-azaldilmasi-il%c9%99-bagli-t%c9%99dbirl%c9%99r-davam-etdiril%c9%99c%c9%99k","status":"publish","type":"post","link":"https:\/\/arantv.az\/?p=128992","title":{"rendered":"\u0130qtisadiyyat naziri: \u201cK\u00f6lg\u0259 iqtisadiyyat\u0131\u201dn\u0131n miqyas\u0131n\u0131n azald\u0131lmas\u0131 il\u0259 ba\u011fl\u0131 t\u0259dbirl\u0259r davam etdiril\u0259c\u0259k\u201d"},"content":{"rendered":"<p>2019-cu ild\u0259 oldu\u011fu kimi 2020-ci ild\u0259 d\u0259 iqtisadiyyat\u0131n prioritet sah\u0259l\u0259ri d\u0259yi\u015fm\u0259z olaraq qal\u0131r. \u0130qtisadiyyatda \u015f\u0259ffafla\u015fma prosesl\u0259ri, \u201ck\u00f6lg\u0259 iqtisadiyyat\u0131\u201dn\u0131n miqyas\u0131n\u0131n azald\u0131lmas\u0131 il\u0259 ba\u011fl\u0131 g\u00f6r\u00fcl\u0259n t\u0259dbirl\u0259r davam etdiril\u0259c\u0259k.<\/p>\n<p><strong>ARANTV.AZ\u00a0<\/strong>x\u0259b\u0259r verir ki, bu s\u00f6zl\u0259ri bu g\u00fcn \u201cVergi islahatlar\u0131: birlikd\u0259 k\u00f6lg\u0259d\u0259n i\u015f\u0131\u011fa do\u011fru\u201d m\u00f6vzusunda ke\u00e7iril\u0259n konfransda \u00e7\u0131x\u0131\u015f ed\u0259n \u0130qtisadiyyat naziri Mikay\u0131l Cabbarov deyib.<\/p>\n<p>Nazir \u00e7\u0131x\u0131\u015f\u0131nda \u201ck\u00f6lg\u0259&#8221; iqtisadiyyat\u0131n\u0131n haqs\u0131z r\u0259qab\u0259t\u0259 yol a\u00e7d\u0131\u011f\u0131n\u0131 bildirib: \u201c\u0130qtisadiyyatda haqs\u0131zl\u0131q, qeyri-\u015f\u0259ffaf m\u00fchit oldu\u011fu halda \u015f\u0259ffaf i\u015fl\u0259y\u0259n sahibkarlar haql\u0131 olaraq naraz\u0131 qal\u0131r.<\/p>\n<p>Qeyd edim ki, \u201ck\u00f6lg\u0259\u201d iqtisadiyyat\u0131na qar\u015f\u0131 at\u0131lan ciddi add\u0131mlar \u015f\u0259ffaf i\u015fl\u0259y\u0259nl\u0259r \u00fc\u00e7\u00fcn yol a\u00e7acaq. Bu \u00e7ox uzun v\u0259 \u00e7\u0259tin prosesdir. Biz h\u0259l\u0259 yolun ilk m\u0259rh\u0259l\u0259l\u0259rind\u0259yik. \u201cK\u00f6lg\u0259&#8221; iqtisadiyyat\u0131 d\u00f6vl\u0259t b\u00fcdc\u0259sin\u0259 d\u0259 ciddi t\u0259hdid yarad\u0131r. Lakin x\u00fcsusi olaraq vur\u011fulamaq ist\u0259rdim ki, bu sah\u0259 m\u00fc\u0259yy\u0259n q\u0259d\u0259r ayd\u0131nlanma\u011fa ba\u015flay\u0131b\u201d.<\/p>\n<p>Oxu.Az<\/p>\n","protected":false},"excerpt":{"rendered":"<p>2019-cu ild\u0259 oldu\u011fu kimi 2020-ci ild\u0259 d\u0259 iqtisadiyyat\u0131n prioritet sah\u0259l\u0259ri d\u0259yi\u015fm\u0259z olaraq qal\u0131r. \u0130qtisadiyyatda \u015f\u0259ffafla\u015fma prosesl\u0259ri, \u201ck\u00f6lg\u0259 iqtisadiyyat\u0131\u201dn\u0131n miqyas\u0131n\u0131n azald\u0131lmas\u0131 il\u0259 ba\u011fl\u0131 g\u00f6r\u00fcl\u0259n t\u0259dbirl\u0259r davam etdiril\u0259c\u0259k. ARANTV.AZ\u00a0x\u0259b\u0259r verir ki, bu s\u00f6zl\u0259ri bu g\u00fcn \u201cVergi islahatlar\u0131: birlikd\u0259 k\u00f6lg\u0259d\u0259n i\u015f\u0131\u011fa do\u011fru\u201d m\u00f6vzusunda ke\u00e7iril\u0259n konfransda \u00e7\u0131x\u0131\u015f ed\u0259n \u0130qtisadiyyat naziri Mikay\u0131l Cabbarov deyib. Nazir \u00e7\u0131x\u0131\u015f\u0131nda \u201ck\u00f6lg\u0259&#8221; iqtisadiyyat\u0131n\u0131n haqs\u0131z r\u0259qab\u0259t\u0259 yol a\u00e7d\u0131\u011f\u0131n\u0131 bildirib: \u201c\u0130qtisadiyyatda haqs\u0131zl\u0131q, qeyri-\u015f\u0259ffaf m\u00fchit oldu\u011fu halda \u015f\u0259ffaf i\u015fl\u0259y\u0259n sahibkarlar haql\u0131 olaraq naraz\u0131 qal\u0131r. Qeyd edim ki, \u201ck\u00f6lg\u0259\u201d iqtisadiyyat\u0131na qar\u015f\u0131 at\u0131lan ciddi add\u0131mlar \u015f\u0259ffaf i\u015fl\u0259y\u0259nl\u0259r \u00fc\u00e7\u00fcn yol a\u00e7acaq. Bu \u00e7ox uzun v\u0259 \u00e7\u0259tin&hellip;<\/p>\n","protected":false},"author":2,"featured_media":128993,"comment_status":"closed","ping_status":"closed","sticky":false,"template":"","format":"standard","meta":{"om_disable_all_campaigns":false,"_monsterinsights_skip_tracking":false,"_monsterinsights_sitenote_active":false,"_monsterinsights_sitenote_note":"","_monsterinsights_sitenote_category":0},"categories":[1],"tags":[],"aioseo_notices":[],"gutentor_comment":0,"rttpg_featured_image_url":{"full":["https:\/\/arantv.az\/wp-content\/uploads\/2020\/02\/iq.jpg",620,375,false],"landscape":["https:\/\/arantv.az\/wp-content\/uploads\/2020\/02\/iq.jpg",620,375,false],"portraits":["https:\/\/arantv.az\/wp-content\/uploads\/2020\/02\/iq.jpg",620,375,false],"thumbnail":["https:\/\/arantv.az\/wp-content\/uploads\/2020\/02\/iq-150x150.jpg",150,150,true],"medium":["https:\/\/arantv.az\/wp-content\/uploads\/2020\/02\/iq-300x181.jpg",300,181,true],"large":["https:\/\/arantv.az\/wp-content\/uploads\/2020\/02\/iq.jpg",620,375,false],"1536x1536":["https:\/\/arantv.az\/wp-content\/uploads\/2020\/02\/iq.jpg",620,375,false],"2048x2048":["https:\/\/arantv.az\/wp-content\/uploads\/2020\/02\/iq.jpg",620,375,false],"post-thumbnail":["https:\/\/arantv.az\/wp-content\/uploads\/2020\/02\/iq-240x172.jpg",240,172,true],"advps-thumb-one":["https:\/\/arantv.az\/wp-content\/uploads\/2020\/02\/iq.jpg",620,375,false]},"rttpg_author":{"display_name":"V\u00fcsal Rafiqo\u011flu","author_link":"https:\/\/arantv.az\/?author=2"},"rttpg_comment":0,"rttpg_category":"<a href=\"https:\/\/arantv.az\/?cat=1\" rel=\"category\">C\u0259miyy\u0259t<\/a>","rttpg_excerpt":"2019-cu ild\u0259 oldu\u011fu kimi 2020-ci ild\u0259 d\u0259 iqtisadiyyat\u0131n prioritet sah\u0259l\u0259ri d\u0259yi\u015fm\u0259z olaraq qal\u0131r. \u0130qtisadiyyatda \u015f\u0259ffafla\u015fma prosesl\u0259ri, \u201ck\u00f6lg\u0259 iqtisadiyyat\u0131\u201dn\u0131n miqyas\u0131n\u0131n azald\u0131lmas\u0131 il\u0259 ba\u011fl\u0131 g\u00f6r\u00fcl\u0259n t\u0259dbirl\u0259r davam etdiril\u0259c\u0259k. ARANTV.AZ\u00a0x\u0259b\u0259r verir ki, bu s\u00f6zl\u0259ri bu g\u00fcn \u201cVergi islahatlar\u0131: birlikd\u0259 k\u00f6lg\u0259d\u0259n i\u015f\u0131\u011fa do\u011fru\u201d m\u00f6vzusunda ke\u00e7iril\u0259n konfransda \u00e7\u0131x\u0131\u015f ed\u0259n \u0130qtisadiyyat naziri Mikay\u0131l Cabbarov deyib. Nazir \u00e7\u0131x\u0131\u015f\u0131nda \u201ck\u00f6lg\u0259&#8221; iqtisadiyyat\u0131n\u0131n haqs\u0131z r\u0259qab\u0259t\u0259&hellip;","_links":{"self":[{"href":"https:\/\/arantv.az\/index.php?rest_route=\/wp\/v2\/posts\/128992"}],"collection":[{"href":"https:\/\/arantv.az\/index.php?rest_route=\/wp\/v2\/posts"}],"about":[{"href":"https:\/\/arantv.az\/index.php?rest_route=\/wp\/v2\/types\/post"}],"author":[{"embeddable":true,"href":"https:\/\/arantv.az\/index.php?rest_route=\/wp\/v2\/users\/2"}],"replies":[{"embeddable":true,"href":"https:\/\/arantv.az\/index.php?rest_route=%2Fwp%2Fv2%2Fcomments&post=128992"}],"version-history":[{"count":0,"href":"https:\/\/arantv.az\/index.php?rest_route=\/wp\/v2\/posts\/128992\/revisions"}],"wp:featuredmedia":[{"embeddable":true,"href":"https:\/\/arantv.az\/index.php?rest_route=\/wp\/v2\/media\/128993"}],"wp:attachment":[{"href":"https:\/\/arantv.az\/index.php?rest_route=%2Fwp%2Fv2%2Fmedia&parent=128992"}],"wp:term":[{"taxonomy":"category","embeddable":true,"href":"https:\/\/arantv.az\/index.php?rest_route=%2Fwp%2Fv2%2Fcategories&post=128992"},{"taxonomy":"post_tag","embeddable":true,"href":"https:\/\/arantv.az\/index.php?rest_route=%2Fwp%2Fv2%2Ftags&post=128992"}],"curies":[{"name":"wp","href":"https:\/\/api.w.org\/{rel}","templated":true}]}}