{"id":129290,"date":"2020-02-12T14:19:18","date_gmt":"2020-02-12T11:19:18","guid":{"rendered":"http:\/\/arantv.az\/?p=129290"},"modified":"2020-02-12T14:19:18","modified_gmt":"2020-02-12T11:19:18","slug":"sumqayit-dunya-m%c9%99kt%c9%99bind%c9%99-cini-taniyaq-adli-aciq-d%c9%99rs-kecirilib","status":"publish","type":"post","link":"https:\/\/arantv.az\/?p=129290","title":{"rendered":"Sumqay\u0131t D\u00fcnya m\u0259kt\u0259bind\u0259 &#8220;\u00c7ini tan\u0131yaq&#8221; adl\u0131 a\u00e7\u0131q d\u0259rs ke\u00e7irilib"},"content":{"rendered":"<p>Az\u0259rbaycan Dill\u0259r Universiteti (ADU) n\u0259zdind\u0259 f\u0259aliyy\u0259t g\u00f6st\u0259r\u0259n Konfutsi \u0130nstitutunun t\u0259\u015fkilat\u00e7\u0131l\u0131\u011f\u0131 il\u0259 X\u0259z\u0259r Universiteti \u2013 Sumqay\u0131t D\u00fcnya m\u0259kt\u0259bind\u0259 ke\u00e7iril\u0259n \u00c7in dili fakultativ d\u0259rsl\u0259rind\u0259 &#8220;\u00c7ini tan\u0131yaq&#8221; adl\u0131 a\u00e7\u0131q d\u0259rs t\u0259\u015fkil olunub.<\/p>\n<p>ADU-dan Trend-\u0259 bildirilib ki, \u00c7in dili fakultativ d\u0259rsl\u0259rinin ke\u00e7irilm\u0259sind\u0259 \u0259sas m\u0259qs\u0259d m\u0259kt\u0259blil\u0259rd\u0259 \u00c7in dili v\u0259 m\u0259d\u0259niyy\u0259tin\u0259 mara\u011f\u0131n art\u0131r\u0131lmas\u0131ndan h\u0259m\u00e7inin bu sah\u0259d\u0259 istedadl\u0131 g\u0259ncl\u0259rin yeti\u015fdirilm\u0259sind\u0259n ibar\u0259tdir. \u00c7in dili fakultativ d\u0259rsl\u0259rini t\u0259dris ed\u0259n Konfutsi \u0130nstitutunun \u0259m\u0259kda\u015f\u0131 Nigar Qocayeva m\u0259kt\u0259blil\u0259r\u0259 \u00c7inin m\u0259d\u0259niyy\u0259ti, tarixi, co\u011frafiyas\u0131 haqq\u0131nda m\u0259lumat verib. M\u0259kt\u0259blil\u0259r\u0259 Konfutsi \u0130nstitutunun direktoru Rafiq Abbasovun m\u00fc\u0259llifi oldu\u011fu Az\u0259rbaycan dilind\u0259 ilk &#8220;\u00c7in dili d\u0259rs v\u0259saiti&#8221; h\u0259diyy\u0259 olunub.<\/p>\n<p>H\u0259m\u00e7inin, h\u00f6km s\u00fcr\u0259n koronavirus epidemiyas\u0131n\u0131n \u00c7ind\u0259 yaratd\u0131\u011f\u0131 f\u0259sadlardan da dan\u0131\u015f\u0131b. M\u0259kt\u0259blil\u0259rin mara\u011f\u0131na s\u0259b\u0259b olan a\u00e7\u0131q d\u0259rsin sonunda ADU-nun \u00c7in\u015f\u00fcnas t\u0259l\u0259b\u0259l\u0259rinin \u00c7in xalq\u0131 il\u0259 h\u0259mr\u0259yliyini ifad\u0259 ed\u0259n &#8220;Uxan, biz s\u0259ninl\u0259yik!&#8221; adl\u0131 video\u00e7arx n\u00fcmayi\u015f olunub.<\/p>\n<p>Sonda m\u0259kt\u0259blil\u0259r d\u0259 \u00e7inli ya\u015f\u0131dlar\u0131na d\u0259st\u0259k m\u0259qs\u0259di il\u0259 \u201c\u00c7in, m\u00f6hk\u0259m ol!\u201d adl\u0131 video\u00e7arx\u0131n \u00e7\u0259kili\u015find\u0259 i\u015ftirak edibl\u0259r.<\/p>\n","protected":false},"excerpt":{"rendered":"<p>Az\u0259rbaycan Dill\u0259r Universiteti (ADU) n\u0259zdind\u0259 f\u0259aliyy\u0259t g\u00f6st\u0259r\u0259n Konfutsi \u0130nstitutunun t\u0259\u015fkilat\u00e7\u0131l\u0131\u011f\u0131 il\u0259 X\u0259z\u0259r Universiteti \u2013 Sumqay\u0131t D\u00fcnya m\u0259kt\u0259bind\u0259 ke\u00e7iril\u0259n \u00c7in dili fakultativ d\u0259rsl\u0259rind\u0259 &#8220;\u00c7ini tan\u0131yaq&#8221; adl\u0131 a\u00e7\u0131q d\u0259rs t\u0259\u015fkil olunub. ADU-dan Trend-\u0259 bildirilib ki, \u00c7in dili fakultativ d\u0259rsl\u0259rinin ke\u00e7irilm\u0259sind\u0259 \u0259sas m\u0259qs\u0259d m\u0259kt\u0259blil\u0259rd\u0259 \u00c7in dili v\u0259 m\u0259d\u0259niyy\u0259tin\u0259 mara\u011f\u0131n art\u0131r\u0131lmas\u0131ndan h\u0259m\u00e7inin bu sah\u0259d\u0259 istedadl\u0131 g\u0259ncl\u0259rin yeti\u015fdirilm\u0259sind\u0259n ibar\u0259tdir. \u00c7in dili fakultativ d\u0259rsl\u0259rini t\u0259dris ed\u0259n Konfutsi \u0130nstitutunun \u0259m\u0259kda\u015f\u0131 Nigar Qocayeva m\u0259kt\u0259blil\u0259r\u0259 \u00c7inin m\u0259d\u0259niyy\u0259ti, tarixi, co\u011frafiyas\u0131 haqq\u0131nda m\u0259lumat verib. M\u0259kt\u0259blil\u0259r\u0259 Konfutsi \u0130nstitutunun direktoru Rafiq Abbasovun m\u00fc\u0259llifi oldu\u011fu Az\u0259rbaycan dilind\u0259 ilk &#8220;\u00c7in dili d\u0259rs v\u0259saiti&#8221; h\u0259diyy\u0259 olunub.&hellip;<\/p>\n","protected":false},"author":2,"featured_media":129291,"comment_status":"closed","ping_status":"closed","sticky":false,"template":"","format":"standard","meta":{"om_disable_all_campaigns":false,"_monsterinsights_skip_tracking":false,"_monsterinsights_sitenote_active":false,"_monsterinsights_sitenote_note":"","_monsterinsights_sitenote_category":0},"categories":[23],"tags":[],"aioseo_notices":[],"gutentor_comment":0,"rttpg_featured_image_url":{"full":["https:\/\/arantv.az\/wp-content\/uploads\/2020\/02\/adu_tedbir_120220.jpg",1049,758,false],"landscape":["https:\/\/arantv.az\/wp-content\/uploads\/2020\/02\/adu_tedbir_120220.jpg",1049,758,false],"portraits":["https:\/\/arantv.az\/wp-content\/uploads\/2020\/02\/adu_tedbir_120220.jpg",1049,758,false],"thumbnail":["https:\/\/arantv.az\/wp-content\/uploads\/2020\/02\/adu_tedbir_120220-150x150.jpg",150,150,true],"medium":["https:\/\/arantv.az\/wp-content\/uploads\/2020\/02\/adu_tedbir_120220-300x217.jpg",300,217,true],"large":["https:\/\/arantv.az\/wp-content\/uploads\/2020\/02\/adu_tedbir_120220-1024x740.jpg",640,463,true],"1536x1536":["https:\/\/arantv.az\/wp-content\/uploads\/2020\/02\/adu_tedbir_120220.jpg",1049,758,false],"2048x2048":["https:\/\/arantv.az\/wp-content\/uploads\/2020\/02\/adu_tedbir_120220.jpg",1049,758,false],"post-thumbnail":["https:\/\/arantv.az\/wp-content\/uploads\/2020\/02\/adu_tedbir_120220-240x172.jpg",240,172,true],"advps-thumb-one":["https:\/\/arantv.az\/wp-content\/uploads\/2020\/02\/adu_tedbir_120220-1049x620.jpg",1049,620,true]},"rttpg_author":{"display_name":"V\u00fcsal Rafiqo\u011flu","author_link":"https:\/\/arantv.az\/?author=2"},"rttpg_comment":0,"rttpg_category":"<a href=\"https:\/\/arantv.az\/?cat=23\" rel=\"category\">T\u0259hsil<\/a>","rttpg_excerpt":"Az\u0259rbaycan Dill\u0259r Universiteti (ADU) n\u0259zdind\u0259 f\u0259aliyy\u0259t g\u00f6st\u0259r\u0259n Konfutsi \u0130nstitutunun t\u0259\u015fkilat\u00e7\u0131l\u0131\u011f\u0131 il\u0259 X\u0259z\u0259r Universiteti \u2013 Sumqay\u0131t D\u00fcnya m\u0259kt\u0259bind\u0259 ke\u00e7iril\u0259n \u00c7in dili fakultativ d\u0259rsl\u0259rind\u0259 &#8220;\u00c7ini tan\u0131yaq&#8221; adl\u0131 a\u00e7\u0131q d\u0259rs t\u0259\u015fkil olunub. ADU-dan Trend-\u0259 bildirilib ki, \u00c7in dili fakultativ d\u0259rsl\u0259rinin ke\u00e7irilm\u0259sind\u0259 \u0259sas m\u0259qs\u0259d m\u0259kt\u0259blil\u0259rd\u0259 \u00c7in dili v\u0259 m\u0259d\u0259niyy\u0259tin\u0259 mara\u011f\u0131n art\u0131r\u0131lmas\u0131ndan h\u0259m\u00e7inin bu sah\u0259d\u0259 istedadl\u0131 g\u0259ncl\u0259rin yeti\u015fdirilm\u0259sind\u0259n ibar\u0259tdir. \u00c7in&hellip;","_links":{"self":[{"href":"https:\/\/arantv.az\/index.php?rest_route=\/wp\/v2\/posts\/129290"}],"collection":[{"href":"https:\/\/arantv.az\/index.php?rest_route=\/wp\/v2\/posts"}],"about":[{"href":"https:\/\/arantv.az\/index.php?rest_route=\/wp\/v2\/types\/post"}],"author":[{"embeddable":true,"href":"https:\/\/arantv.az\/index.php?rest_route=\/wp\/v2\/users\/2"}],"replies":[{"embeddable":true,"href":"https:\/\/arantv.az\/index.php?rest_route=%2Fwp%2Fv2%2Fcomments&post=129290"}],"version-history":[{"count":0,"href":"https:\/\/arantv.az\/index.php?rest_route=\/wp\/v2\/posts\/129290\/revisions"}],"wp:featuredmedia":[{"embeddable":true,"href":"https:\/\/arantv.az\/index.php?rest_route=\/wp\/v2\/media\/129291"}],"wp:attachment":[{"href":"https:\/\/arantv.az\/index.php?rest_route=%2Fwp%2Fv2%2Fmedia&parent=129290"}],"wp:term":[{"taxonomy":"category","embeddable":true,"href":"https:\/\/arantv.az\/index.php?rest_route=%2Fwp%2Fv2%2Fcategories&post=129290"},{"taxonomy":"post_tag","embeddable":true,"href":"https:\/\/arantv.az\/index.php?rest_route=%2Fwp%2Fv2%2Ftags&post=129290"}],"curies":[{"name":"wp","href":"https:\/\/api.w.org\/{rel}","templated":true}]}}