{"id":131059,"date":"2020-02-18T13:18:27","date_gmt":"2020-02-18T10:18:27","guid":{"rendered":"http:\/\/arantv.az\/?p=131059"},"modified":"2020-02-18T13:18:27","modified_gmt":"2020-02-18T10:18:27","slug":"rust%c9%99m-usubov-goranboy-v%c9%99-xocali-sakinl%c9%99rini-q%c9%99bul-ed%c9%99c%c9%99k","status":"publish","type":"post","link":"https:\/\/arantv.az\/?p=131059","title":{"rendered":"R\u00fcst\u0259m Usubov Goranboy v\u0259 Xocal\u0131 sakinl\u0259rini q\u0259bul ed\u0259c\u0259k"},"content":{"rendered":"<p>Az\u0259rbaycan Respublikas\u0131n\u0131n Prezidenti c\u0259nab \u0130lham \u018fliyevin tap\u015f\u0131r\u0131\u011f\u0131na v\u0259 b\u00f6lg\u0259l\u0259rd\u0259 v\u0259t\u0259nda\u015flar\u0131n q\u0259bulu c\u0259dv\u0259lin\u0259 uy\u011fun olaraq Ba\u015f prokurorun birinci m\u00fcavini R\u00fcst\u0259m Usubov cari il fevral\u0131n 21-d\u0259 saat 10:00-da Goranboy rayon prokurorlu\u011funun inzibati binas\u0131nda Goranboy v\u0259 Xocal\u0131 rayon sakinl\u0259rinin q\u0259bulunu ke\u00e7ir\u0259c\u0259k.<\/p>\n<p><strong>ARANTV.AZ\u00a0<\/strong> x\u0259b\u0259r verir ki, bu bar\u0259d\u0259 Ba\u015f Prokurorlu\u011fun M\u0259tbuat xidm\u0259tind\u0259n\u00a0<a href=\"https:\/\/az.trend.az\/\" target=\"_blank\" rel=\"noopener\">Trend<\/a>-\u0259 bildirilib.<\/p>\n<p>Q\u0259bulda v\u0259t\u0259nda\u015flar\u0131n prokurorluq orqanlar\u0131n\u0131n s\u0259lahiyy\u0259tl\u0259rin\u0259 aid olan m\u00fcraci\u0259tl\u0259rin\u0259 bax\u0131lacaq. V\u0259t\u0259nda\u015flar\u0131n q\u0259bulla ba\u011fl\u0131 qeydiyyat\u0131 v\u0259 Goranboy rayonuna g\u0259lm\u0259l\u0259rinin t\u0259\u015fkili m\u00fcvafiq rayon prokurorlar\u0131 t\u0259r\u0259find\u0259n h\u0259yata ke\u00e7iril\u0259c\u0259k.<\/p>\n<p>V\u0259t\u0259nda\u015flar ya\u015fad\u0131qlar\u0131 \u0259razi \u00fczr\u0259 rayon prokurorluqlar\u0131na yaz\u0131l\u0131 v\u0259 ya \u015fifahi m\u00fcraci\u0259t etm\u0259kl\u0259 yana\u015f\u0131, Ba\u015f Prokurorlu\u011fun M\u00fcraci\u0259tl\u0259r\u0259 bax\u0131lmas\u0131 idar\u0259sinin 437-28-79 n\u00f6mr\u0259li telefonu v\u0259 contact@prosecutor.gov.az elektron po\u00e7t \u00fcnvan\u0131 vasit\u0259sil\u0259 d\u0259 q\u0259bula yaz\u0131la bil\u0259rl\u0259r.<\/p>\n<div>\n<div id=\"AdviadNativeVideo0\" class=\"AdviadNativeVideo\">\n<div class=\"adviad-inboard\">\n<div><\/div>\n<\/div>\n<\/div>\n<\/div>\n","protected":false},"excerpt":{"rendered":"<p>Az\u0259rbaycan Respublikas\u0131n\u0131n Prezidenti c\u0259nab \u0130lham \u018fliyevin tap\u015f\u0131r\u0131\u011f\u0131na v\u0259 b\u00f6lg\u0259l\u0259rd\u0259 v\u0259t\u0259nda\u015flar\u0131n q\u0259bulu c\u0259dv\u0259lin\u0259 uy\u011fun olaraq Ba\u015f prokurorun birinci m\u00fcavini R\u00fcst\u0259m Usubov cari il fevral\u0131n 21-d\u0259 saat 10:00-da Goranboy rayon prokurorlu\u011funun inzibati binas\u0131nda Goranboy v\u0259 Xocal\u0131 rayon sakinl\u0259rinin q\u0259bulunu ke\u00e7ir\u0259c\u0259k. ARANTV.AZ\u00a0 x\u0259b\u0259r verir ki, bu bar\u0259d\u0259 Ba\u015f Prokurorlu\u011fun M\u0259tbuat xidm\u0259tind\u0259n\u00a0Trend-\u0259 bildirilib. Q\u0259bulda v\u0259t\u0259nda\u015flar\u0131n prokurorluq orqanlar\u0131n\u0131n s\u0259lahiyy\u0259tl\u0259rin\u0259 aid olan m\u00fcraci\u0259tl\u0259rin\u0259 bax\u0131lacaq. V\u0259t\u0259nda\u015flar\u0131n q\u0259bulla ba\u011fl\u0131 qeydiyyat\u0131 v\u0259 Goranboy rayonuna g\u0259lm\u0259l\u0259rinin t\u0259\u015fkili m\u00fcvafiq rayon prokurorlar\u0131 t\u0259r\u0259find\u0259n h\u0259yata ke\u00e7iril\u0259c\u0259k. V\u0259t\u0259nda\u015flar ya\u015fad\u0131qlar\u0131 \u0259razi \u00fczr\u0259 rayon prokurorluqlar\u0131na yaz\u0131l\u0131 v\u0259 ya \u015fifahi m\u00fcraci\u0259t etm\u0259kl\u0259 yana\u015f\u0131, Ba\u015f Prokurorlu\u011fun M\u00fcraci\u0259tl\u0259r\u0259 bax\u0131lmas\u0131&hellip;<\/p>\n","protected":false},"author":2,"featured_media":131060,"comment_status":"closed","ping_status":"closed","sticky":false,"template":"","format":"standard","meta":{"om_disable_all_campaigns":false,"_monsterinsights_skip_tracking":false,"_monsterinsights_sitenote_active":false,"_monsterinsights_sitenote_note":"","_monsterinsights_sitenote_category":0},"categories":[1],"tags":[],"aioseo_notices":[],"gutentor_comment":0,"rttpg_featured_image_url":{"full":["https:\/\/arantv.az\/wp-content\/uploads\/2020\/02\/826805.jpg",800,600,false],"landscape":["https:\/\/arantv.az\/wp-content\/uploads\/2020\/02\/826805.jpg",800,600,false],"portraits":["https:\/\/arantv.az\/wp-content\/uploads\/2020\/02\/826805.jpg",800,600,false],"thumbnail":["https:\/\/arantv.az\/wp-content\/uploads\/2020\/02\/826805-150x150.jpg",150,150,true],"medium":["https:\/\/arantv.az\/wp-content\/uploads\/2020\/02\/826805-300x225.jpg",300,225,true],"large":["https:\/\/arantv.az\/wp-content\/uploads\/2020\/02\/826805.jpg",640,480,false],"1536x1536":["https:\/\/arantv.az\/wp-content\/uploads\/2020\/02\/826805.jpg",800,600,false],"2048x2048":["https:\/\/arantv.az\/wp-content\/uploads\/2020\/02\/826805.jpg",800,600,false],"post-thumbnail":["https:\/\/arantv.az\/wp-content\/uploads\/2020\/02\/826805-240x172.jpg",240,172,true],"advps-thumb-one":["https:\/\/arantv.az\/wp-content\/uploads\/2020\/02\/826805.jpg",800,600,false]},"rttpg_author":{"display_name":"V\u00fcsal Rafiqo\u011flu","author_link":"https:\/\/arantv.az\/?author=2"},"rttpg_comment":0,"rttpg_category":"<a href=\"https:\/\/arantv.az\/?cat=1\" rel=\"category\">C\u0259miyy\u0259t<\/a>","rttpg_excerpt":"Az\u0259rbaycan Respublikas\u0131n\u0131n Prezidenti c\u0259nab \u0130lham \u018fliyevin tap\u015f\u0131r\u0131\u011f\u0131na v\u0259 b\u00f6lg\u0259l\u0259rd\u0259 v\u0259t\u0259nda\u015flar\u0131n q\u0259bulu c\u0259dv\u0259lin\u0259 uy\u011fun olaraq Ba\u015f prokurorun birinci m\u00fcavini R\u00fcst\u0259m Usubov cari il fevral\u0131n 21-d\u0259 saat 10:00-da Goranboy rayon prokurorlu\u011funun inzibati binas\u0131nda Goranboy v\u0259 Xocal\u0131 rayon sakinl\u0259rinin q\u0259bulunu ke\u00e7ir\u0259c\u0259k. ARANTV.AZ\u00a0 x\u0259b\u0259r verir ki, bu bar\u0259d\u0259 Ba\u015f Prokurorlu\u011fun M\u0259tbuat xidm\u0259tind\u0259n\u00a0Trend-\u0259 bildirilib. Q\u0259bulda v\u0259t\u0259nda\u015flar\u0131n prokurorluq orqanlar\u0131n\u0131n s\u0259lahiyy\u0259tl\u0259rin\u0259 aid&hellip;","_links":{"self":[{"href":"https:\/\/arantv.az\/index.php?rest_route=\/wp\/v2\/posts\/131059"}],"collection":[{"href":"https:\/\/arantv.az\/index.php?rest_route=\/wp\/v2\/posts"}],"about":[{"href":"https:\/\/arantv.az\/index.php?rest_route=\/wp\/v2\/types\/post"}],"author":[{"embeddable":true,"href":"https:\/\/arantv.az\/index.php?rest_route=\/wp\/v2\/users\/2"}],"replies":[{"embeddable":true,"href":"https:\/\/arantv.az\/index.php?rest_route=%2Fwp%2Fv2%2Fcomments&post=131059"}],"version-history":[{"count":0,"href":"https:\/\/arantv.az\/index.php?rest_route=\/wp\/v2\/posts\/131059\/revisions"}],"wp:featuredmedia":[{"embeddable":true,"href":"https:\/\/arantv.az\/index.php?rest_route=\/wp\/v2\/media\/131060"}],"wp:attachment":[{"href":"https:\/\/arantv.az\/index.php?rest_route=%2Fwp%2Fv2%2Fmedia&parent=131059"}],"wp:term":[{"taxonomy":"category","embeddable":true,"href":"https:\/\/arantv.az\/index.php?rest_route=%2Fwp%2Fv2%2Fcategories&post=131059"},{"taxonomy":"post_tag","embeddable":true,"href":"https:\/\/arantv.az\/index.php?rest_route=%2Fwp%2Fv2%2Ftags&post=131059"}],"curies":[{"name":"wp","href":"https:\/\/api.w.org\/{rel}","templated":true}]}}