{"id":131063,"date":"2020-02-18T13:20:59","date_gmt":"2020-02-18T10:20:59","guid":{"rendered":"http:\/\/arantv.az\/?p=131063"},"modified":"2020-02-18T13:20:59","modified_gmt":"2020-02-18T10:20:59","slug":"az%c9%99rbaycan-at%c9%99t-pa-nin-qis-sessiyasinda-t%c9%99msil-olunacaq","status":"publish","type":"post","link":"https:\/\/arantv.az\/?p=131063","title":{"rendered":"Az\u0259rbaycan AT\u018fT PA-n\u0131n q\u0131\u015f sessiyas\u0131nda t\u0259msil olunacaq"},"content":{"rendered":"<p><strong>Milli M\u0259clisin AT\u018fT Parlament Assambleyas\u0131ndak\u0131 n\u00fcmay\u0259nd\u0259 hey\u0259ti r\u0259hb\u0259rinin m\u00fcavini Tahir Mirki\u015fili qurumun q\u0131\u015f sessiyas\u0131nda i\u015ftirak etm\u0259k \u00fc\u00e7\u00fcn fevral\u0131n 19-dan 22-d\u0259k Avstriyan\u0131n Vyana \u015f\u0259h\u0259rind\u0259 s\u0259f\u0259rd\u0259 olacaq.<\/strong><\/p>\n<p><strong>ARANTV.AZ<\/strong>\u00a0<a href=\"https:\/\/az.trend.az\/\" target=\"_blank\" rel=\"noopener\">Trend<\/a>-\u0259 istinad\u0259n x\u0259b\u0259r verir ki, sessiya \u00e7\u0259r\u00e7iv\u0259sind\u0259 AT\u018fT PA s\u0259drinin, Ba\u015f katibinin hesabatlar\u0131 dinl\u0259nil\u0259c\u0259k, komit\u0259 iclaslar\u0131nda &#8220;Uzad\u0131lm\u0131\u015f m\u00fcnaqi\u015f\u0259l\u0259rin h\u0259ll edilm\u0259sind\u0259 AT\u018fT-in al\u0259t v\u0259 mexanizml\u0259ri&#8221;, &#8220;\u0130qlim d\u0259yi\u015fikliyinin t\u0259hl\u00fck\u0259sizliy\u0259 t\u0259sirl\u0259ri v\u0259 bu sah\u0259d\u0259 parlamentaril\u0259rin rolu&#8221;, &#8220;AT\u018fT regionunda antisemitizm, ayr\u0131se\u00e7kilik v\u0259 d\u00f6z\u00fcms\u00fczl\u00fckl\u0259 m\u00fcbariz\u0259&#8221; v\u0259 dig\u0259r m\u00f6vzularda fikir m\u00fcbadil\u0259si apar\u0131lacaq.<\/p>\n<p>\u0130claslarda deputat Tahir Mirki\u015fili \u00e7\u0131x\u0131\u015f ed\u0259c\u0259k, m\u00fczakir\u0259y\u0259 \u00e7\u0131xar\u0131lacaq s\u0259n\u0259dl\u0259r\u0259 m\u00fcnasib\u0259tini bildir\u0259c\u0259k.<\/p>\n","protected":false},"excerpt":{"rendered":"<p>Milli M\u0259clisin AT\u018fT Parlament Assambleyas\u0131ndak\u0131 n\u00fcmay\u0259nd\u0259 hey\u0259ti r\u0259hb\u0259rinin m\u00fcavini Tahir Mirki\u015fili qurumun q\u0131\u015f sessiyas\u0131nda i\u015ftirak etm\u0259k \u00fc\u00e7\u00fcn fevral\u0131n 19-dan 22-d\u0259k Avstriyan\u0131n Vyana \u015f\u0259h\u0259rind\u0259 s\u0259f\u0259rd\u0259 olacaq. ARANTV.AZ\u00a0Trend-\u0259 istinad\u0259n x\u0259b\u0259r verir ki, sessiya \u00e7\u0259r\u00e7iv\u0259sind\u0259 AT\u018fT PA s\u0259drinin, Ba\u015f katibinin hesabatlar\u0131 dinl\u0259nil\u0259c\u0259k, komit\u0259 iclaslar\u0131nda &#8220;Uzad\u0131lm\u0131\u015f m\u00fcnaqi\u015f\u0259l\u0259rin h\u0259ll edilm\u0259sind\u0259 AT\u018fT-in al\u0259t v\u0259 mexanizml\u0259ri&#8221;, &#8220;\u0130qlim d\u0259yi\u015fikliyinin t\u0259hl\u00fck\u0259sizliy\u0259 t\u0259sirl\u0259ri v\u0259 bu sah\u0259d\u0259 parlamentaril\u0259rin rolu&#8221;, &#8220;AT\u018fT regionunda antisemitizm, ayr\u0131se\u00e7kilik v\u0259 d\u00f6z\u00fcms\u00fczl\u00fckl\u0259 m\u00fcbariz\u0259&#8221; v\u0259 dig\u0259r m\u00f6vzularda fikir m\u00fcbadil\u0259si apar\u0131lacaq. \u0130claslarda deputat Tahir Mirki\u015fili \u00e7\u0131x\u0131\u015f ed\u0259c\u0259k, m\u00fczakir\u0259y\u0259 \u00e7\u0131xar\u0131lacaq s\u0259n\u0259dl\u0259r\u0259 m\u00fcnasib\u0259tini bildir\u0259c\u0259k.<\/p>\n","protected":false},"author":2,"featured_media":131064,"comment_status":"closed","ping_status":"closed","sticky":false,"template":"","format":"standard","meta":{"om_disable_all_campaigns":false,"_monsterinsights_skip_tracking":false,"_monsterinsights_sitenote_active":false,"_monsterinsights_sitenote_note":"","_monsterinsights_sitenote_category":0},"categories":[4],"tags":[],"aioseo_notices":[],"gutentor_comment":0,"rttpg_featured_image_url":{"full":["https:\/\/arantv.az\/wp-content\/uploads\/2020\/02\/826834.jpg",800,600,false],"landscape":["https:\/\/arantv.az\/wp-content\/uploads\/2020\/02\/826834.jpg",800,600,false],"portraits":["https:\/\/arantv.az\/wp-content\/uploads\/2020\/02\/826834.jpg",800,600,false],"thumbnail":["https:\/\/arantv.az\/wp-content\/uploads\/2020\/02\/826834-150x150.jpg",150,150,true],"medium":["https:\/\/arantv.az\/wp-content\/uploads\/2020\/02\/826834-300x225.jpg",300,225,true],"large":["https:\/\/arantv.az\/wp-content\/uploads\/2020\/02\/826834.jpg",640,480,false],"1536x1536":["https:\/\/arantv.az\/wp-content\/uploads\/2020\/02\/826834.jpg",800,600,false],"2048x2048":["https:\/\/arantv.az\/wp-content\/uploads\/2020\/02\/826834.jpg",800,600,false],"post-thumbnail":["https:\/\/arantv.az\/wp-content\/uploads\/2020\/02\/826834-240x172.jpg",240,172,true],"advps-thumb-one":["https:\/\/arantv.az\/wp-content\/uploads\/2020\/02\/826834.jpg",800,600,false]},"rttpg_author":{"display_name":"V\u00fcsal Rafiqo\u011flu","author_link":"https:\/\/arantv.az\/?author=2"},"rttpg_comment":0,"rttpg_category":"<a href=\"https:\/\/arantv.az\/?cat=4\" rel=\"category\">Siyas\u0259t<\/a>","rttpg_excerpt":"Milli M\u0259clisin AT\u018fT Parlament Assambleyas\u0131ndak\u0131 n\u00fcmay\u0259nd\u0259 hey\u0259ti r\u0259hb\u0259rinin m\u00fcavini Tahir Mirki\u015fili qurumun q\u0131\u015f sessiyas\u0131nda i\u015ftirak etm\u0259k \u00fc\u00e7\u00fcn fevral\u0131n 19-dan 22-d\u0259k Avstriyan\u0131n Vyana \u015f\u0259h\u0259rind\u0259 s\u0259f\u0259rd\u0259 olacaq. ARANTV.AZ\u00a0Trend-\u0259 istinad\u0259n x\u0259b\u0259r verir ki, sessiya \u00e7\u0259r\u00e7iv\u0259sind\u0259 AT\u018fT PA s\u0259drinin, Ba\u015f katibinin hesabatlar\u0131 dinl\u0259nil\u0259c\u0259k, komit\u0259 iclaslar\u0131nda &#8220;Uzad\u0131lm\u0131\u015f m\u00fcnaqi\u015f\u0259l\u0259rin h\u0259ll edilm\u0259sind\u0259 AT\u018fT-in al\u0259t v\u0259 mexanizml\u0259ri&#8221;, &#8220;\u0130qlim d\u0259yi\u015fikliyinin t\u0259hl\u00fck\u0259sizliy\u0259 t\u0259sirl\u0259ri v\u0259 bu&hellip;","_links":{"self":[{"href":"https:\/\/arantv.az\/index.php?rest_route=\/wp\/v2\/posts\/131063"}],"collection":[{"href":"https:\/\/arantv.az\/index.php?rest_route=\/wp\/v2\/posts"}],"about":[{"href":"https:\/\/arantv.az\/index.php?rest_route=\/wp\/v2\/types\/post"}],"author":[{"embeddable":true,"href":"https:\/\/arantv.az\/index.php?rest_route=\/wp\/v2\/users\/2"}],"replies":[{"embeddable":true,"href":"https:\/\/arantv.az\/index.php?rest_route=%2Fwp%2Fv2%2Fcomments&post=131063"}],"version-history":[{"count":0,"href":"https:\/\/arantv.az\/index.php?rest_route=\/wp\/v2\/posts\/131063\/revisions"}],"wp:featuredmedia":[{"embeddable":true,"href":"https:\/\/arantv.az\/index.php?rest_route=\/wp\/v2\/media\/131064"}],"wp:attachment":[{"href":"https:\/\/arantv.az\/index.php?rest_route=%2Fwp%2Fv2%2Fmedia&parent=131063"}],"wp:term":[{"taxonomy":"category","embeddable":true,"href":"https:\/\/arantv.az\/index.php?rest_route=%2Fwp%2Fv2%2Fcategories&post=131063"},{"taxonomy":"post_tag","embeddable":true,"href":"https:\/\/arantv.az\/index.php?rest_route=%2Fwp%2Fv2%2Ftags&post=131063"}],"curies":[{"name":"wp","href":"https:\/\/api.w.org\/{rel}","templated":true}]}}