{"id":131067,"date":"2020-02-18T13:22:44","date_gmt":"2020-02-18T10:22:44","guid":{"rendered":"http:\/\/arantv.az\/?p=131067"},"modified":"2020-02-18T13:22:44","modified_gmt":"2020-02-18T10:22:44","slug":"az%c9%99rbaycanda-qizil-emalcilari-assosiasiyasi-yaradilacaq","status":"publish","type":"post","link":"https:\/\/arantv.az\/?p=131067","title":{"rendered":"Az\u0259rbaycanda Q\u0131z\u0131l Emal\u00e7\u0131lar\u0131 Assosiasiyas\u0131 yarad\u0131lacaq"},"content":{"rendered":"<blockquote><p><em><strong>Az\u0259rbaycanda yax\u0131n zamanlarda Q\u0131z\u0131l Emal\u00e7\u0131lar\u0131 Assosiasiyas\u0131 yarad\u0131lacaq.<\/strong><\/em><\/p><\/blockquote>\n<p><strong>ARANTV.AZ\u00a0<\/strong>\u00a0<a href=\"https:\/\/az.trend.az\/\" target=\"_blank\" rel=\"noopener\">Trend<\/a>-\u0259 istinad\u0259n x\u0259b\u0259r verir ki, bunu Ki\u00e7ik v\u0259 Orta Biznesin \u0130nki\u015faf\u0131 Agentliyinin (KOB\u0130A) s\u0259dri Orxan M\u0259mm\u0259dov Az\u0259rbaycanda &#8220;Z\u0259rg\u0259rlik bazar\u0131n\u0131n inki\u015faf perspektivl\u0259ri: probleml\u0259r v\u0259 imkanlar&#8221; adl\u0131 konfransda deyib.<\/p>\n<p>O bildirib ki, bununla ba\u011fl\u0131 Agentlik \u018fdliyy\u0259 Nazirliyin\u0259 m\u00fcraci\u0259t edib v\u0259 n\u0259tic\u0259d\u0259 assosiasiya iki h\u0259ft\u0259 \u0259rzind\u0259 qeydiyyata al\u0131nacaq.<\/p>\n<p>O.M\u0259mm\u0259dov \u0259lav\u0259 edib ki, \u0130qtisadiyyat Nazirliyi t\u0259r\u0259find\u0259n q\u0131z\u0131l emal\u0131 sah\u0259sind\u0259 f\u0259aliyy\u0259t g\u00f6st\u0259r\u0259c\u0259k i\u015f\u00e7i qrupunun yarad\u0131lmas\u0131 bar\u0259d\u0259 q\u0259rar q\u0259bul edilib:<\/p>\n<p>&#8220;Bu qrupun t\u0259rkibind\u0259 G\u00f6mr\u00fck Komit\u0259sinin, \u0130qtisadiyyat Nazirliyinin, Ki\u00e7ik v\u0259 Orta Biznesin \u0130nki\u015faf\u0131 Agentliyinin, &#8220;AzerGold&#8221; QSC-nin, el\u0259c\u0259 d\u0259 yeni assosiasiyan\u0131n n\u00fcmay\u0259nd\u0259l\u0259ri t\u0259msil olunur&#8221;.<\/p>\n","protected":false},"excerpt":{"rendered":"<p>Az\u0259rbaycanda yax\u0131n zamanlarda Q\u0131z\u0131l Emal\u00e7\u0131lar\u0131 Assosiasiyas\u0131 yarad\u0131lacaq. ARANTV.AZ\u00a0\u00a0Trend-\u0259 istinad\u0259n x\u0259b\u0259r verir ki, bunu Ki\u00e7ik v\u0259 Orta Biznesin \u0130nki\u015faf\u0131 Agentliyinin (KOB\u0130A) s\u0259dri Orxan M\u0259mm\u0259dov Az\u0259rbaycanda &#8220;Z\u0259rg\u0259rlik bazar\u0131n\u0131n inki\u015faf perspektivl\u0259ri: probleml\u0259r v\u0259 imkanlar&#8221; adl\u0131 konfransda deyib. O bildirib ki, bununla ba\u011fl\u0131 Agentlik \u018fdliyy\u0259 Nazirliyin\u0259 m\u00fcraci\u0259t edib v\u0259 n\u0259tic\u0259d\u0259 assosiasiya iki h\u0259ft\u0259 \u0259rzind\u0259 qeydiyyata al\u0131nacaq. O.M\u0259mm\u0259dov \u0259lav\u0259 edib ki, \u0130qtisadiyyat Nazirliyi t\u0259r\u0259find\u0259n q\u0131z\u0131l emal\u0131 sah\u0259sind\u0259 f\u0259aliyy\u0259t g\u00f6st\u0259r\u0259c\u0259k i\u015f\u00e7i qrupunun yarad\u0131lmas\u0131 bar\u0259d\u0259 q\u0259rar q\u0259bul edilib: &#8220;Bu qrupun t\u0259rkibind\u0259 G\u00f6mr\u00fck Komit\u0259sinin, \u0130qtisadiyyat Nazirliyinin, Ki\u00e7ik v\u0259 Orta Biznesin \u0130nki\u015faf\u0131 Agentliyinin, &#8220;AzerGold&#8221; QSC-nin, el\u0259c\u0259 d\u0259 yeni assosiasiyan\u0131n&hellip;<\/p>\n","protected":false},"author":2,"featured_media":131068,"comment_status":"closed","ping_status":"closed","sticky":false,"template":"","format":"standard","meta":{"om_disable_all_campaigns":false,"_monsterinsights_skip_tracking":false,"_monsterinsights_sitenote_active":false,"_monsterinsights_sitenote_note":"","_monsterinsights_sitenote_category":0},"categories":[19],"tags":[],"aioseo_notices":[],"gutentor_comment":0,"rttpg_featured_image_url":{"full":["https:\/\/arantv.az\/wp-content\/uploads\/2020\/02\/826860.jpg",660,440,false],"landscape":["https:\/\/arantv.az\/wp-content\/uploads\/2020\/02\/826860.jpg",660,440,false],"portraits":["https:\/\/arantv.az\/wp-content\/uploads\/2020\/02\/826860.jpg",660,440,false],"thumbnail":["https:\/\/arantv.az\/wp-content\/uploads\/2020\/02\/826860-150x150.jpg",150,150,true],"medium":["https:\/\/arantv.az\/wp-content\/uploads\/2020\/02\/826860-300x200.jpg",300,200,true],"large":["https:\/\/arantv.az\/wp-content\/uploads\/2020\/02\/826860.jpg",640,427,false],"1536x1536":["https:\/\/arantv.az\/wp-content\/uploads\/2020\/02\/826860.jpg",660,440,false],"2048x2048":["https:\/\/arantv.az\/wp-content\/uploads\/2020\/02\/826860.jpg",660,440,false],"post-thumbnail":["https:\/\/arantv.az\/wp-content\/uploads\/2020\/02\/826860-240x172.jpg",240,172,true],"advps-thumb-one":["https:\/\/arantv.az\/wp-content\/uploads\/2020\/02\/826860.jpg",660,440,false]},"rttpg_author":{"display_name":"V\u00fcsal Rafiqo\u011flu","author_link":"https:\/\/arantv.az\/?author=2"},"rttpg_comment":0,"rttpg_category":"<a href=\"https:\/\/arantv.az\/?cat=19\" rel=\"category\">G\u00fcnd\u0259m<\/a>","rttpg_excerpt":"Az\u0259rbaycanda yax\u0131n zamanlarda Q\u0131z\u0131l Emal\u00e7\u0131lar\u0131 Assosiasiyas\u0131 yarad\u0131lacaq. ARANTV.AZ\u00a0\u00a0Trend-\u0259 istinad\u0259n x\u0259b\u0259r verir ki, bunu Ki\u00e7ik v\u0259 Orta Biznesin \u0130nki\u015faf\u0131 Agentliyinin (KOB\u0130A) s\u0259dri Orxan M\u0259mm\u0259dov Az\u0259rbaycanda &#8220;Z\u0259rg\u0259rlik bazar\u0131n\u0131n inki\u015faf perspektivl\u0259ri: probleml\u0259r v\u0259 imkanlar&#8221; adl\u0131 konfransda deyib. O bildirib ki, bununla ba\u011fl\u0131 Agentlik \u018fdliyy\u0259 Nazirliyin\u0259 m\u00fcraci\u0259t edib v\u0259 n\u0259tic\u0259d\u0259 assosiasiya iki h\u0259ft\u0259 \u0259rzind\u0259 qeydiyyata al\u0131nacaq. O.M\u0259mm\u0259dov \u0259lav\u0259 edib&hellip;","_links":{"self":[{"href":"https:\/\/arantv.az\/index.php?rest_route=\/wp\/v2\/posts\/131067"}],"collection":[{"href":"https:\/\/arantv.az\/index.php?rest_route=\/wp\/v2\/posts"}],"about":[{"href":"https:\/\/arantv.az\/index.php?rest_route=\/wp\/v2\/types\/post"}],"author":[{"embeddable":true,"href":"https:\/\/arantv.az\/index.php?rest_route=\/wp\/v2\/users\/2"}],"replies":[{"embeddable":true,"href":"https:\/\/arantv.az\/index.php?rest_route=%2Fwp%2Fv2%2Fcomments&post=131067"}],"version-history":[{"count":0,"href":"https:\/\/arantv.az\/index.php?rest_route=\/wp\/v2\/posts\/131067\/revisions"}],"wp:featuredmedia":[{"embeddable":true,"href":"https:\/\/arantv.az\/index.php?rest_route=\/wp\/v2\/media\/131068"}],"wp:attachment":[{"href":"https:\/\/arantv.az\/index.php?rest_route=%2Fwp%2Fv2%2Fmedia&parent=131067"}],"wp:term":[{"taxonomy":"category","embeddable":true,"href":"https:\/\/arantv.az\/index.php?rest_route=%2Fwp%2Fv2%2Fcategories&post=131067"},{"taxonomy":"post_tag","embeddable":true,"href":"https:\/\/arantv.az\/index.php?rest_route=%2Fwp%2Fv2%2Ftags&post=131067"}],"curies":[{"name":"wp","href":"https:\/\/api.w.org\/{rel}","templated":true}]}}