{"id":131107,"date":"2020-02-18T14:02:23","date_gmt":"2020-02-18T11:02:23","guid":{"rendered":"http:\/\/arantv.az\/?p=131107"},"modified":"2020-02-18T14:02:23","modified_gmt":"2020-02-18T11:02:23","slug":"almaniyada-umumavropa-qarabag-mitinqi-keciril%c9%99c%c9%99k-video","status":"publish","type":"post","link":"https:\/\/arantv.az\/?p=131107","title":{"rendered":"Almaniyada \u00dcmumavropa Qaraba\u011f Mitinqi ke\u00e7iril\u0259c\u0259k &#8211; V\u0130DEO"},"content":{"rendered":"<p>Almaniyada \u00dcmumavropa Qaraba\u011f Mitinqi ke\u00e7iril\u0259c\u0259k.<\/p>\n<article class=\"news\">\n<div class=\"news-inner\">\n<p><b>ARANTV.AZ\u00a0<\/b> x\u0259b\u0259r verir ki, mitinq Almaniya Az\u0259rbaycanl\u0131lar\u0131 Alyans\u0131 t\u0259r\u0259find\u0259n t\u0259\u015fkil edil\u0259c\u0259k.<\/p>\n<p>\u00dcmumavropa Qaraba\u011f Mitinqinin fevral\u0131n 22-si Berlind\u0259 Almaniya vaxt\u0131 il\u0259 13:00-da ba\u015flayaca\u011f\u0131 v\u0259 iki saat davam ed\u0259c\u0259yi bildirilib.\u00a0Oxu.Az<\/p>\n<div><iframe loading=\"lazy\" src=\"https:\/\/player.baku.tv\/embed\/14582?fbclid=IwAR2Mr12hiXDHduFjt9EeF72q5uoF8K2az0KQVI3j5CcARKJ-_aJRbMOBsps\" width=\"560\" height=\"315\" frameborder=\"0\" allowfullscreen=\"allowfullscreen\" data-mce-fragment=\"1\"><\/iframe><\/div>\n<\/div>\n<\/article>\n<h2 class=\"news-share-title\"><\/h2>\n","protected":false},"excerpt":{"rendered":"<p>Almaniyada \u00dcmumavropa Qaraba\u011f Mitinqi ke\u00e7iril\u0259c\u0259k. ARANTV.AZ\u00a0 x\u0259b\u0259r verir ki, mitinq Almaniya Az\u0259rbaycanl\u0131lar\u0131 Alyans\u0131 t\u0259r\u0259find\u0259n t\u0259\u015fkil edil\u0259c\u0259k. \u00dcmumavropa Qaraba\u011f Mitinqinin fevral\u0131n 22-si Berlind\u0259 Almaniya vaxt\u0131 il\u0259 13:00-da ba\u015flayaca\u011f\u0131 v\u0259 iki saat davam ed\u0259c\u0259yi bildirilib.\u00a0Oxu.Az<\/p>\n","protected":false},"author":2,"featured_media":131108,"comment_status":"closed","ping_status":"closed","sticky":false,"template":"","format":"standard","meta":{"om_disable_all_campaigns":false,"_monsterinsights_skip_tracking":false,"_monsterinsights_sitenote_active":false,"_monsterinsights_sitenote_note":"","_monsterinsights_sitenote_category":0},"categories":[1],"tags":[],"aioseo_notices":[],"gutentor_comment":0,"rttpg_featured_image_url":{"full":["https:\/\/arantv.az\/wp-content\/uploads\/2020\/02\/1582022735109_E0j2YgwP.jpg",620,465,false],"landscape":["https:\/\/arantv.az\/wp-content\/uploads\/2020\/02\/1582022735109_E0j2YgwP.jpg",620,465,false],"portraits":["https:\/\/arantv.az\/wp-content\/uploads\/2020\/02\/1582022735109_E0j2YgwP.jpg",620,465,false],"thumbnail":["https:\/\/arantv.az\/wp-content\/uploads\/2020\/02\/1582022735109_E0j2YgwP-150x150.jpg",150,150,true],"medium":["https:\/\/arantv.az\/wp-content\/uploads\/2020\/02\/1582022735109_E0j2YgwP-300x225.jpg",300,225,true],"large":["https:\/\/arantv.az\/wp-content\/uploads\/2020\/02\/1582022735109_E0j2YgwP.jpg",620,465,false],"1536x1536":["https:\/\/arantv.az\/wp-content\/uploads\/2020\/02\/1582022735109_E0j2YgwP.jpg",620,465,false],"2048x2048":["https:\/\/arantv.az\/wp-content\/uploads\/2020\/02\/1582022735109_E0j2YgwP.jpg",620,465,false],"post-thumbnail":["https:\/\/arantv.az\/wp-content\/uploads\/2020\/02\/1582022735109_E0j2YgwP-240x172.jpg",240,172,true],"advps-thumb-one":["https:\/\/arantv.az\/wp-content\/uploads\/2020\/02\/1582022735109_E0j2YgwP.jpg",620,465,false]},"rttpg_author":{"display_name":"V\u00fcsal Rafiqo\u011flu","author_link":"https:\/\/arantv.az\/?author=2"},"rttpg_comment":0,"rttpg_category":"<a href=\"https:\/\/arantv.az\/?cat=1\" rel=\"category\">C\u0259miyy\u0259t<\/a>","rttpg_excerpt":"Almaniyada \u00dcmumavropa Qaraba\u011f Mitinqi ke\u00e7iril\u0259c\u0259k. ARANTV.AZ\u00a0 x\u0259b\u0259r verir ki, mitinq Almaniya Az\u0259rbaycanl\u0131lar\u0131 Alyans\u0131 t\u0259r\u0259find\u0259n t\u0259\u015fkil edil\u0259c\u0259k. \u00dcmumavropa Qaraba\u011f Mitinqinin fevral\u0131n 22-si Berlind\u0259 Almaniya vaxt\u0131 il\u0259 13:00-da ba\u015flayaca\u011f\u0131 v\u0259 iki saat davam ed\u0259c\u0259yi bildirilib.\u00a0Oxu.Az","_links":{"self":[{"href":"https:\/\/arantv.az\/index.php?rest_route=\/wp\/v2\/posts\/131107"}],"collection":[{"href":"https:\/\/arantv.az\/index.php?rest_route=\/wp\/v2\/posts"}],"about":[{"href":"https:\/\/arantv.az\/index.php?rest_route=\/wp\/v2\/types\/post"}],"author":[{"embeddable":true,"href":"https:\/\/arantv.az\/index.php?rest_route=\/wp\/v2\/users\/2"}],"replies":[{"embeddable":true,"href":"https:\/\/arantv.az\/index.php?rest_route=%2Fwp%2Fv2%2Fcomments&post=131107"}],"version-history":[{"count":0,"href":"https:\/\/arantv.az\/index.php?rest_route=\/wp\/v2\/posts\/131107\/revisions"}],"wp:featuredmedia":[{"embeddable":true,"href":"https:\/\/arantv.az\/index.php?rest_route=\/wp\/v2\/media\/131108"}],"wp:attachment":[{"href":"https:\/\/arantv.az\/index.php?rest_route=%2Fwp%2Fv2%2Fmedia&parent=131107"}],"wp:term":[{"taxonomy":"category","embeddable":true,"href":"https:\/\/arantv.az\/index.php?rest_route=%2Fwp%2Fv2%2Fcategories&post=131107"},{"taxonomy":"post_tag","embeddable":true,"href":"https:\/\/arantv.az\/index.php?rest_route=%2Fwp%2Fv2%2Ftags&post=131107"}],"curies":[{"name":"wp","href":"https:\/\/api.w.org\/{rel}","templated":true}]}}