{"id":131111,"date":"2020-02-18T14:03:13","date_gmt":"2020-02-18T11:03:13","guid":{"rendered":"http:\/\/arantv.az\/?p=131111"},"modified":"2020-02-18T14:03:13","modified_gmt":"2020-02-18T11:03:13","slug":"m%c9%99kt%c9%99bl%c9%99rd%c9%99ki-munaqis%c9%99-hallarina-gor%c9%99-bes-m%c9%99sul-s%c9%99xs%c9%99-tohm%c9%99t-verildi","status":"publish","type":"post","link":"https:\/\/arantv.az\/?p=131111","title":{"rendered":"M\u0259kt\u0259bl\u0259rd\u0259ki m\u00fcnaqi\u015f\u0259 hallar\u0131na g\u00f6r\u0259 be\u015f m\u0259sul \u015f\u0259xs\u0259 t\u00f6hm\u0259t verildi"},"content":{"rendered":"<p>2020-ci ilin yanvar ay\u0131nda T\u0259hsil Nazirliyinin x\u00fcsusi hallarla ba\u011fl\u0131 146-2 \u201cQaynar x\u0259tt\u201d\u00a0xidm\u0259tin\u0259 12 m\u00fcraci\u0259t daxil olub.<\/p>\n<p>Nazirlikd\u0259n veril\u0259n m\u0259lumata g\u00f6r\u0259, Bak\u0131, Sumqay\u0131t, \u015e\u0259ki \u015f\u0259h\u0259rl\u0259ri, A\u011fdam, \u0130mi\u015fli v\u0259 L\u0259nk\u0259ran rayon m\u0259kt\u0259bl\u0259rind\u0259n daxil olan bu m\u00fcraci\u0259tl\u0259r \u0259sas\u0259n \u015fagirdl\u0259r aras\u0131nda q\u0131snama hallar\u0131 v\u0259 \u015fagird-m\u00fc\u0259llim aras\u0131nda yaranm\u0131\u015f m\u00fcnaqi\u015f\u0259 v\u0259ziyy\u0259tl\u0259ri il\u0259 ba\u011fl\u0131d\u0131r.<\/p>\n<p>T\u0259hsil Nazirliyinin tap\u015f\u0131r\u0131\u011f\u0131na \u0259sas\u0259n, m\u00fcraci\u0259tl\u0259r \u015fagirdl\u0259rin, onlar\u0131n valideynl\u0259rinin v\u0259 m\u00fc\u0259lliml\u0259rinin i\u015ftirak\u0131 il\u0259 yerind\u0259 d\u0259rhal ara\u015fd\u0131r\u0131l\u0131b.<\/p>\n<p>Ara\u015fd\u0131rma n\u0259tic\u0259sind\u0259 Bak\u0131 \u015f\u0259h\u0259rind\u0259ki 167, 56 v\u0259 192 n\u00f6mr\u0259li, A\u011fdam rayonu S.H\u0259s\u0259nov ad\u0131na \u018ff\u0259tli k\u0259nd, \u0130mi\u015fli rayonu F.R\u0259himov ad\u0131na C\u0259f\u0259rli k\u0259nd 2 n\u00f6mr\u0259li tam orta m\u0259kt\u0259bl\u0259rd\u0259 t\u0259sdiqini tapm\u0131\u015f hallar h\u0259min \u00fcmumi t\u0259hsil m\u00fc\u0259ssis\u0259l\u0259rinin Pedaqoji \u015furalar\u0131n\u0131n m\u00fczakir\u0259sin\u0259 \u00e7\u0131xar\u0131l\u0131b.<\/p>\n<p>F\u0259aliyy\u0259tind\u0259 n\u00f6qsanlara yol vermi\u015f be\u015f m\u0259sul \u015f\u0259xs\u0259 t\u00f6hm\u0259t verilib.<\/p>\n","protected":false},"excerpt":{"rendered":"<p>2020-ci ilin yanvar ay\u0131nda T\u0259hsil Nazirliyinin x\u00fcsusi hallarla ba\u011fl\u0131 146-2 \u201cQaynar x\u0259tt\u201d\u00a0xidm\u0259tin\u0259 12 m\u00fcraci\u0259t daxil olub. Nazirlikd\u0259n veril\u0259n m\u0259lumata g\u00f6r\u0259, Bak\u0131, Sumqay\u0131t, \u015e\u0259ki \u015f\u0259h\u0259rl\u0259ri, A\u011fdam, \u0130mi\u015fli v\u0259 L\u0259nk\u0259ran rayon m\u0259kt\u0259bl\u0259rind\u0259n daxil olan bu m\u00fcraci\u0259tl\u0259r \u0259sas\u0259n \u015fagirdl\u0259r aras\u0131nda q\u0131snama hallar\u0131 v\u0259 \u015fagird-m\u00fc\u0259llim aras\u0131nda yaranm\u0131\u015f m\u00fcnaqi\u015f\u0259 v\u0259ziyy\u0259tl\u0259ri il\u0259 ba\u011fl\u0131d\u0131r. T\u0259hsil Nazirliyinin tap\u015f\u0131r\u0131\u011f\u0131na \u0259sas\u0259n, m\u00fcraci\u0259tl\u0259r \u015fagirdl\u0259rin, onlar\u0131n valideynl\u0259rinin v\u0259 m\u00fc\u0259lliml\u0259rinin i\u015ftirak\u0131 il\u0259 yerind\u0259 d\u0259rhal ara\u015fd\u0131r\u0131l\u0131b. Ara\u015fd\u0131rma n\u0259tic\u0259sind\u0259 Bak\u0131 \u015f\u0259h\u0259rind\u0259ki 167, 56 v\u0259 192 n\u00f6mr\u0259li, A\u011fdam rayonu S.H\u0259s\u0259nov ad\u0131na \u018ff\u0259tli k\u0259nd, \u0130mi\u015fli rayonu F.R\u0259himov ad\u0131na C\u0259f\u0259rli k\u0259nd 2 n\u00f6mr\u0259li tam orta m\u0259kt\u0259bl\u0259rd\u0259 t\u0259sdiqini tapm\u0131\u015f&hellip;<\/p>\n","protected":false},"author":2,"featured_media":131112,"comment_status":"closed","ping_status":"closed","sticky":false,"template":"","format":"standard","meta":{"om_disable_all_campaigns":false,"_monsterinsights_skip_tracking":false,"_monsterinsights_sitenote_active":false,"_monsterinsights_sitenote_note":"","_monsterinsights_sitenote_category":0},"categories":[1],"tags":[],"aioseo_notices":[],"gutentor_comment":0,"rttpg_featured_image_url":{"full":["https:\/\/arantv.az\/wp-content\/uploads\/2020\/02\/1475495416_4756273.jpg",620,403,false],"landscape":["https:\/\/arantv.az\/wp-content\/uploads\/2020\/02\/1475495416_4756273.jpg",620,403,false],"portraits":["https:\/\/arantv.az\/wp-content\/uploads\/2020\/02\/1475495416_4756273.jpg",620,403,false],"thumbnail":["https:\/\/arantv.az\/wp-content\/uploads\/2020\/02\/1475495416_4756273-150x150.jpg",150,150,true],"medium":["https:\/\/arantv.az\/wp-content\/uploads\/2020\/02\/1475495416_4756273-300x195.jpg",300,195,true],"large":["https:\/\/arantv.az\/wp-content\/uploads\/2020\/02\/1475495416_4756273.jpg",620,403,false],"1536x1536":["https:\/\/arantv.az\/wp-content\/uploads\/2020\/02\/1475495416_4756273.jpg",620,403,false],"2048x2048":["https:\/\/arantv.az\/wp-content\/uploads\/2020\/02\/1475495416_4756273.jpg",620,403,false],"post-thumbnail":["https:\/\/arantv.az\/wp-content\/uploads\/2020\/02\/1475495416_4756273-240x172.jpg",240,172,true],"advps-thumb-one":["https:\/\/arantv.az\/wp-content\/uploads\/2020\/02\/1475495416_4756273.jpg",620,403,false]},"rttpg_author":{"display_name":"V\u00fcsal Rafiqo\u011flu","author_link":"https:\/\/arantv.az\/?author=2"},"rttpg_comment":0,"rttpg_category":"<a href=\"https:\/\/arantv.az\/?cat=1\" rel=\"category\">C\u0259miyy\u0259t<\/a>","rttpg_excerpt":"2020-ci ilin yanvar ay\u0131nda T\u0259hsil Nazirliyinin x\u00fcsusi hallarla ba\u011fl\u0131 146-2 \u201cQaynar x\u0259tt\u201d\u00a0xidm\u0259tin\u0259 12 m\u00fcraci\u0259t daxil olub. Nazirlikd\u0259n veril\u0259n m\u0259lumata g\u00f6r\u0259, Bak\u0131, Sumqay\u0131t, \u015e\u0259ki \u015f\u0259h\u0259rl\u0259ri, A\u011fdam, \u0130mi\u015fli v\u0259 L\u0259nk\u0259ran rayon m\u0259kt\u0259bl\u0259rind\u0259n daxil olan bu m\u00fcraci\u0259tl\u0259r \u0259sas\u0259n \u015fagirdl\u0259r aras\u0131nda q\u0131snama hallar\u0131 v\u0259 \u015fagird-m\u00fc\u0259llim aras\u0131nda yaranm\u0131\u015f m\u00fcnaqi\u015f\u0259 v\u0259ziyy\u0259tl\u0259ri il\u0259 ba\u011fl\u0131d\u0131r. T\u0259hsil Nazirliyinin tap\u015f\u0131r\u0131\u011f\u0131na \u0259sas\u0259n, m\u00fcraci\u0259tl\u0259r \u015fagirdl\u0259rin, onlar\u0131n valideynl\u0259rinin&hellip;","_links":{"self":[{"href":"https:\/\/arantv.az\/index.php?rest_route=\/wp\/v2\/posts\/131111"}],"collection":[{"href":"https:\/\/arantv.az\/index.php?rest_route=\/wp\/v2\/posts"}],"about":[{"href":"https:\/\/arantv.az\/index.php?rest_route=\/wp\/v2\/types\/post"}],"author":[{"embeddable":true,"href":"https:\/\/arantv.az\/index.php?rest_route=\/wp\/v2\/users\/2"}],"replies":[{"embeddable":true,"href":"https:\/\/arantv.az\/index.php?rest_route=%2Fwp%2Fv2%2Fcomments&post=131111"}],"version-history":[{"count":0,"href":"https:\/\/arantv.az\/index.php?rest_route=\/wp\/v2\/posts\/131111\/revisions"}],"wp:featuredmedia":[{"embeddable":true,"href":"https:\/\/arantv.az\/index.php?rest_route=\/wp\/v2\/media\/131112"}],"wp:attachment":[{"href":"https:\/\/arantv.az\/index.php?rest_route=%2Fwp%2Fv2%2Fmedia&parent=131111"}],"wp:term":[{"taxonomy":"category","embeddable":true,"href":"https:\/\/arantv.az\/index.php?rest_route=%2Fwp%2Fv2%2Fcategories&post=131111"},{"taxonomy":"post_tag","embeddable":true,"href":"https:\/\/arantv.az\/index.php?rest_route=%2Fwp%2Fv2%2Ftags&post=131111"}],"curies":[{"name":"wp","href":"https:\/\/api.w.org\/{rel}","templated":true}]}}