{"id":131115,"date":"2020-02-18T14:04:07","date_gmt":"2020-02-18T11:04:07","guid":{"rendered":"http:\/\/arantv.az\/?p=131115"},"modified":"2020-02-18T14:04:07","modified_gmt":"2020-02-18T11:04:07","slug":"belcikali-deputat-munhen-gorusu-bir-daha-subut-etdi-ki-erm%c9%99nistan-isgal-etdiyi-torpaqlardan-cixmalidir","status":"publish","type":"post","link":"https:\/\/arantv.az\/?p=131115","title":{"rendered":"Bel\u00e7ikal\u0131 deputat: \u201dM\u00fcnhen g\u00f6r\u00fc\u015f\u00fc bir daha s\u00fcbut etdi ki, Erm\u0259nistan i\u015f\u011fal etdiyi torpaqlardan \u00e7\u0131xmal\u0131d\u0131r\u201d"},"content":{"rendered":"<blockquote><p><em><strong>Qaraba\u011f Az\u0259rbycan torpa\u011f\u0131d\u0131r. Tarixi, h\u00fcquqi s\u0259n\u0259dl\u0259r bunu t\u0259sdiql\u0259yir.<\/strong><\/em><\/p><\/blockquote>\n<p>Diaspor \u00fczr\u0259 ara\u015fd\u0131rma\u00e7\u0131-ekspert Elnur Elt\u00fcrk Milli.Az-a bildirib ki, bu s\u00f6zl\u0259ri Bel\u00e7ikan\u0131n tan\u0131nm\u0131\u015f t\u00fcrk\u0259silli mill\u0259t v\u0259kili, ekspertin dostu \u015eevket Temiz deyib.<\/p>\n<p>Mill\u0259t v\u0259kili Az\u0259rbaycan Prezidenti \u0130lham \u018fliyevin \u0259sasl\u0131 faktlarla dan\u0131\u015fd\u0131\u011f\u0131na\u00a0diqq\u0259t\u0259 \u00e7\u0259kib. &#8220;Az\u0259rbaycan Prezidenti \u0130lham \u018fliyev Erm\u0259nistan ba\u015f naziri Nikol Pa\u015finyan\u0131 faktlar qar\u015f\u0131s\u0131nda qoydu. He\u00e7 kim reall\u0131qdan k\u0259nar qa\u00e7a bilm\u0259z. \u018fsas reall\u0131q budur ki, Erm\u0259nistan i\u015f\u011fal etdiyi torpaqlar\u0131 t\u0259rk etm\u0259lidir. Beyn\u0259lxalq h\u00fcquq bunu t\u0259l\u0259b edir. T\u0259\u0259ss\u00fcf ki, Erm\u0259nistan buna m\u0259h\u0259l qoymur v\u0259 beyn\u0259lxalq q\u0259rarlar\u0131 qulaq ard\u0131na vurur. M\u00fcnhen g\u00f6r\u00fc\u015f\u00fc Erm\u0259nistan\u0131 beyn\u0259lxalq arenada tarixi, h\u00fcququ fakt qar\u015f\u0131s\u0131nda qoydu. Dey\u0259rdim ki, ba\u015f nazir \u00f6z\u00fcn\u00fc biab\u0131r etdi&#8221;, &#8211; dey\u0259 mill\u0259t v\u0259kili a\u00e7\u0131qlamas\u0131nda s\u00f6yl\u0259yib.<\/p>\n","protected":false},"excerpt":{"rendered":"<p>Qaraba\u011f Az\u0259rbycan torpa\u011f\u0131d\u0131r. Tarixi, h\u00fcquqi s\u0259n\u0259dl\u0259r bunu t\u0259sdiql\u0259yir. Diaspor \u00fczr\u0259 ara\u015fd\u0131rma\u00e7\u0131-ekspert Elnur Elt\u00fcrk Milli.Az-a bildirib ki, bu s\u00f6zl\u0259ri Bel\u00e7ikan\u0131n tan\u0131nm\u0131\u015f t\u00fcrk\u0259silli mill\u0259t v\u0259kili, ekspertin dostu \u015eevket Temiz deyib. Mill\u0259t v\u0259kili Az\u0259rbaycan Prezidenti \u0130lham \u018fliyevin \u0259sasl\u0131 faktlarla dan\u0131\u015fd\u0131\u011f\u0131na\u00a0diqq\u0259t\u0259 \u00e7\u0259kib. &#8220;Az\u0259rbaycan Prezidenti \u0130lham \u018fliyev Erm\u0259nistan ba\u015f naziri Nikol Pa\u015finyan\u0131 faktlar qar\u015f\u0131s\u0131nda qoydu. He\u00e7 kim reall\u0131qdan k\u0259nar qa\u00e7a bilm\u0259z. \u018fsas reall\u0131q budur ki, Erm\u0259nistan i\u015f\u011fal etdiyi torpaqlar\u0131 t\u0259rk etm\u0259lidir. Beyn\u0259lxalq h\u00fcquq bunu t\u0259l\u0259b edir. T\u0259\u0259ss\u00fcf ki, Erm\u0259nistan buna m\u0259h\u0259l qoymur v\u0259 beyn\u0259lxalq q\u0259rarlar\u0131 qulaq ard\u0131na vurur. M\u00fcnhen g\u00f6r\u00fc\u015f\u00fc Erm\u0259nistan\u0131 beyn\u0259lxalq arenada tarixi, h\u00fcququ&hellip;<\/p>\n","protected":false},"author":2,"featured_media":131116,"comment_status":"closed","ping_status":"closed","sticky":false,"template":"","format":"standard","meta":{"om_disable_all_campaigns":false,"_monsterinsights_skip_tracking":false,"_monsterinsights_sitenote_active":false,"_monsterinsights_sitenote_note":"","_monsterinsights_sitenote_category":0},"categories":[19],"tags":[],"aioseo_notices":[],"gutentor_comment":0,"rttpg_featured_image_url":{"full":["https:\/\/arantv.az\/wp-content\/uploads\/2020\/02\/826852.jpg",861,531,false],"landscape":["https:\/\/arantv.az\/wp-content\/uploads\/2020\/02\/826852.jpg",861,531,false],"portraits":["https:\/\/arantv.az\/wp-content\/uploads\/2020\/02\/826852.jpg",861,531,false],"thumbnail":["https:\/\/arantv.az\/wp-content\/uploads\/2020\/02\/826852-150x150.jpg",150,150,true],"medium":["https:\/\/arantv.az\/wp-content\/uploads\/2020\/02\/826852-300x185.jpg",300,185,true],"large":["https:\/\/arantv.az\/wp-content\/uploads\/2020\/02\/826852.jpg",640,395,false],"1536x1536":["https:\/\/arantv.az\/wp-content\/uploads\/2020\/02\/826852.jpg",861,531,false],"2048x2048":["https:\/\/arantv.az\/wp-content\/uploads\/2020\/02\/826852.jpg",861,531,false],"post-thumbnail":["https:\/\/arantv.az\/wp-content\/uploads\/2020\/02\/826852-240x172.jpg",240,172,true],"advps-thumb-one":["https:\/\/arantv.az\/wp-content\/uploads\/2020\/02\/826852.jpg",861,531,false]},"rttpg_author":{"display_name":"V\u00fcsal Rafiqo\u011flu","author_link":"https:\/\/arantv.az\/?author=2"},"rttpg_comment":0,"rttpg_category":"<a href=\"https:\/\/arantv.az\/?cat=19\" rel=\"category\">G\u00fcnd\u0259m<\/a>","rttpg_excerpt":"Qaraba\u011f Az\u0259rbycan torpa\u011f\u0131d\u0131r. Tarixi, h\u00fcquqi s\u0259n\u0259dl\u0259r bunu t\u0259sdiql\u0259yir. Diaspor \u00fczr\u0259 ara\u015fd\u0131rma\u00e7\u0131-ekspert Elnur Elt\u00fcrk Milli.Az-a bildirib ki, bu s\u00f6zl\u0259ri Bel\u00e7ikan\u0131n tan\u0131nm\u0131\u015f t\u00fcrk\u0259silli mill\u0259t v\u0259kili, ekspertin dostu \u015eevket Temiz deyib. Mill\u0259t v\u0259kili Az\u0259rbaycan Prezidenti \u0130lham \u018fliyevin \u0259sasl\u0131 faktlarla dan\u0131\u015fd\u0131\u011f\u0131na\u00a0diqq\u0259t\u0259 \u00e7\u0259kib. &#8220;Az\u0259rbaycan Prezidenti \u0130lham \u018fliyev Erm\u0259nistan ba\u015f naziri Nikol Pa\u015finyan\u0131 faktlar qar\u015f\u0131s\u0131nda qoydu. He\u00e7 kim reall\u0131qdan k\u0259nar qa\u00e7a&hellip;","_links":{"self":[{"href":"https:\/\/arantv.az\/index.php?rest_route=\/wp\/v2\/posts\/131115"}],"collection":[{"href":"https:\/\/arantv.az\/index.php?rest_route=\/wp\/v2\/posts"}],"about":[{"href":"https:\/\/arantv.az\/index.php?rest_route=\/wp\/v2\/types\/post"}],"author":[{"embeddable":true,"href":"https:\/\/arantv.az\/index.php?rest_route=\/wp\/v2\/users\/2"}],"replies":[{"embeddable":true,"href":"https:\/\/arantv.az\/index.php?rest_route=%2Fwp%2Fv2%2Fcomments&post=131115"}],"version-history":[{"count":0,"href":"https:\/\/arantv.az\/index.php?rest_route=\/wp\/v2\/posts\/131115\/revisions"}],"wp:featuredmedia":[{"embeddable":true,"href":"https:\/\/arantv.az\/index.php?rest_route=\/wp\/v2\/media\/131116"}],"wp:attachment":[{"href":"https:\/\/arantv.az\/index.php?rest_route=%2Fwp%2Fv2%2Fmedia&parent=131115"}],"wp:term":[{"taxonomy":"category","embeddable":true,"href":"https:\/\/arantv.az\/index.php?rest_route=%2Fwp%2Fv2%2Fcategories&post=131115"},{"taxonomy":"post_tag","embeddable":true,"href":"https:\/\/arantv.az\/index.php?rest_route=%2Fwp%2Fv2%2Ftags&post=131115"}],"curies":[{"name":"wp","href":"https:\/\/api.w.org\/{rel}","templated":true}]}}