{"id":131119,"date":"2020-02-18T14:05:31","date_gmt":"2020-02-18T11:05:31","guid":{"rendered":"http:\/\/arantv.az\/?p=131119"},"modified":"2020-02-18T14:05:31","modified_gmt":"2020-02-18T11:05:31","slug":"nursultan-nazarbayev-prezident-ilham-%c9%99liyevi-t%c9%99brik-edib","status":"publish","type":"post","link":"https:\/\/arantv.az\/?p=131119","title":{"rendered":"Nursultan Nazarbayev Prezident \u0130lham \u018fliyevi t\u0259brik edib"},"content":{"rendered":"<p><strong>Qazax\u0131stan Respublikas\u0131n\u0131n birinci Prezidenti &#8211; Elbas\u0131 Nursultan Nazarbayevd\u0259n Az\u0259rbaycan Respublikas\u0131n\u0131n Prezidenti \u0130lham \u018fliyev\u0259 t\u0259brik m\u0259ktubu g\u0259lib.<\/strong><\/p>\n<p><strong>ARANTV.AZ<\/strong>\u00a0<a href=\"https:\/\/azertag.az\/\" target=\"_blank\" rel=\"noopener\">AZ\u018fRTAC<\/a>-a istinad\u0259n x\u0259b\u0259r verir ki, t\u0259brikd\u0259 deyilir:<\/p>\n<p>&#8220;H\u00f6rm\u0259tli \u0130lham Heyd\u0259r o\u011flu.<\/p>\n<p>R\u0259hb\u0259ri oldu\u011funuz Yeni Az\u0259rbaycan Partiyas\u0131n\u0131n fevral\u0131n 9-da Az\u0259rbaycan Respublikas\u0131n\u0131n Milli M\u0259clisin\u0259 ke\u00e7iril\u0259n n\u00f6vb\u0259d\u0259nk\u0259nar se\u00e7kil\u0259rd\u0259 qalib g\u0259lm\u0259si il\u0259 \u0259laq\u0259dar Sizi s\u0259mimi q\u0259lbd\u0259n t\u0259brik edir\u0259m.<\/p>\n<p>Hesab edir\u0259m ki, bu q\u0259l\u0259b\u0259 Sizin konstruktiv xarici v\u0259 daxili siyas\u0259tinizin, h\u0259m\u00e7inin h\u0259yata ke\u00e7irdiyiniz islahatlara Az\u0259rbaycan xalq\u0131n\u0131n d\u0259st\u0259yinin n\u0259tic\u0259sidir.<\/p>\n<p>&#8220;Nur-Otan&#8221; Partiyas\u0131n\u0131n s\u0259dri olaraq Qazax\u0131stan\u0131n v\u0259 Az\u0259rbaycan\u0131n apar\u0131c\u0131 siyasi qurumlar\u0131 aras\u0131nda s\u0259mimiyy\u0259t\u0259 v\u0259 etimada s\u00f6yk\u0259n\u0259n m\u00fcnasib\u0259tl\u0259ri y\u00fcks\u0259k qiym\u0259tl\u0259ndirir\u0259m.<\/p>\n<p>\u018fmin\u0259m ki, Qazax\u0131stan Respublikas\u0131n\u0131n v\u0259 Az\u0259rbaycan Respublikas\u0131n\u0131n xalqlar\u0131 aras\u0131nda \u0259sl dostluq \u00fcz\u0259rind\u0259 qurulan \u0259m\u0259kda\u015fl\u0131q bundan sonra da m\u00f6hk\u0259ml\u0259n\u0259c\u0259k.<\/p>\n<p>H\u00f6rm\u0259tli \u0130lham Heyd\u0259r o\u011flu, f\u00fcrs\u0259td\u0259n istifad\u0259 ed\u0259r\u0259k Siz\u0259 m\u00f6hk\u0259m cansa\u011fl\u0131\u011f\u0131, b\u00fct\u00fcn t\u0259\u015f\u0259bb\u00fcsl\u0259rinizd\u0259 u\u011furlar, qarda\u015f Az\u0259rbaycan xalq\u0131na s\u00fclh v\u0259 rifah arzulay\u0131ram&#8221;.<\/p>\n","protected":false},"excerpt":{"rendered":"<p>Qazax\u0131stan Respublikas\u0131n\u0131n birinci Prezidenti &#8211; Elbas\u0131 Nursultan Nazarbayevd\u0259n Az\u0259rbaycan Respublikas\u0131n\u0131n Prezidenti \u0130lham \u018fliyev\u0259 t\u0259brik m\u0259ktubu g\u0259lib. ARANTV.AZ\u00a0AZ\u018fRTAC-a istinad\u0259n x\u0259b\u0259r verir ki, t\u0259brikd\u0259 deyilir: &#8220;H\u00f6rm\u0259tli \u0130lham Heyd\u0259r o\u011flu. R\u0259hb\u0259ri oldu\u011funuz Yeni Az\u0259rbaycan Partiyas\u0131n\u0131n fevral\u0131n 9-da Az\u0259rbaycan Respublikas\u0131n\u0131n Milli M\u0259clisin\u0259 ke\u00e7iril\u0259n n\u00f6vb\u0259d\u0259nk\u0259nar se\u00e7kil\u0259rd\u0259 qalib g\u0259lm\u0259si il\u0259 \u0259laq\u0259dar Sizi s\u0259mimi q\u0259lbd\u0259n t\u0259brik edir\u0259m. Hesab edir\u0259m ki, bu q\u0259l\u0259b\u0259 Sizin konstruktiv xarici v\u0259 daxili siyas\u0259tinizin, h\u0259m\u00e7inin h\u0259yata ke\u00e7irdiyiniz islahatlara Az\u0259rbaycan xalq\u0131n\u0131n d\u0259st\u0259yinin n\u0259tic\u0259sidir. &#8220;Nur-Otan&#8221; Partiyas\u0131n\u0131n s\u0259dri olaraq Qazax\u0131stan\u0131n v\u0259 Az\u0259rbaycan\u0131n apar\u0131c\u0131 siyasi qurumlar\u0131 aras\u0131nda s\u0259mimiyy\u0259t\u0259 v\u0259 etimada s\u00f6yk\u0259n\u0259n m\u00fcnasib\u0259tl\u0259ri y\u00fcks\u0259k qiym\u0259tl\u0259ndirir\u0259m. \u018fmin\u0259m ki, Qazax\u0131stan&hellip;<\/p>\n","protected":false},"author":2,"featured_media":131120,"comment_status":"closed","ping_status":"closed","sticky":false,"template":"","format":"standard","meta":{"om_disable_all_campaigns":false,"_monsterinsights_skip_tracking":false,"_monsterinsights_sitenote_active":false,"_monsterinsights_sitenote_note":"","_monsterinsights_sitenote_category":0},"categories":[4],"tags":[],"aioseo_notices":[],"gutentor_comment":0,"rttpg_featured_image_url":{"full":["https:\/\/arantv.az\/wp-content\/uploads\/2020\/02\/737118.jpg",800,600,false],"landscape":["https:\/\/arantv.az\/wp-content\/uploads\/2020\/02\/737118.jpg",800,600,false],"portraits":["https:\/\/arantv.az\/wp-content\/uploads\/2020\/02\/737118.jpg",800,600,false],"thumbnail":["https:\/\/arantv.az\/wp-content\/uploads\/2020\/02\/737118-150x150.jpg",150,150,true],"medium":["https:\/\/arantv.az\/wp-content\/uploads\/2020\/02\/737118-300x225.jpg",300,225,true],"large":["https:\/\/arantv.az\/wp-content\/uploads\/2020\/02\/737118.jpg",640,480,false],"1536x1536":["https:\/\/arantv.az\/wp-content\/uploads\/2020\/02\/737118.jpg",800,600,false],"2048x2048":["https:\/\/arantv.az\/wp-content\/uploads\/2020\/02\/737118.jpg",800,600,false],"post-thumbnail":["https:\/\/arantv.az\/wp-content\/uploads\/2020\/02\/737118-240x172.jpg",240,172,true],"advps-thumb-one":["https:\/\/arantv.az\/wp-content\/uploads\/2020\/02\/737118.jpg",800,600,false]},"rttpg_author":{"display_name":"V\u00fcsal Rafiqo\u011flu","author_link":"https:\/\/arantv.az\/?author=2"},"rttpg_comment":0,"rttpg_category":"<a href=\"https:\/\/arantv.az\/?cat=4\" rel=\"category\">Siyas\u0259t<\/a>","rttpg_excerpt":"Qazax\u0131stan Respublikas\u0131n\u0131n birinci Prezidenti &#8211; Elbas\u0131 Nursultan Nazarbayevd\u0259n Az\u0259rbaycan Respublikas\u0131n\u0131n Prezidenti \u0130lham \u018fliyev\u0259 t\u0259brik m\u0259ktubu g\u0259lib. ARANTV.AZ\u00a0AZ\u018fRTAC-a istinad\u0259n x\u0259b\u0259r verir ki, t\u0259brikd\u0259 deyilir: &#8220;H\u00f6rm\u0259tli \u0130lham Heyd\u0259r o\u011flu. R\u0259hb\u0259ri oldu\u011funuz Yeni Az\u0259rbaycan Partiyas\u0131n\u0131n fevral\u0131n 9-da Az\u0259rbaycan Respublikas\u0131n\u0131n Milli M\u0259clisin\u0259 ke\u00e7iril\u0259n n\u00f6vb\u0259d\u0259nk\u0259nar se\u00e7kil\u0259rd\u0259 qalib g\u0259lm\u0259si il\u0259 \u0259laq\u0259dar Sizi s\u0259mimi q\u0259lbd\u0259n t\u0259brik edir\u0259m. Hesab edir\u0259m ki, bu q\u0259l\u0259b\u0259&hellip;","_links":{"self":[{"href":"https:\/\/arantv.az\/index.php?rest_route=\/wp\/v2\/posts\/131119"}],"collection":[{"href":"https:\/\/arantv.az\/index.php?rest_route=\/wp\/v2\/posts"}],"about":[{"href":"https:\/\/arantv.az\/index.php?rest_route=\/wp\/v2\/types\/post"}],"author":[{"embeddable":true,"href":"https:\/\/arantv.az\/index.php?rest_route=\/wp\/v2\/users\/2"}],"replies":[{"embeddable":true,"href":"https:\/\/arantv.az\/index.php?rest_route=%2Fwp%2Fv2%2Fcomments&post=131119"}],"version-history":[{"count":0,"href":"https:\/\/arantv.az\/index.php?rest_route=\/wp\/v2\/posts\/131119\/revisions"}],"wp:featuredmedia":[{"embeddable":true,"href":"https:\/\/arantv.az\/index.php?rest_route=\/wp\/v2\/media\/131120"}],"wp:attachment":[{"href":"https:\/\/arantv.az\/index.php?rest_route=%2Fwp%2Fv2%2Fmedia&parent=131119"}],"wp:term":[{"taxonomy":"category","embeddable":true,"href":"https:\/\/arantv.az\/index.php?rest_route=%2Fwp%2Fv2%2Fcategories&post=131119"},{"taxonomy":"post_tag","embeddable":true,"href":"https:\/\/arantv.az\/index.php?rest_route=%2Fwp%2Fv2%2Ftags&post=131119"}],"curies":[{"name":"wp","href":"https:\/\/api.w.org\/{rel}","templated":true}]}}