{"id":131176,"date":"2020-02-18T15:11:05","date_gmt":"2020-02-18T12:11:05","guid":{"rendered":"http:\/\/arantv.az\/?p=131176"},"modified":"2020-02-18T15:11:05","modified_gmt":"2020-02-18T12:11:05","slug":"dovl%c9%99t-komit%c9%99sind%c9%99-v%c9%99t%c9%99ndaslarin-novb%c9%99ti-q%c9%99bulu-kecirilib-3","status":"publish","type":"post","link":"https:\/\/arantv.az\/?p=131176","title":{"rendered":"D\u00f6vl\u0259t Komit\u0259sind\u0259 v\u0259t\u0259nda\u015flar\u0131n n\u00f6vb\u0259ti q\u0259bulu ke\u00e7irilib"},"content":{"rendered":"<p><strong>Fevral\u0131n 18-d\u0259 Qa\u00e7q\u0131nlar\u0131n v\u0259 M\u0259cburi K\u00f6\u00e7k\u00fcnl\u0259rin \u0130\u015fl\u0259ri \u00fczr\u0259 D\u00f6vl\u0259t Komit\u0259sind\u0259 v\u0259t\u0259nda\u015flar\u0131n n\u00f6vb\u0259ti q\u0259bulu ke\u00e7irilib.<\/strong><\/p>\n<p><b>ARANTV.AZ\u00a0<\/b> x\u0259b\u0259r verir ki, D\u00f6vl\u0259t Komit\u0259sinin s\u0259dri \u0259ks\u0259riyy\u0259ti m\u0259cburi k\u00f6\u00e7k\u00fcn olan 50-d\u0259n \u00e7ox v\u0259t\u0259nda\u015f\u0131 n\u00f6vb\u0259lilik prinsipi \u0259sas\u0131nda f\u0259rdi qaydada q\u0259bul edib, onlar\u0131n m\u00fcraci\u0259tl\u0259rini dinl\u0259yib. V\u0259t\u0259nda\u015flar\u0131n m\u00fcraci\u0259tl\u0259ri, \u0259sas\u0259n, m\u0259nzil-m\u0259i\u015f\u0259t \u015f\u0259raitinin yax\u015f\u0131la\u015fd\u0131r\u0131lmas\u0131, kommunal xidm\u0259tl\u0259r, status, vahid ayl\u0131q m\u00fcavin\u0259t, m\u0259\u015f\u011fulluq v\u0259 dig\u0259r m\u0259s\u0259l\u0259l\u0259rl\u0259 \u0259laq\u0259dar olub.<\/p>\n<p>Onlara bir daha bildirilib ki, qa\u00e7q\u0131nlar\u0131n v\u0259 m\u0259cburi k\u00f6\u00e7k\u00fcnl\u0259rin probleml\u0259rinin h\u0259lli Prezident \u0130lham \u018fliyevin sosial siyas\u0259tinin prioritet istiqam\u0259tl\u0259rind\u0259ndir. Bu kateqoriyadan olan v\u0259t\u0259nda\u015flar\u0131n m\u0259nzil-m\u0259i\u015f\u0259t \u015f\u0259raitinin yax\u015f\u0131la\u015fd\u0131r\u0131lmas\u0131 \u00fc\u00e7\u00fcn m\u00fch\u00fcm t\u0259dbirl\u0259r g\u00f6r\u00fcl\u00fcr v\u0259 proses m\u0259rh\u0259l\u0259li \u015f\u0259kild\u0259 h\u0259yata ke\u00e7irilir. Birinci vitse-prezident xan\u0131m Mehriban \u018fliyeva \u0259n a\u011f\u0131r v\u0259 q\u0259zal\u0131 \u015f\u0259raitd\u0259 ya\u015fayan m\u0259cburi k\u00f6\u00e7k\u00fcnl\u0259rin yeni m\u0259nzill\u0259r\u0259 birinci n\u00f6vb\u0259d\u0259 k\u00f6\u00e7\u00fcr\u00fclm\u0259si il\u0259 ba\u011fl\u0131 verdiyi tap\u015f\u0131r\u0131\u011f\u0131n icras\u0131n\u0131 n\u0259zar\u0259td\u0259 saxlay\u0131r. Q\u0259bulda olan v\u0259t\u0259nda\u015flara bildirilib ki, onlar\u0131n qald\u0131rd\u0131qlar\u0131 m\u0259s\u0259l\u0259l\u0259r ara\u015fd\u0131r\u0131lacaq v\u0259 qanunvericiliy\u0259 uy\u011fun \u015f\u0259kild\u0259 \u00f6z h\u0259llini tapacaq.<\/p>\n<p>Qeyd ed\u0259k ki, D\u00f6vl\u0259t Komit\u0259sinin s\u0259dri t\u0259r\u0259find\u0259n v\u0259t\u0259nda\u015flar\u0131n q\u0259bulu h\u0259r h\u0259ft\u0259nin \u00e7\u0259r\u015f\u0259nb\u0259 ax\u015fam\u0131 g\u00fcn\u00fc ke\u00e7irilir.Unikal.org<\/p>\n","protected":false},"excerpt":{"rendered":"<p>Fevral\u0131n 18-d\u0259 Qa\u00e7q\u0131nlar\u0131n v\u0259 M\u0259cburi K\u00f6\u00e7k\u00fcnl\u0259rin \u0130\u015fl\u0259ri \u00fczr\u0259 D\u00f6vl\u0259t Komit\u0259sind\u0259 v\u0259t\u0259nda\u015flar\u0131n n\u00f6vb\u0259ti q\u0259bulu ke\u00e7irilib. ARANTV.AZ\u00a0 x\u0259b\u0259r verir ki, D\u00f6vl\u0259t Komit\u0259sinin s\u0259dri \u0259ks\u0259riyy\u0259ti m\u0259cburi k\u00f6\u00e7k\u00fcn olan 50-d\u0259n \u00e7ox v\u0259t\u0259nda\u015f\u0131 n\u00f6vb\u0259lilik prinsipi \u0259sas\u0131nda f\u0259rdi qaydada q\u0259bul edib, onlar\u0131n m\u00fcraci\u0259tl\u0259rini dinl\u0259yib. V\u0259t\u0259nda\u015flar\u0131n m\u00fcraci\u0259tl\u0259ri, \u0259sas\u0259n, m\u0259nzil-m\u0259i\u015f\u0259t \u015f\u0259raitinin yax\u015f\u0131la\u015fd\u0131r\u0131lmas\u0131, kommunal xidm\u0259tl\u0259r, status, vahid ayl\u0131q m\u00fcavin\u0259t, m\u0259\u015f\u011fulluq v\u0259 dig\u0259r m\u0259s\u0259l\u0259l\u0259rl\u0259 \u0259laq\u0259dar olub. Onlara bir daha bildirilib ki, qa\u00e7q\u0131nlar\u0131n v\u0259 m\u0259cburi k\u00f6\u00e7k\u00fcnl\u0259rin probleml\u0259rinin h\u0259lli Prezident \u0130lham \u018fliyevin sosial siyas\u0259tinin prioritet istiqam\u0259tl\u0259rind\u0259ndir. Bu kateqoriyadan olan v\u0259t\u0259nda\u015flar\u0131n m\u0259nzil-m\u0259i\u015f\u0259t \u015f\u0259raitinin yax\u015f\u0131la\u015fd\u0131r\u0131lmas\u0131 \u00fc\u00e7\u00fcn m\u00fch\u00fcm t\u0259dbirl\u0259r g\u00f6r\u00fcl\u00fcr v\u0259 proses m\u0259rh\u0259l\u0259li \u015f\u0259kild\u0259 h\u0259yata&hellip;<\/p>\n","protected":false},"author":2,"featured_media":131177,"comment_status":"closed","ping_status":"closed","sticky":false,"template":"","format":"standard","meta":{"om_disable_all_campaigns":false,"_monsterinsights_skip_tracking":false,"_monsterinsights_sitenote_active":false,"_monsterinsights_sitenote_note":"","_monsterinsights_sitenote_category":0},"categories":[1],"tags":[],"aioseo_notices":[],"gutentor_comment":0,"rttpg_featured_image_url":{"full":["https:\/\/arantv.az\/wp-content\/uploads\/2020\/02\/1582026803_DSC_0356.jpg",640,361,false],"landscape":["https:\/\/arantv.az\/wp-content\/uploads\/2020\/02\/1582026803_DSC_0356.jpg",640,361,false],"portraits":["https:\/\/arantv.az\/wp-content\/uploads\/2020\/02\/1582026803_DSC_0356.jpg",640,361,false],"thumbnail":["https:\/\/arantv.az\/wp-content\/uploads\/2020\/02\/1582026803_DSC_0356-150x150.jpg",150,150,true],"medium":["https:\/\/arantv.az\/wp-content\/uploads\/2020\/02\/1582026803_DSC_0356-300x169.jpg",300,169,true],"large":["https:\/\/arantv.az\/wp-content\/uploads\/2020\/02\/1582026803_DSC_0356.jpg",640,361,false],"1536x1536":["https:\/\/arantv.az\/wp-content\/uploads\/2020\/02\/1582026803_DSC_0356.jpg",640,361,false],"2048x2048":["https:\/\/arantv.az\/wp-content\/uploads\/2020\/02\/1582026803_DSC_0356.jpg",640,361,false],"post-thumbnail":["https:\/\/arantv.az\/wp-content\/uploads\/2020\/02\/1582026803_DSC_0356-240x172.jpg",240,172,true],"advps-thumb-one":["https:\/\/arantv.az\/wp-content\/uploads\/2020\/02\/1582026803_DSC_0356.jpg",640,361,false]},"rttpg_author":{"display_name":"V\u00fcsal Rafiqo\u011flu","author_link":"https:\/\/arantv.az\/?author=2"},"rttpg_comment":0,"rttpg_category":"<a href=\"https:\/\/arantv.az\/?cat=1\" rel=\"category\">C\u0259miyy\u0259t<\/a>","rttpg_excerpt":"Fevral\u0131n 18-d\u0259 Qa\u00e7q\u0131nlar\u0131n v\u0259 M\u0259cburi K\u00f6\u00e7k\u00fcnl\u0259rin \u0130\u015fl\u0259ri \u00fczr\u0259 D\u00f6vl\u0259t Komit\u0259sind\u0259 v\u0259t\u0259nda\u015flar\u0131n n\u00f6vb\u0259ti q\u0259bulu ke\u00e7irilib. ARANTV.AZ\u00a0 x\u0259b\u0259r verir ki, D\u00f6vl\u0259t Komit\u0259sinin s\u0259dri \u0259ks\u0259riyy\u0259ti m\u0259cburi k\u00f6\u00e7k\u00fcn olan 50-d\u0259n \u00e7ox v\u0259t\u0259nda\u015f\u0131 n\u00f6vb\u0259lilik prinsipi \u0259sas\u0131nda f\u0259rdi qaydada q\u0259bul edib, onlar\u0131n m\u00fcraci\u0259tl\u0259rini dinl\u0259yib. V\u0259t\u0259nda\u015flar\u0131n m\u00fcraci\u0259tl\u0259ri, \u0259sas\u0259n, m\u0259nzil-m\u0259i\u015f\u0259t \u015f\u0259raitinin yax\u015f\u0131la\u015fd\u0131r\u0131lmas\u0131, kommunal xidm\u0259tl\u0259r, status, vahid ayl\u0131q m\u00fcavin\u0259t, m\u0259\u015f\u011fulluq v\u0259 dig\u0259r m\u0259s\u0259l\u0259l\u0259rl\u0259 \u0259laq\u0259dar&hellip;","_links":{"self":[{"href":"https:\/\/arantv.az\/index.php?rest_route=\/wp\/v2\/posts\/131176"}],"collection":[{"href":"https:\/\/arantv.az\/index.php?rest_route=\/wp\/v2\/posts"}],"about":[{"href":"https:\/\/arantv.az\/index.php?rest_route=\/wp\/v2\/types\/post"}],"author":[{"embeddable":true,"href":"https:\/\/arantv.az\/index.php?rest_route=\/wp\/v2\/users\/2"}],"replies":[{"embeddable":true,"href":"https:\/\/arantv.az\/index.php?rest_route=%2Fwp%2Fv2%2Fcomments&post=131176"}],"version-history":[{"count":0,"href":"https:\/\/arantv.az\/index.php?rest_route=\/wp\/v2\/posts\/131176\/revisions"}],"wp:featuredmedia":[{"embeddable":true,"href":"https:\/\/arantv.az\/index.php?rest_route=\/wp\/v2\/media\/131177"}],"wp:attachment":[{"href":"https:\/\/arantv.az\/index.php?rest_route=%2Fwp%2Fv2%2Fmedia&parent=131176"}],"wp:term":[{"taxonomy":"category","embeddable":true,"href":"https:\/\/arantv.az\/index.php?rest_route=%2Fwp%2Fv2%2Fcategories&post=131176"},{"taxonomy":"post_tag","embeddable":true,"href":"https:\/\/arantv.az\/index.php?rest_route=%2Fwp%2Fv2%2Ftags&post=131176"}],"curies":[{"name":"wp","href":"https:\/\/api.w.org\/{rel}","templated":true}]}}