{"id":131182,"date":"2020-02-18T15:21:29","date_gmt":"2020-02-18T12:21:29","guid":{"rendered":"http:\/\/arantv.az\/?p=131182"},"modified":"2020-02-18T15:21:29","modified_gmt":"2020-02-18T12:21:29","slug":"az%c9%99rbaycanda-yuks%c9%99k-v%c9%99zif%c9%99y%c9%99-t%c9%99yinat-oz%c9%99l","status":"publish","type":"post","link":"https:\/\/arantv.az\/?p=131182","title":{"rendered":"Az\u0259rbaycanda y\u00fcks\u0259k v\u0259zif\u0259y\u0259 t\u0259yinat &#8211; \u00d6Z\u018fL"},"content":{"rendered":"<p>Ba\u015f Prokurorluqda kadr d\u0259yi\u015fikliyi olub.<\/p>\n<p><b>ARANTV.AZ<\/b>-\u0131n m\u0259lumat\u0131na g\u00f6r\u0259, bununla ba\u011fl\u0131 m\u00fcvafiq \u0259mri Ba\u015f prokuror Zakir Qaralov imzalay\u0131b.<\/p>\n<p>\u018fmr\u0259 \u0259sas\u0259n, Orxan \u0130sayev D\u00f6vl\u0259t \u0130ttiham\u0131n\u0131n M\u00fcdafi\u0259si \u00fczr\u0259 \u0130dar\u0259nin r\u0259isi v\u0259zif\u0259sin\u0259 t\u0259yin edilib.<\/p>\n<div id=\"AdviadNativeVideo0\" class=\"AdviadNativeVideo\"><\/div>\n<p>O, bundan \u0259vv\u0259l Ba\u015f Prokuror Yan\u0131nda Korrupsiyaya Qar\u015f\u0131 M\u00fcbariz\u0259 Ba\u015f \u0130dar\u0259sinin r\u0259is m\u00fcavini v\u0259zif\u0259sind\u0259 \u00e7al\u0131\u015f\u0131b.<\/p>\n<p>H\u0259l\u0259lik O.\u0130sayevin yerin\u0259 t\u0259yinat yoxdur.<\/p>\n<p>Qeyd ed\u0259k ki, D\u00f6vl\u0259t \u0130ttiham\u0131n\u0131n M\u00fcdafi\u0259si \u00fczr\u0259 \u0130dar\u0259nin r\u0259isi \u0130lqar C\u0259f\u0259rov ba\u015fqa i\u015f\u0259 getdiyi \u00fc\u00e7\u00fcn v\u0259zif\u0259sind\u0259n azad edilib.Oxu.Az<\/p>\n","protected":false},"excerpt":{"rendered":"<p>Ba\u015f Prokurorluqda kadr d\u0259yi\u015fikliyi olub. ARANTV.AZ-\u0131n m\u0259lumat\u0131na g\u00f6r\u0259, bununla ba\u011fl\u0131 m\u00fcvafiq \u0259mri Ba\u015f prokuror Zakir Qaralov imzalay\u0131b. \u018fmr\u0259 \u0259sas\u0259n, Orxan \u0130sayev D\u00f6vl\u0259t \u0130ttiham\u0131n\u0131n M\u00fcdafi\u0259si \u00fczr\u0259 \u0130dar\u0259nin r\u0259isi v\u0259zif\u0259sin\u0259 t\u0259yin edilib. O, bundan \u0259vv\u0259l Ba\u015f Prokuror Yan\u0131nda Korrupsiyaya Qar\u015f\u0131 M\u00fcbariz\u0259 Ba\u015f \u0130dar\u0259sinin r\u0259is m\u00fcavini v\u0259zif\u0259sind\u0259 \u00e7al\u0131\u015f\u0131b. H\u0259l\u0259lik O.\u0130sayevin yerin\u0259 t\u0259yinat yoxdur. Qeyd ed\u0259k ki, D\u00f6vl\u0259t \u0130ttiham\u0131n\u0131n M\u00fcdafi\u0259si \u00fczr\u0259 \u0130dar\u0259nin r\u0259isi \u0130lqar C\u0259f\u0259rov ba\u015fqa i\u015f\u0259 getdiyi \u00fc\u00e7\u00fcn v\u0259zif\u0259sind\u0259n azad edilib.Oxu.Az<\/p>\n","protected":false},"author":2,"featured_media":131183,"comment_status":"closed","ping_status":"closed","sticky":false,"template":"","format":"standard","meta":{"om_disable_all_campaigns":false,"_monsterinsights_skip_tracking":false,"_monsterinsights_sitenote_active":false,"_monsterinsights_sitenote_note":"","_monsterinsights_sitenote_category":0},"categories":[1],"tags":[],"aioseo_notices":[],"gutentor_comment":0,"rttpg_featured_image_url":{"full":["https:\/\/arantv.az\/wp-content\/uploads\/2020\/02\/1566812299_ketdi1.jpg",620,412,false],"landscape":["https:\/\/arantv.az\/wp-content\/uploads\/2020\/02\/1566812299_ketdi1.jpg",620,412,false],"portraits":["https:\/\/arantv.az\/wp-content\/uploads\/2020\/02\/1566812299_ketdi1.jpg",620,412,false],"thumbnail":["https:\/\/arantv.az\/wp-content\/uploads\/2020\/02\/1566812299_ketdi1-150x150.jpg",150,150,true],"medium":["https:\/\/arantv.az\/wp-content\/uploads\/2020\/02\/1566812299_ketdi1-300x199.jpg",300,199,true],"large":["https:\/\/arantv.az\/wp-content\/uploads\/2020\/02\/1566812299_ketdi1.jpg",620,412,false],"1536x1536":["https:\/\/arantv.az\/wp-content\/uploads\/2020\/02\/1566812299_ketdi1.jpg",620,412,false],"2048x2048":["https:\/\/arantv.az\/wp-content\/uploads\/2020\/02\/1566812299_ketdi1.jpg",620,412,false],"post-thumbnail":["https:\/\/arantv.az\/wp-content\/uploads\/2020\/02\/1566812299_ketdi1-240x172.jpg",240,172,true],"advps-thumb-one":["https:\/\/arantv.az\/wp-content\/uploads\/2020\/02\/1566812299_ketdi1.jpg",620,412,false]},"rttpg_author":{"display_name":"V\u00fcsal Rafiqo\u011flu","author_link":"https:\/\/arantv.az\/?author=2"},"rttpg_comment":0,"rttpg_category":"<a href=\"https:\/\/arantv.az\/?cat=1\" rel=\"category\">C\u0259miyy\u0259t<\/a>","rttpg_excerpt":"Ba\u015f Prokurorluqda kadr d\u0259yi\u015fikliyi olub. ARANTV.AZ-\u0131n m\u0259lumat\u0131na g\u00f6r\u0259, bununla ba\u011fl\u0131 m\u00fcvafiq \u0259mri Ba\u015f prokuror Zakir Qaralov imzalay\u0131b. \u018fmr\u0259 \u0259sas\u0259n, Orxan \u0130sayev D\u00f6vl\u0259t \u0130ttiham\u0131n\u0131n M\u00fcdafi\u0259si \u00fczr\u0259 \u0130dar\u0259nin r\u0259isi v\u0259zif\u0259sin\u0259 t\u0259yin edilib. O, bundan \u0259vv\u0259l Ba\u015f Prokuror Yan\u0131nda Korrupsiyaya Qar\u015f\u0131 M\u00fcbariz\u0259 Ba\u015f \u0130dar\u0259sinin r\u0259is m\u00fcavini v\u0259zif\u0259sind\u0259 \u00e7al\u0131\u015f\u0131b. H\u0259l\u0259lik O.\u0130sayevin yerin\u0259 t\u0259yinat yoxdur. Qeyd ed\u0259k ki, D\u00f6vl\u0259t \u0130ttiham\u0131n\u0131n&hellip;","_links":{"self":[{"href":"https:\/\/arantv.az\/index.php?rest_route=\/wp\/v2\/posts\/131182"}],"collection":[{"href":"https:\/\/arantv.az\/index.php?rest_route=\/wp\/v2\/posts"}],"about":[{"href":"https:\/\/arantv.az\/index.php?rest_route=\/wp\/v2\/types\/post"}],"author":[{"embeddable":true,"href":"https:\/\/arantv.az\/index.php?rest_route=\/wp\/v2\/users\/2"}],"replies":[{"embeddable":true,"href":"https:\/\/arantv.az\/index.php?rest_route=%2Fwp%2Fv2%2Fcomments&post=131182"}],"version-history":[{"count":0,"href":"https:\/\/arantv.az\/index.php?rest_route=\/wp\/v2\/posts\/131182\/revisions"}],"wp:featuredmedia":[{"embeddable":true,"href":"https:\/\/arantv.az\/index.php?rest_route=\/wp\/v2\/media\/131183"}],"wp:attachment":[{"href":"https:\/\/arantv.az\/index.php?rest_route=%2Fwp%2Fv2%2Fmedia&parent=131182"}],"wp:term":[{"taxonomy":"category","embeddable":true,"href":"https:\/\/arantv.az\/index.php?rest_route=%2Fwp%2Fv2%2Fcategories&post=131182"},{"taxonomy":"post_tag","embeddable":true,"href":"https:\/\/arantv.az\/index.php?rest_route=%2Fwp%2Fv2%2Ftags&post=131182"}],"curies":[{"name":"wp","href":"https:\/\/api.w.org\/{rel}","templated":true}]}}