{"id":131194,"date":"2020-02-18T15:24:51","date_gmt":"2020-02-18T12:24:51","guid":{"rendered":"http:\/\/arantv.az\/?p=131194"},"modified":"2020-02-18T15:24:51","modified_gmt":"2020-02-18T12:24:51","slug":"msk-onun-sikay%c9%99tin%c9%99-yox-dedi","status":"publish","type":"post","link":"https:\/\/arantv.az\/?p=131194","title":{"rendered":"MSK onun \u015fikay\u0259tin\u0259 \u201cYOX\u201d dedi"},"content":{"rendered":"<p>Milli M\u0259clis\u0259 se\u00e7kil\u0259rl\u0259 \u0259laq\u0259dar M\u0259rk\u0259zi Se\u00e7ki Komissiyas\u0131na (MSK) daxil olan m\u00fcraci\u0259tl\u0259r\u0259 bax\u0131l\u0131r.<\/p>\n<p><b>ARANTV.AZ<\/b>-\u0131n m\u0259lumat\u0131na g\u00f6r\u0259, bu bar\u0259d\u0259\u00a0MSK-n\u0131n iclas\u0131nda qurumun s\u0259dri M\u0259zahir P\u0259nahov bildirib.<\/p>\n<p>MSK katibi Arif\u0259 Muxtarova 56 sayl\u0131 Xa\u00e7maz K\u0259nd Se\u00e7ki Dair\u0259si \u00fczr\u0259 daxil olan m\u00fcraci\u0259t bar\u0259d\u0259 m\u0259lumat verib.<\/p>\n<div id=\"AdviadNativeVideo0\" class=\"AdviadNativeVideo\"><\/div>\n<p>M\u00fcraci\u0259ti deputatl\u0131\u011fa namiz\u0259d Zeyqan H\u00fcseynov verib.<\/p>\n<p>Qeyd olunub ki, m\u00fcraci\u0259t ara\u015fd\u0131r\u0131l\u0131b v\u0259 m\u00fcvafiq r\u0259y verilib.<\/p>\n<p>\u015eikay\u0259t ver\u0259n \u015f\u0259xs bildirib ki, dair\u0259 \u00fczr\u0259 se\u00e7kinin n\u0259tic\u0259sinin m\u00fcbahis\u0259l\u0259ndirilm\u0259sinin t\u0259r\u0259fdar\u0131 deyil.<\/p>\n<p>\u201c\u015eikay\u0259t ed\u0259n t\u0259r\u0259f qeyd edib ki, h\u0259min se\u00e7ki dair\u0259sinin yaln\u0131z 7 sayl\u0131 se\u00e7ki m\u0259nt\u0259q\u0259sind\u0259 qanun pozuntusu olub. Hesab edir ki, 7 sayl\u0131 se\u00e7ki m\u0259nt\u0259q\u0259si \u00fczr\u0259 n\u0259tic\u0259l\u0259r l\u0259\u011fv edilm\u0259lidir\u201d, &#8211; dey\u0259 Arif\u0259 Muxtarova \u0259lav\u0259 edib.<\/p>\n<p>MSK-n\u0131n iclas\u0131nda q\u0259rara al\u0131n\u0131b ki, qanun pozuntular\u0131na dair tutarl\u0131 d\u0259lill\u0259r yoxdur. Buna g\u00f6r\u0259 d\u0259\u00a0m\u00fcraci\u0259t ed\u0259n \u015f\u0259xsin \u015fikay\u0259ti t\u0259min edilm\u0259yib.<\/p>\n<p>Qeyd ed\u0259k ki, 56 sayl\u0131 Xa\u00e7maz K\u0259nd Se\u00e7ki Dair\u0259sinin lider namiz\u0259di Sevil Mikay\u0131lovad\u0131r.<\/p>\n<p>Xat\u0131rladaq ki, MSK-n\u0131n fevral\u0131n 17-d\u0259 ke\u00e7iril\u0259n iclas\u0131nda 34 sayl\u0131 X\u0259tai Se\u00e7ki Dair\u0259sinin 7 se\u00e7ki m\u0259nt\u0259q\u0259sinin d\u0259 n\u0259tic\u0259l\u0259ri etibars\u0131z hesab olunmu\u015fdu.\u00a0Oxu.Az<\/p>\n","protected":false},"excerpt":{"rendered":"<p>Milli M\u0259clis\u0259 se\u00e7kil\u0259rl\u0259 \u0259laq\u0259dar M\u0259rk\u0259zi Se\u00e7ki Komissiyas\u0131na (MSK) daxil olan m\u00fcraci\u0259tl\u0259r\u0259 bax\u0131l\u0131r. ARANTV.AZ-\u0131n m\u0259lumat\u0131na g\u00f6r\u0259, bu bar\u0259d\u0259\u00a0MSK-n\u0131n iclas\u0131nda qurumun s\u0259dri M\u0259zahir P\u0259nahov bildirib. MSK katibi Arif\u0259 Muxtarova 56 sayl\u0131 Xa\u00e7maz K\u0259nd Se\u00e7ki Dair\u0259si \u00fczr\u0259 daxil olan m\u00fcraci\u0259t bar\u0259d\u0259 m\u0259lumat verib. M\u00fcraci\u0259ti deputatl\u0131\u011fa namiz\u0259d Zeyqan H\u00fcseynov verib. Qeyd olunub ki, m\u00fcraci\u0259t ara\u015fd\u0131r\u0131l\u0131b v\u0259 m\u00fcvafiq r\u0259y verilib. \u015eikay\u0259t ver\u0259n \u015f\u0259xs bildirib ki, dair\u0259 \u00fczr\u0259 se\u00e7kinin n\u0259tic\u0259sinin m\u00fcbahis\u0259l\u0259ndirilm\u0259sinin t\u0259r\u0259fdar\u0131 deyil. \u201c\u015eikay\u0259t ed\u0259n t\u0259r\u0259f qeyd edib ki, h\u0259min se\u00e7ki dair\u0259sinin yaln\u0131z 7 sayl\u0131 se\u00e7ki m\u0259nt\u0259q\u0259sind\u0259 qanun pozuntusu olub. Hesab edir ki, 7 sayl\u0131 se\u00e7ki&hellip;<\/p>\n","protected":false},"author":2,"featured_media":131195,"comment_status":"closed","ping_status":"closed","sticky":false,"template":"","format":"standard","meta":{"om_disable_all_campaigns":false,"_monsterinsights_skip_tracking":false,"_monsterinsights_sitenote_active":false,"_monsterinsights_sitenote_note":"","_monsterinsights_sitenote_category":0},"categories":[4],"tags":[],"aioseo_notices":[],"gutentor_comment":0,"rttpg_featured_image_url":{"full":["https:\/\/arantv.az\/wp-content\/uploads\/2020\/02\/1523781751342576463_1000x669_122.jpg",620,386,false],"landscape":["https:\/\/arantv.az\/wp-content\/uploads\/2020\/02\/1523781751342576463_1000x669_122.jpg",620,386,false],"portraits":["https:\/\/arantv.az\/wp-content\/uploads\/2020\/02\/1523781751342576463_1000x669_122.jpg",620,386,false],"thumbnail":["https:\/\/arantv.az\/wp-content\/uploads\/2020\/02\/1523781751342576463_1000x669_122-150x150.jpg",150,150,true],"medium":["https:\/\/arantv.az\/wp-content\/uploads\/2020\/02\/1523781751342576463_1000x669_122-300x187.jpg",300,187,true],"large":["https:\/\/arantv.az\/wp-content\/uploads\/2020\/02\/1523781751342576463_1000x669_122.jpg",620,386,false],"1536x1536":["https:\/\/arantv.az\/wp-content\/uploads\/2020\/02\/1523781751342576463_1000x669_122.jpg",620,386,false],"2048x2048":["https:\/\/arantv.az\/wp-content\/uploads\/2020\/02\/1523781751342576463_1000x669_122.jpg",620,386,false],"post-thumbnail":["https:\/\/arantv.az\/wp-content\/uploads\/2020\/02\/1523781751342576463_1000x669_122-240x172.jpg",240,172,true],"advps-thumb-one":["https:\/\/arantv.az\/wp-content\/uploads\/2020\/02\/1523781751342576463_1000x669_122.jpg",620,386,false]},"rttpg_author":{"display_name":"V\u00fcsal Rafiqo\u011flu","author_link":"https:\/\/arantv.az\/?author=2"},"rttpg_comment":0,"rttpg_category":"<a href=\"https:\/\/arantv.az\/?cat=4\" rel=\"category\">Siyas\u0259t<\/a>","rttpg_excerpt":"Milli M\u0259clis\u0259 se\u00e7kil\u0259rl\u0259 \u0259laq\u0259dar M\u0259rk\u0259zi Se\u00e7ki Komissiyas\u0131na (MSK) daxil olan m\u00fcraci\u0259tl\u0259r\u0259 bax\u0131l\u0131r. ARANTV.AZ-\u0131n m\u0259lumat\u0131na g\u00f6r\u0259, bu bar\u0259d\u0259\u00a0MSK-n\u0131n iclas\u0131nda qurumun s\u0259dri M\u0259zahir P\u0259nahov bildirib. MSK katibi Arif\u0259 Muxtarova 56 sayl\u0131 Xa\u00e7maz K\u0259nd Se\u00e7ki Dair\u0259si \u00fczr\u0259 daxil olan m\u00fcraci\u0259t bar\u0259d\u0259 m\u0259lumat verib. M\u00fcraci\u0259ti deputatl\u0131\u011fa namiz\u0259d Zeyqan H\u00fcseynov verib. Qeyd olunub ki, m\u00fcraci\u0259t ara\u015fd\u0131r\u0131l\u0131b v\u0259 m\u00fcvafiq r\u0259y verilib.&hellip;","_links":{"self":[{"href":"https:\/\/arantv.az\/index.php?rest_route=\/wp\/v2\/posts\/131194"}],"collection":[{"href":"https:\/\/arantv.az\/index.php?rest_route=\/wp\/v2\/posts"}],"about":[{"href":"https:\/\/arantv.az\/index.php?rest_route=\/wp\/v2\/types\/post"}],"author":[{"embeddable":true,"href":"https:\/\/arantv.az\/index.php?rest_route=\/wp\/v2\/users\/2"}],"replies":[{"embeddable":true,"href":"https:\/\/arantv.az\/index.php?rest_route=%2Fwp%2Fv2%2Fcomments&post=131194"}],"version-history":[{"count":0,"href":"https:\/\/arantv.az\/index.php?rest_route=\/wp\/v2\/posts\/131194\/revisions"}],"wp:featuredmedia":[{"embeddable":true,"href":"https:\/\/arantv.az\/index.php?rest_route=\/wp\/v2\/media\/131195"}],"wp:attachment":[{"href":"https:\/\/arantv.az\/index.php?rest_route=%2Fwp%2Fv2%2Fmedia&parent=131194"}],"wp:term":[{"taxonomy":"category","embeddable":true,"href":"https:\/\/arantv.az\/index.php?rest_route=%2Fwp%2Fv2%2Fcategories&post=131194"},{"taxonomy":"post_tag","embeddable":true,"href":"https:\/\/arantv.az\/index.php?rest_route=%2Fwp%2Fv2%2Ftags&post=131194"}],"curies":[{"name":"wp","href":"https:\/\/api.w.org\/{rel}","templated":true}]}}