{"id":131210,"date":"2020-02-18T15:36:00","date_gmt":"2020-02-18T12:36:00","guid":{"rendered":"http:\/\/arantv.az\/?p=131210"},"modified":"2020-02-18T15:36:00","modified_gmt":"2020-02-18T12:36:00","slug":"msk-parlament-seckil%c9%99ri-il%c9%99-bagli-muraci%c9%99tl%c9%99r%c9%99-baxir-yenil%c9%99nib","status":"publish","type":"post","link":"https:\/\/arantv.az\/?p=131210","title":{"rendered":"MSK parlament se\u00e7kil\u0259ri il\u0259 ba\u011fl\u0131 m\u00fcraci\u0259tl\u0259r\u0259 bax\u0131r &#8211; YEN\u0130L\u018fN\u0130B"},"content":{"rendered":"<p><strong>16:33<\/strong><\/p>\n<p><strong>M\u0259rk\u0259zi Se\u00e7ki Komissiyas\u0131n\u0131n (MSK) parlament se\u00e7kil\u0259ri il\u0259 ba\u011fl\u0131 iclas\u0131 ba\u015flay\u0131b.<\/strong><\/p>\n<p><strong>ARANTV.AZ\u00a0<\/strong>\u00a0<a href=\"http:\/\/az.trend.az\/\" target=\"_blank\" rel=\"noopener\">Trend<\/a>-\u0259 istinad\u0259n bildirir ki, iclas\u0131 M\u0259rk\u0259zi Se\u00e7ki Komissiyas\u0131n\u0131n s\u0259dri M\u0259zahir P\u0259nahov a\u00e7\u0131q elan edib.<\/p>\n<p>\u0130clasda \u0259vv\u0259lc\u0259 56 sayl\u0131 Xa\u00e7maz k\u0259nd se\u00e7ki dair\u0259si \u00fczr\u0259 namiz\u0259d H\u00fcseynov Zeyqam H\u00fcseyn o\u011flunun m\u00fcraci\u0131tin\u0259 bax\u0131l\u0131b.<\/p>\n<p>M\u00fcraci\u0259t haqq\u0131nda m\u0259lumat ver\u0259n MSK katibi Arif\u0259 Muxtarova bildirib ki, \u0259vv\u0259lc\u0259 Z.H\u00fcseynovun m\u00fcraci\u0259ti bax\u0131lmas\u0131 \u00fc\u00e7\u00fcn m\u00fcvafiq olaraq dair\u0259 se\u00e7ki komissiyas\u0131na g\u00f6nd\u0259rilib.<\/p>\n<p>O qeyd edib ki, Z.H\u00fcseynov m\u00fcraci\u0259tind\u0259 b\u00fct\u00fcn dair\u0259 \u00fczr\u0259 deyil, yaln\u0131z h\u0259min dair\u0259nin 7 sayl\u0131 se\u00e7ki m\u0259nt\u0259q\u0259sind\u0259 s\u0259sver\u0259nin n\u0259tic\u0259l\u0259rini m\u00fcbahis\u0259l\u0259ndirib. A.Muxtarova bildrib ki, DSK m\u00fcraci\u0259t\u0259 bax\u0131b v\u0259 m\u00fcvafiq q\u0259rar q\u0259bul edib.<\/p>\n<p>Onun s\u00f6zl\u0259rin\u0259 g\u00f6r\u0259, DSK Z.H\u00fcseynovun m\u00fcraci\u0259tini \u0259sass\u0131z hesab edib: &#8220;Z.H\u00fcseynov iddia edib ki, 7 sayl\u0131 m\u0259nt\u0259q\u0259d\u0259 onun n\u00fcfuzu b\u00f6y\u00fck oldu\u011fu \u00fc\u00e7\u00fcn daha y\u00fcks\u0259k s\u0259s toplamal\u0131 idi. Lakin DSK ondan bununla ba\u011fl\u0131 h\u0259r hans\u0131 bir tutarl\u0131 s\u00fcbut t\u0259qdim etm\u0259yi t\u0259l\u0259b etdikd\u0259 Z.H\u00fcseynov \u0259sas g\u0259tir\u0259 bilm\u0259yib. DSK ara\u015fd\u0131rma apar\u0131b v\u0259 se\u00e7ki g\u00fcn\u00fc h\u0259min m\u0259nt\u0259q\u0259d\u0259 se\u00e7icil\u0259rin irad\u0259sin\u0259 t\u0259sir ed\u0259 bil\u0259c\u0259k h\u0259r hans\u0131 bir hal a\u015fkar etm\u0259yib. Buna g\u00f6r\u0259 d\u0259 DSK Z.H\u00fcseynovun m\u00fcraci\u0259tini \u0259sass\u0131z hesab edib v\u0259 t\u0259min etm\u0259yib&#8221;.<\/p>\n<p>DSK-n\u0131n q\u0259rar\u0131 MSK t\u0259r\u0259find\u0259n q\u00fcvv\u0259d\u0259 saxlan\u0131l\u0131b.<\/p>\n<p>&#8212;&#8212;&#8212;<br \/>\n<strong>16:22<\/strong><\/p>\n<p><strong>M\u0259rk\u0259zi Se\u00e7ki Komissiyas\u0131n\u0131n (MSK) parlament se\u00e7kil\u0259ri il\u0259 ba\u011fl\u0131 iclas\u0131 ba\u015flay\u0131b.<\/strong><\/p>\n<p><strong>ARANTV.AZ<\/strong>\u00a0<a href=\"https:\/\/az.trend.az\/\" target=\"_blank\" rel=\"noopener\">Trend<\/a>-\u0259 istinad\u0259n x\u0259b\u0259r verir ki, iclas\u0131 M\u0259rk\u0259zi Se\u00e7ki Komissiyas\u0131n\u0131n s\u0259dri M\u0259zahir P\u0259nahov a\u00e7\u0131q elan edib.<\/p>\n<p>O qeyd edib ki, iclasda se\u00e7kil\u0259rl\u0259 ba\u011fl\u0131 m\u00fcraci\u0259tl\u0259r\u0259 bax\u0131lacaq.<\/p>\n","protected":false},"excerpt":{"rendered":"<p>16:33 M\u0259rk\u0259zi Se\u00e7ki Komissiyas\u0131n\u0131n (MSK) parlament se\u00e7kil\u0259ri il\u0259 ba\u011fl\u0131 iclas\u0131 ba\u015flay\u0131b. ARANTV.AZ\u00a0\u00a0Trend-\u0259 istinad\u0259n bildirir ki, iclas\u0131 M\u0259rk\u0259zi Se\u00e7ki Komissiyas\u0131n\u0131n s\u0259dri M\u0259zahir P\u0259nahov a\u00e7\u0131q elan edib. \u0130clasda \u0259vv\u0259lc\u0259 56 sayl\u0131 Xa\u00e7maz k\u0259nd se\u00e7ki dair\u0259si \u00fczr\u0259 namiz\u0259d H\u00fcseynov Zeyqam H\u00fcseyn o\u011flunun m\u00fcraci\u0131tin\u0259 bax\u0131l\u0131b. M\u00fcraci\u0259t haqq\u0131nda m\u0259lumat ver\u0259n MSK katibi Arif\u0259 Muxtarova bildirib ki, \u0259vv\u0259lc\u0259 Z.H\u00fcseynovun m\u00fcraci\u0259ti bax\u0131lmas\u0131 \u00fc\u00e7\u00fcn m\u00fcvafiq olaraq dair\u0259 se\u00e7ki komissiyas\u0131na g\u00f6nd\u0259rilib. O qeyd edib ki, Z.H\u00fcseynov m\u00fcraci\u0259tind\u0259 b\u00fct\u00fcn dair\u0259 \u00fczr\u0259 deyil, yaln\u0131z h\u0259min dair\u0259nin 7 sayl\u0131 se\u00e7ki m\u0259nt\u0259q\u0259sind\u0259 s\u0259sver\u0259nin n\u0259tic\u0259l\u0259rini m\u00fcbahis\u0259l\u0259ndirib. A.Muxtarova bildrib ki, DSK m\u00fcraci\u0259t\u0259 bax\u0131b v\u0259 m\u00fcvafiq&hellip;<\/p>\n","protected":false},"author":2,"featured_media":131211,"comment_status":"closed","ping_status":"closed","sticky":false,"template":"","format":"standard","meta":{"om_disable_all_campaigns":false,"_monsterinsights_skip_tracking":false,"_monsterinsights_sitenote_active":false,"_monsterinsights_sitenote_note":"","_monsterinsights_sitenote_category":0},"categories":[19],"tags":[],"aioseo_notices":[],"gutentor_comment":0,"rttpg_featured_image_url":{"full":["https:\/\/arantv.az\/wp-content\/uploads\/2020\/02\/msk_bina_002.jpg",800,600,false],"landscape":["https:\/\/arantv.az\/wp-content\/uploads\/2020\/02\/msk_bina_002.jpg",800,600,false],"portraits":["https:\/\/arantv.az\/wp-content\/uploads\/2020\/02\/msk_bina_002.jpg",800,600,false],"thumbnail":["https:\/\/arantv.az\/wp-content\/uploads\/2020\/02\/msk_bina_002-150x150.jpg",150,150,true],"medium":["https:\/\/arantv.az\/wp-content\/uploads\/2020\/02\/msk_bina_002-300x225.jpg",300,225,true],"large":["https:\/\/arantv.az\/wp-content\/uploads\/2020\/02\/msk_bina_002.jpg",640,480,false],"1536x1536":["https:\/\/arantv.az\/wp-content\/uploads\/2020\/02\/msk_bina_002.jpg",800,600,false],"2048x2048":["https:\/\/arantv.az\/wp-content\/uploads\/2020\/02\/msk_bina_002.jpg",800,600,false],"post-thumbnail":["https:\/\/arantv.az\/wp-content\/uploads\/2020\/02\/msk_bina_002-240x172.jpg",240,172,true],"advps-thumb-one":["https:\/\/arantv.az\/wp-content\/uploads\/2020\/02\/msk_bina_002.jpg",800,600,false]},"rttpg_author":{"display_name":"V\u00fcsal Rafiqo\u011flu","author_link":"https:\/\/arantv.az\/?author=2"},"rttpg_comment":0,"rttpg_category":"<a href=\"https:\/\/arantv.az\/?cat=19\" rel=\"category\">G\u00fcnd\u0259m<\/a>","rttpg_excerpt":"16:33 M\u0259rk\u0259zi Se\u00e7ki Komissiyas\u0131n\u0131n (MSK) parlament se\u00e7kil\u0259ri il\u0259 ba\u011fl\u0131 iclas\u0131 ba\u015flay\u0131b. ARANTV.AZ\u00a0\u00a0Trend-\u0259 istinad\u0259n bildirir ki, iclas\u0131 M\u0259rk\u0259zi Se\u00e7ki Komissiyas\u0131n\u0131n s\u0259dri M\u0259zahir P\u0259nahov a\u00e7\u0131q elan edib. \u0130clasda \u0259vv\u0259lc\u0259 56 sayl\u0131 Xa\u00e7maz k\u0259nd se\u00e7ki dair\u0259si \u00fczr\u0259 namiz\u0259d H\u00fcseynov Zeyqam H\u00fcseyn o\u011flunun m\u00fcraci\u0131tin\u0259 bax\u0131l\u0131b. M\u00fcraci\u0259t haqq\u0131nda m\u0259lumat ver\u0259n MSK katibi Arif\u0259 Muxtarova bildirib ki, \u0259vv\u0259lc\u0259 Z.H\u00fcseynovun m\u00fcraci\u0259ti bax\u0131lmas\u0131&hellip;","_links":{"self":[{"href":"https:\/\/arantv.az\/index.php?rest_route=\/wp\/v2\/posts\/131210"}],"collection":[{"href":"https:\/\/arantv.az\/index.php?rest_route=\/wp\/v2\/posts"}],"about":[{"href":"https:\/\/arantv.az\/index.php?rest_route=\/wp\/v2\/types\/post"}],"author":[{"embeddable":true,"href":"https:\/\/arantv.az\/index.php?rest_route=\/wp\/v2\/users\/2"}],"replies":[{"embeddable":true,"href":"https:\/\/arantv.az\/index.php?rest_route=%2Fwp%2Fv2%2Fcomments&post=131210"}],"version-history":[{"count":0,"href":"https:\/\/arantv.az\/index.php?rest_route=\/wp\/v2\/posts\/131210\/revisions"}],"wp:featuredmedia":[{"embeddable":true,"href":"https:\/\/arantv.az\/index.php?rest_route=\/wp\/v2\/media\/131211"}],"wp:attachment":[{"href":"https:\/\/arantv.az\/index.php?rest_route=%2Fwp%2Fv2%2Fmedia&parent=131210"}],"wp:term":[{"taxonomy":"category","embeddable":true,"href":"https:\/\/arantv.az\/index.php?rest_route=%2Fwp%2Fv2%2Fcategories&post=131210"},{"taxonomy":"post_tag","embeddable":true,"href":"https:\/\/arantv.az\/index.php?rest_route=%2Fwp%2Fv2%2Ftags&post=131210"}],"curies":[{"name":"wp","href":"https:\/\/api.w.org\/{rel}","templated":true}]}}