{"id":131379,"date":"2020-02-19T09:22:55","date_gmt":"2020-02-19T06:22:55","guid":{"rendered":"http:\/\/arantv.az\/?p=131379"},"modified":"2020-02-19T09:22:55","modified_gmt":"2020-02-19T06:22:55","slug":"turkanlilarin-avtobus-problemi-axsam-saatlarinda-sakinl%c9%99r-taksil%c9%99r%c9%99-mohtac-qalir","status":"publish","type":"post","link":"https:\/\/arantv.az\/?p=131379","title":{"rendered":"T\u00fcrkanl\u0131lar\u0131n avtobus problemi: \u201cAx\u015fam saatlar\u0131nda sakinl\u0259r taksil\u0259r\u0259 m\u00f6htac qal\u0131r\u201d"},"content":{"rendered":"<p>Bak\u0131n\u0131n T\u00fcrkan q\u0259s\u0259b\u0259sinin sakinl\u0259ri mar\u015frut avtobuslar\u0131n\u0131n interval\u0131ndan, el\u0259c\u0259 d\u0259 ictimai n\u0259qliyyat\u0131n v\u0259ziyy\u0259tind\u0259n naraz\u0131l\u0131q edirl\u0259r.<\/p>\n<p>Bu bar\u0259d\u0259 Oxu.Az-a q\u0259s\u0259b\u0259 sakinl\u0259ri t\u0259r\u0259find\u0259n \u00fcnvanlanan \u015fikay\u0259td\u0259 qeyd olunub.<\/p>\n<p>Q\u0259s\u0259b\u0259 sakinl\u0259ri 101 sayl\u0131 m\u00fcnt\u0259z\u0259m x\u0259tt \u00fczr\u0259 h\u0259r\u0259k\u0259t ed\u0259n mar\u015frut avtobuslar\u0131nda probleml\u0259rin \u00e7ox oldu\u011funu bildiribl\u0259r:<\/p>\n<p>\u201cAvtobuslar\u0131n interval\u0131 d\u00fczg\u00fcn t\u0259rtib olunmay\u0131b. Sakinl\u0259r d\u0259qiq\u0259l\u0259rl\u0259 mar\u015frut avtobusunu g\u00f6zl\u0259m\u0259li olurlar. 101 sayl\u0131 m\u00fcnt\u0259z\u0259m x\u0259tt \u00fczr\u0259 h\u0259r\u0259k\u0259t ed\u0259n avtobuslar istismar m\u00fcdd\u0259tini bitirib. N\u0259qliyyat vasit\u0259l\u0259ri \u00e7ox k\u00f6hn\u0259dir, tez-tez xarab olur. Ax\u015fam saatlar\u0131nda \u0259hali dem\u0259k olar ki, taksil\u0259rin \u00fcmidin\u0259 qal\u0131r\u201d.<\/p>\n","protected":false},"excerpt":{"rendered":"<p>Bak\u0131n\u0131n T\u00fcrkan q\u0259s\u0259b\u0259sinin sakinl\u0259ri mar\u015frut avtobuslar\u0131n\u0131n interval\u0131ndan, el\u0259c\u0259 d\u0259 ictimai n\u0259qliyyat\u0131n v\u0259ziyy\u0259tind\u0259n naraz\u0131l\u0131q edirl\u0259r. Bu bar\u0259d\u0259 Oxu.Az-a q\u0259s\u0259b\u0259 sakinl\u0259ri t\u0259r\u0259find\u0259n \u00fcnvanlanan \u015fikay\u0259td\u0259 qeyd olunub. Q\u0259s\u0259b\u0259 sakinl\u0259ri 101 sayl\u0131 m\u00fcnt\u0259z\u0259m x\u0259tt \u00fczr\u0259 h\u0259r\u0259k\u0259t ed\u0259n mar\u015frut avtobuslar\u0131nda probleml\u0259rin \u00e7ox oldu\u011funu bildiribl\u0259r: \u201cAvtobuslar\u0131n interval\u0131 d\u00fczg\u00fcn t\u0259rtib olunmay\u0131b. Sakinl\u0259r d\u0259qiq\u0259l\u0259rl\u0259 mar\u015frut avtobusunu g\u00f6zl\u0259m\u0259li olurlar. 101 sayl\u0131 m\u00fcnt\u0259z\u0259m x\u0259tt \u00fczr\u0259 h\u0259r\u0259k\u0259t ed\u0259n avtobuslar istismar m\u00fcdd\u0259tini bitirib. N\u0259qliyyat vasit\u0259l\u0259ri \u00e7ox k\u00f6hn\u0259dir, tez-tez xarab olur. Ax\u015fam saatlar\u0131nda \u0259hali dem\u0259k olar ki, taksil\u0259rin \u00fcmidin\u0259 qal\u0131r\u201d.<\/p>\n","protected":false},"author":2,"featured_media":131380,"comment_status":"closed","ping_status":"closed","sticky":false,"template":"","format":"standard","meta":{"om_disable_all_campaigns":false,"_monsterinsights_skip_tracking":false,"_monsterinsights_sitenote_active":false,"_monsterinsights_sitenote_note":"","_monsterinsights_sitenote_category":0},"categories":[1],"tags":[],"aioseo_notices":[],"gutentor_comment":0,"rttpg_featured_image_url":{"full":["https:\/\/arantv.az\/wp-content\/uploads\/2020\/02\/FotoJet-9-1.jpg",620,406,false],"landscape":["https:\/\/arantv.az\/wp-content\/uploads\/2020\/02\/FotoJet-9-1.jpg",620,406,false],"portraits":["https:\/\/arantv.az\/wp-content\/uploads\/2020\/02\/FotoJet-9-1.jpg",620,406,false],"thumbnail":["https:\/\/arantv.az\/wp-content\/uploads\/2020\/02\/FotoJet-9-1-150x150.jpg",150,150,true],"medium":["https:\/\/arantv.az\/wp-content\/uploads\/2020\/02\/FotoJet-9-1-300x196.jpg",300,196,true],"large":["https:\/\/arantv.az\/wp-content\/uploads\/2020\/02\/FotoJet-9-1.jpg",620,406,false],"1536x1536":["https:\/\/arantv.az\/wp-content\/uploads\/2020\/02\/FotoJet-9-1.jpg",620,406,false],"2048x2048":["https:\/\/arantv.az\/wp-content\/uploads\/2020\/02\/FotoJet-9-1.jpg",620,406,false],"post-thumbnail":["https:\/\/arantv.az\/wp-content\/uploads\/2020\/02\/FotoJet-9-1-240x172.jpg",240,172,true],"advps-thumb-one":["https:\/\/arantv.az\/wp-content\/uploads\/2020\/02\/FotoJet-9-1.jpg",620,406,false]},"rttpg_author":{"display_name":"V\u00fcsal Rafiqo\u011flu","author_link":"https:\/\/arantv.az\/?author=2"},"rttpg_comment":0,"rttpg_category":"<a href=\"https:\/\/arantv.az\/?cat=1\" rel=\"category\">C\u0259miyy\u0259t<\/a>","rttpg_excerpt":"Bak\u0131n\u0131n T\u00fcrkan q\u0259s\u0259b\u0259sinin sakinl\u0259ri mar\u015frut avtobuslar\u0131n\u0131n interval\u0131ndan, el\u0259c\u0259 d\u0259 ictimai n\u0259qliyyat\u0131n v\u0259ziyy\u0259tind\u0259n naraz\u0131l\u0131q edirl\u0259r. Bu bar\u0259d\u0259 Oxu.Az-a q\u0259s\u0259b\u0259 sakinl\u0259ri t\u0259r\u0259find\u0259n \u00fcnvanlanan \u015fikay\u0259td\u0259 qeyd olunub. Q\u0259s\u0259b\u0259 sakinl\u0259ri 101 sayl\u0131 m\u00fcnt\u0259z\u0259m x\u0259tt \u00fczr\u0259 h\u0259r\u0259k\u0259t ed\u0259n mar\u015frut avtobuslar\u0131nda probleml\u0259rin \u00e7ox oldu\u011funu bildiribl\u0259r: \u201cAvtobuslar\u0131n interval\u0131 d\u00fczg\u00fcn t\u0259rtib olunmay\u0131b. Sakinl\u0259r d\u0259qiq\u0259l\u0259rl\u0259 mar\u015frut avtobusunu g\u00f6zl\u0259m\u0259li olurlar. 101 sayl\u0131 m\u00fcnt\u0259z\u0259m x\u0259tt \u00fczr\u0259&hellip;","_links":{"self":[{"href":"https:\/\/arantv.az\/index.php?rest_route=\/wp\/v2\/posts\/131379"}],"collection":[{"href":"https:\/\/arantv.az\/index.php?rest_route=\/wp\/v2\/posts"}],"about":[{"href":"https:\/\/arantv.az\/index.php?rest_route=\/wp\/v2\/types\/post"}],"author":[{"embeddable":true,"href":"https:\/\/arantv.az\/index.php?rest_route=\/wp\/v2\/users\/2"}],"replies":[{"embeddable":true,"href":"https:\/\/arantv.az\/index.php?rest_route=%2Fwp%2Fv2%2Fcomments&post=131379"}],"version-history":[{"count":0,"href":"https:\/\/arantv.az\/index.php?rest_route=\/wp\/v2\/posts\/131379\/revisions"}],"wp:featuredmedia":[{"embeddable":true,"href":"https:\/\/arantv.az\/index.php?rest_route=\/wp\/v2\/media\/131380"}],"wp:attachment":[{"href":"https:\/\/arantv.az\/index.php?rest_route=%2Fwp%2Fv2%2Fmedia&parent=131379"}],"wp:term":[{"taxonomy":"category","embeddable":true,"href":"https:\/\/arantv.az\/index.php?rest_route=%2Fwp%2Fv2%2Fcategories&post=131379"},{"taxonomy":"post_tag","embeddable":true,"href":"https:\/\/arantv.az\/index.php?rest_route=%2Fwp%2Fv2%2Ftags&post=131379"}],"curies":[{"name":"wp","href":"https:\/\/api.w.org\/{rel}","templated":true}]}}