{"id":131391,"date":"2020-02-19T09:37:18","date_gmt":"2020-02-19T06:37:18","guid":{"rendered":"http:\/\/arantv.az\/?p=131391"},"modified":"2020-02-19T09:37:18","modified_gmt":"2020-02-19T06:37:18","slug":"az%c9%99rbaycanin-los-ancelesd%c9%99ki-bas-konsulu-abs-radiosuna-musahib%c9%99-verib-foto","status":"publish","type":"post","link":"https:\/\/arantv.az\/?p=131391","title":{"rendered":"Az\u0259rbaycan\u0131n Los-Ancelesd\u0259ki ba\u015f konsulu AB\u015e radiosuna m\u00fcsahib\u0259 verib &#8211; FOTO"},"content":{"rendered":"<p>Az\u0259rbaycan\u0131n Los-Anceles \u015f\u0259h\u0259rind\u0259ki ba\u015f konsulu, Los-Anceles Konsulluq Korpusunun duayeni (s\u0259dri) N\u0259simi A\u011fayev AB\u015e-\u0131n \u0259n b\u00f6y\u00fck farsdilli radiosu olan, Los-Ancelesd\u0259 f\u0259aliyy\u0259t g\u00f6st\u0259r\u0259n KIRN radiosunun apar\u0131c\u0131s\u0131 Debbi Amininin d\u0259v\u0259til\u0259 radionun \u201cOne World, One Community\u201d (Bir D\u00fcnya, Bir \u0130cma) proqram\u0131n\u0131n qona\u011f\u0131 olub v\u0259 Az\u0259rbaycanla ba\u011fl\u0131 geni\u015f m\u00fcsahib\u0259 verib.<\/p>\n<p>Bununla ba\u011fl\u0131 konsulluq m\u0259lumat yay\u0131b.<\/p>\n<p>Proqram, h\u0259m\u00e7inin, canl\u0131 \u015f\u0259kild\u0259 kanal\u0131n r\u0259smi sosial \u015f\u0259b\u0259k\u0259 profill\u0259rind\u0259 video format\u0131nda da yay\u0131mlan\u0131b.<\/p>\n<div id=\"AdviadNativeVideo0\" class=\"AdviadNativeVideo\"><\/div>\n<p>M\u00fcsahib\u0259d\u0259 ba\u015f konsul N.A\u011fayev \u00f6lk\u0259mizin m\u00fcst\u0259qillik tarixi haqq\u0131nda \u0259trafl\u0131 dan\u0131\u015faraq, 1918-ci ild\u0259 Az\u0259rbaycan xalq\u0131n\u0131n m\u00fcs\u0259lman d\u00fcnyas\u0131nda ilk d\u00fcny\u0259vi v\u0259 demokratik respublika yaratd\u0131\u011f\u0131n\u0131, el\u0259c\u0259 d\u0259, qad\u0131nlara s\u0259sverm\u0259 h\u00fcququ ver\u0259n ilk m\u00fcs\u0259lman \u00f6lk\u0259si kimi tarix\u0259 d\u00fc\u015fd\u00fcy\u00fcn\u00fc bildirib.<\/p>\n<p>Az\u0259rbaycanda m\u00f6vcud olan dinl\u0259raras\u0131 harmoniya, q\u0259dim tolerantl\u0131q v\u0259 multikulturalizm \u0259n\u0259n\u0259l\u0259ri haqda \u0259trafl\u0131 m\u0259lumat ver\u0259n ba\u015f konsul \u00f6lk\u0259mizd\u0259 m\u00fcs\u0259lmanlar il\u0259 yana\u015f\u0131, xristian, y\u0259hudi, b\u0259hai v\u0259 dig\u0259r dinl\u0259r\u0259 m\u0259nsub insanlar\u0131n qar\u015f\u0131l\u0131ql\u0131 anla\u015fma, mehriban qon\u015fuluq v\u0259 \u0259min-amanl\u0131q \u015f\u0259raitind\u0259 ya\u015fad\u0131qlar\u0131n\u0131 diqq\u0259t\u0259 \u00e7atd\u0131r\u0131b.<\/p>\n<p>Az\u0259rbaycanda neft s\u0259nayesinin tarixi inki\u015faf\u0131 haqda dan\u0131\u015fan ba\u015f konsul, Az\u0259rbaycan neftinin fa\u015fist Almaniyas\u0131 \u00fcz\u0259rind\u0259 q\u0259l\u0259b\u0259nin \u0259ld\u0259 olunmas\u0131nda oynad\u0131\u011f\u0131 m\u00fch\u00fcm rolu qeyd edib. Eyni zamanda, N.A\u011fayev \u0130kinci D\u00fcnya M\u00fcharib\u0259sind\u0259 Holokostdan qa\u00e7an minl\u0259rl\u0259 y\u0259hudiy\u0259 Az\u0259rbaycanda s\u0131\u011f\u0131nacaq verildiyini vur\u011fulay\u0131b.<\/p>\n<p>Ba\u015f konsul daha sonra Az\u0259rbaycan\u0131n z\u0259ngin m\u0259d\u0259niyy\u0259ti, m\u0259tb\u0259xi, \u0259srar\u0259ngiz t\u0259bi\u0259ti, turizm imkanlar\u0131, Bak\u0131 \u015f\u0259h\u0259rinin g\u00f6rm\u0259li yerl\u0259ri, h\u0259m\u00e7inin, Ba\u015f Konsullu\u011fun Los Ancelesd\u0259 ke\u00e7irdiyi t\u0259dbirl\u0259r v\u0259 dig\u0259r m\u00f6vzular bar\u0259d\u0259 tama\u015fa\u00e7\u0131lar\u0131 m\u0259lumatland\u0131r\u0131b. M\u00fcsahib\u0259 zaman\u0131 \u201cAr\u015f\u0131n Mal Alan\u201d operettas\u0131ndan hiss\u0259l\u0259r, el\u0259c\u0259 d\u0259, Az\u0259rbaycan\u0131n turizm imkanlar\u0131na dair fars dilind\u0259 haz\u0131rlanm\u0131\u015f \u00e7arx s\u0259sl\u0259ndirilib.<\/p>\n<p>Qeyd ed\u0259k ki, Los-Ancelesd\u0259 v\u0259 \u00fcmumilikd\u0259 Kaliforniya \u015ftat\u0131n\u0131n c\u0259nubunda say\u0131 500 mini ke\u00e7\u0259n \u0130ran icmas\u0131 m\u00f6vcuddur ki, bu da AB\u015e-da \u0259n \u00e7ox iranl\u0131n\u0131n ya\u015fad\u0131\u011f\u0131 b\u00f6lg\u0259 hesab olunur.<\/p>\n<div><iframe loading=\"lazy\" src=\"https:\/\/www.youtube.com\/embed\/TyGL-BeXWks\" width=\"560\" height=\"315\" frameborder=\"0\" allowfullscreen=\"allowfullscreen\" data-mce-fragment=\"1\"><\/iframe><\/div>\n<div class=\"gallery\">\n<div class=\"gallery-i\"><img src=\"https:\/\/assets.oxu.az\/uploads\/W1siZiIsIjIwMjAvMDIvMTkvMTAvMDkvMTIvNmIxNDQ3ODEtZjdjMC00NTM2LThjODctMThlMTBmMDhmYWY2L0tJUk4xLmpwZyJdLFsicCIsImVuY29kZSIsImpwZyIsIi1xdWFsaXR5IDgwIl0sWyJwIiwidGh1bWIiLCI1OTB4NTkwXHUwMDNlIl1d?sha=1e5782dde79485d7\" alt=\"\" \/><\/p>\n<div class=\"gallery-i-caption\"><\/div>\n<\/div>\n<div class=\"gallery-i\"><img src=\"https:\/\/assets.oxu.az\/uploads\/W1siZiIsIjIwMjAvMDIvMTkvMTAvMDkvMTIvMDBjMGM4MGItZTNhYi00MzhmLTgzNWEtYWU2MzU4MGUwMDJlL0tJUk4yLmpwZyJdLFsicCIsImVuY29kZSIsImpwZyIsIi1xdWFsaXR5IDgwIl0sWyJwIiwidGh1bWIiLCI1OTB4NTkwXHUwMDNlIl1d?sha=2edab572297a6e1b\" alt=\"\" \/><\/p>\n<div class=\"gallery-i-caption\"><\/div>\n<\/div>\n<div class=\"gallery-i\"><img src=\"https:\/\/assets.oxu.az\/uploads\/W1siZiIsIjIwMjAvMDIvMTkvMTAvMDkvMTIvYjAwNGI5ODQtMzQwOS00YjhhLWE5MmUtY2VlMTVkMzNlNWI1L0tJUk4zLmpwZyJdLFsicCIsImVuY29kZSIsImpwZyIsIi1xdWFsaXR5IDgwIl0sWyJwIiwidGh1bWIiLCI1OTB4NTkwXHUwMDNlIl1d?sha=41aa2cee429db599\" alt=\"\" \/><\/p>\n<div class=\"gallery-i-caption\"><\/div>\n<\/div>\n<div class=\"gallery-i\"><img src=\"https:\/\/assets.oxu.az\/uploads\/W1siZiIsIjIwMjAvMDIvMTkvMTAvMTAvMDMvNDk0MmQ3NzQtNWZiYy00NWY0LTgxZmEtZTIwZGI1ZDkyYzE5L0tJUk40LmpwZyJdLFsicCIsImVuY29kZSIsImpwZyIsIi1xdWFsaXR5IDgwIl0sWyJwIiwidGh1bWIiLCI1OTB4NTkwXHUwMDNlIl1d?sha=f5789eafa01988e7\" alt=\"\" \/><\/div>\n<\/div>\n","protected":false},"excerpt":{"rendered":"<p>Az\u0259rbaycan\u0131n Los-Anceles \u015f\u0259h\u0259rind\u0259ki ba\u015f konsulu, Los-Anceles Konsulluq Korpusunun duayeni (s\u0259dri) N\u0259simi A\u011fayev AB\u015e-\u0131n \u0259n b\u00f6y\u00fck farsdilli radiosu olan, Los-Ancelesd\u0259 f\u0259aliyy\u0259t g\u00f6st\u0259r\u0259n KIRN radiosunun apar\u0131c\u0131s\u0131 Debbi Amininin d\u0259v\u0259til\u0259 radionun \u201cOne World, One Community\u201d (Bir D\u00fcnya, Bir \u0130cma) proqram\u0131n\u0131n qona\u011f\u0131 olub v\u0259 Az\u0259rbaycanla ba\u011fl\u0131 geni\u015f m\u00fcsahib\u0259 verib. Bununla ba\u011fl\u0131 konsulluq m\u0259lumat yay\u0131b. Proqram, h\u0259m\u00e7inin, canl\u0131 \u015f\u0259kild\u0259 kanal\u0131n r\u0259smi sosial \u015f\u0259b\u0259k\u0259 profill\u0259rind\u0259 video format\u0131nda da yay\u0131mlan\u0131b. M\u00fcsahib\u0259d\u0259 ba\u015f konsul N.A\u011fayev \u00f6lk\u0259mizin m\u00fcst\u0259qillik tarixi haqq\u0131nda \u0259trafl\u0131 dan\u0131\u015faraq, 1918-ci ild\u0259 Az\u0259rbaycan xalq\u0131n\u0131n m\u00fcs\u0259lman d\u00fcnyas\u0131nda ilk d\u00fcny\u0259vi v\u0259 demokratik respublika yaratd\u0131\u011f\u0131n\u0131, el\u0259c\u0259 d\u0259, qad\u0131nlara s\u0259sverm\u0259 h\u00fcququ&hellip;<\/p>\n","protected":false},"author":2,"featured_media":131392,"comment_status":"closed","ping_status":"closed","sticky":false,"template":"","format":"standard","meta":{"om_disable_all_campaigns":false,"_monsterinsights_skip_tracking":false,"_monsterinsights_sitenote_active":false,"_monsterinsights_sitenote_note":"","_monsterinsights_sitenote_category":0},"categories":[4],"tags":[],"aioseo_notices":[],"gutentor_comment":0,"rttpg_featured_image_url":{"full":["https:\/\/arantv.az\/wp-content\/uploads\/2020\/02\/KIRN4.jpg",620,465,false],"landscape":["https:\/\/arantv.az\/wp-content\/uploads\/2020\/02\/KIRN4.jpg",620,465,false],"portraits":["https:\/\/arantv.az\/wp-content\/uploads\/2020\/02\/KIRN4.jpg",620,465,false],"thumbnail":["https:\/\/arantv.az\/wp-content\/uploads\/2020\/02\/KIRN4-150x150.jpg",150,150,true],"medium":["https:\/\/arantv.az\/wp-content\/uploads\/2020\/02\/KIRN4-300x225.jpg",300,225,true],"large":["https:\/\/arantv.az\/wp-content\/uploads\/2020\/02\/KIRN4.jpg",620,465,false],"1536x1536":["https:\/\/arantv.az\/wp-content\/uploads\/2020\/02\/KIRN4.jpg",620,465,false],"2048x2048":["https:\/\/arantv.az\/wp-content\/uploads\/2020\/02\/KIRN4.jpg",620,465,false],"post-thumbnail":["https:\/\/arantv.az\/wp-content\/uploads\/2020\/02\/KIRN4-240x172.jpg",240,172,true],"advps-thumb-one":["https:\/\/arantv.az\/wp-content\/uploads\/2020\/02\/KIRN4.jpg",620,465,false]},"rttpg_author":{"display_name":"V\u00fcsal Rafiqo\u011flu","author_link":"https:\/\/arantv.az\/?author=2"},"rttpg_comment":0,"rttpg_category":"<a href=\"https:\/\/arantv.az\/?cat=4\" rel=\"category\">Siyas\u0259t<\/a>","rttpg_excerpt":"Az\u0259rbaycan\u0131n Los-Anceles \u015f\u0259h\u0259rind\u0259ki ba\u015f konsulu, Los-Anceles Konsulluq Korpusunun duayeni (s\u0259dri) N\u0259simi A\u011fayev AB\u015e-\u0131n \u0259n b\u00f6y\u00fck farsdilli radiosu olan, Los-Ancelesd\u0259 f\u0259aliyy\u0259t g\u00f6st\u0259r\u0259n KIRN radiosunun apar\u0131c\u0131s\u0131 Debbi Amininin d\u0259v\u0259til\u0259 radionun \u201cOne World, One Community\u201d (Bir D\u00fcnya, Bir \u0130cma) proqram\u0131n\u0131n qona\u011f\u0131 olub v\u0259 Az\u0259rbaycanla ba\u011fl\u0131 geni\u015f m\u00fcsahib\u0259 verib. Bununla ba\u011fl\u0131 konsulluq m\u0259lumat yay\u0131b. Proqram, h\u0259m\u00e7inin, canl\u0131 \u015f\u0259kild\u0259 kanal\u0131n&hellip;","_links":{"self":[{"href":"https:\/\/arantv.az\/index.php?rest_route=\/wp\/v2\/posts\/131391"}],"collection":[{"href":"https:\/\/arantv.az\/index.php?rest_route=\/wp\/v2\/posts"}],"about":[{"href":"https:\/\/arantv.az\/index.php?rest_route=\/wp\/v2\/types\/post"}],"author":[{"embeddable":true,"href":"https:\/\/arantv.az\/index.php?rest_route=\/wp\/v2\/users\/2"}],"replies":[{"embeddable":true,"href":"https:\/\/arantv.az\/index.php?rest_route=%2Fwp%2Fv2%2Fcomments&post=131391"}],"version-history":[{"count":0,"href":"https:\/\/arantv.az\/index.php?rest_route=\/wp\/v2\/posts\/131391\/revisions"}],"wp:featuredmedia":[{"embeddable":true,"href":"https:\/\/arantv.az\/index.php?rest_route=\/wp\/v2\/media\/131392"}],"wp:attachment":[{"href":"https:\/\/arantv.az\/index.php?rest_route=%2Fwp%2Fv2%2Fmedia&parent=131391"}],"wp:term":[{"taxonomy":"category","embeddable":true,"href":"https:\/\/arantv.az\/index.php?rest_route=%2Fwp%2Fv2%2Fcategories&post=131391"},{"taxonomy":"post_tag","embeddable":true,"href":"https:\/\/arantv.az\/index.php?rest_route=%2Fwp%2Fv2%2Ftags&post=131391"}],"curies":[{"name":"wp","href":"https:\/\/api.w.org\/{rel}","templated":true}]}}