{"id":131479,"date":"2020-02-19T11:22:23","date_gmt":"2020-02-19T08:22:23","guid":{"rendered":"http:\/\/arantv.az\/?p=131479"},"modified":"2020-02-19T11:22:23","modified_gmt":"2020-02-19T08:22:23","slug":"elxan-m%c9%99mm%c9%99dov-turistl%c9%99ri-buradan-qacirmayaq","status":"publish","type":"post","link":"https:\/\/arantv.az\/?p=131479","title":{"rendered":"Elxan M\u0259mm\u0259dov: \u201cTuristl\u0259ri buradan qa\u00e7\u0131rmayaq\u201d"},"content":{"rendered":"<p>\u201cFan-zonalarda h\u0259r \u015firk\u0259t bir m\u0259hsul\u00a0satacaq. \u00c7\u00fcnki bu\u00a0bir ayl\u0131q t\u0259dbirdir. Biz bir m\u0259hsulun dig\u0259r \u015firk\u0259tl\u0259r t\u0259r\u0259find\u0259n sat\u0131\u015f\u0131n\u0131n\u00a0h\u0259yata ke\u00e7irilm\u0259sin\u0259 imkan verm\u0259y\u0259c\u0259yik. \u0130st\u0259mirik ki, orada r\u0259qab\u0259t yarans\u0131n. \u0130st\u0259yirik ki, tenderd\u0259 qalib g\u0259l\u0259n \u015firk\u0259tl\u0259r bu bir ay \u0259rzind\u0259 sat\u0131\u015fdan g\u0259lir \u0259ld\u0259 ed\u0259 bilsin\u201d.<\/p>\n<p><b>ARANTV.AZ<\/b>-\u0131n x\u0259b\u0259rin\u0259 g\u00f6r\u0259, bunu AFFA-n\u0131n icra\u00e7\u0131\u00a0vitse-prezidenti v\u0259 ba\u015f katibi Elxan M\u0259mm\u0259dov deyib.<\/p>\n<p>O, yar\u0131\u015f\u00a0zaman\u0131 Bak\u0131da f\u0259aliyy\u0259t g\u00f6st\u0259r\u0259n restoranlar\u0131n, pablar\u0131n, kafel\u0259rin qiym\u0259tl\u0259ri \u00e7ox art\u0131rmas\u0131ndan naraz\u0131l\u0131\u011f\u0131n\u0131 da bildirib:<\/p>\n<div id=\"AdviadNativeVideo0\" class=\"AdviadNativeVideo\"><\/div>\n<p>\u201cBiz \u015f\u0259h\u0259rd\u0259 dig\u0259r ia\u015f\u0259 obyektl\u0259rinin sat\u0131\u015f prosesin\u0259\u00a0qar\u0131\u015fa bilm\u0259rik. Ancaq qiym\u0259tl\u0259rin 100 faiz qald\u0131r\u0131lmas\u0131 do\u011fru deyil. Fan-zonalarda 50 faiz\u0259d\u0259k qiym\u0259t art\u0131m\u0131 ola bil\u0259r. Avropada da bel\u0259 t\u0259dbirl\u0259r zaman\u0131 qiym\u0259t art\u0131m\u0131 olur. Amma bu, 30 faizd\u0259n yuxar\u0131 olmur. Biz d\u00fc\u015f\u00fcnm\u0259liyik ki, turistl\u0259ri buradan qa\u00e7\u0131rmayaq. Onlar burada y\u00fcks\u0259k qiym\u0259tl\u0259ri g\u00f6r\u00fcb qorxmas\u0131nlar, \u0259ksin\u0259 Bak\u0131ya bir d\u0259 g\u0259lm\u0259k haqq\u0131nda d\u00fc\u015f\u00fcns\u00fcnl\u0259r\u201d.<\/p>\n<p>Qeyd ed\u0259k ki,\u00a013-21 iyun tarixl\u0259rind\u0259 Bak\u0131da AVRO-2020-nin qrup m\u0259rh\u0259l\u0259sinin oyunlar\u0131 ke\u00e7iril\u0259c\u0259k. \u0130yunun 4-d\u0259 is\u0259 1\/4 final m\u0259rh\u0259l\u0259sinin bir oyunu Bak\u0131 Olimpiya Stadionunda ba\u015f tutacaq.Oxu.Az<\/p>\n","protected":false},"excerpt":{"rendered":"<p>\u201cFan-zonalarda h\u0259r \u015firk\u0259t bir m\u0259hsul\u00a0satacaq. \u00c7\u00fcnki bu\u00a0bir ayl\u0131q t\u0259dbirdir. Biz bir m\u0259hsulun dig\u0259r \u015firk\u0259tl\u0259r t\u0259r\u0259find\u0259n sat\u0131\u015f\u0131n\u0131n\u00a0h\u0259yata ke\u00e7irilm\u0259sin\u0259 imkan verm\u0259y\u0259c\u0259yik. \u0130st\u0259mirik ki, orada r\u0259qab\u0259t yarans\u0131n. \u0130st\u0259yirik ki, tenderd\u0259 qalib g\u0259l\u0259n \u015firk\u0259tl\u0259r bu bir ay \u0259rzind\u0259 sat\u0131\u015fdan g\u0259lir \u0259ld\u0259 ed\u0259 bilsin\u201d. ARANTV.AZ-\u0131n x\u0259b\u0259rin\u0259 g\u00f6r\u0259, bunu AFFA-n\u0131n icra\u00e7\u0131\u00a0vitse-prezidenti v\u0259 ba\u015f katibi Elxan M\u0259mm\u0259dov deyib. O, yar\u0131\u015f\u00a0zaman\u0131 Bak\u0131da f\u0259aliyy\u0259t g\u00f6st\u0259r\u0259n restoranlar\u0131n, pablar\u0131n, kafel\u0259rin qiym\u0259tl\u0259ri \u00e7ox art\u0131rmas\u0131ndan naraz\u0131l\u0131\u011f\u0131n\u0131 da bildirib: \u201cBiz \u015f\u0259h\u0259rd\u0259 dig\u0259r ia\u015f\u0259 obyektl\u0259rinin sat\u0131\u015f prosesin\u0259\u00a0qar\u0131\u015fa bilm\u0259rik. Ancaq qiym\u0259tl\u0259rin 100 faiz qald\u0131r\u0131lmas\u0131 do\u011fru deyil. Fan-zonalarda 50 faiz\u0259d\u0259k qiym\u0259t art\u0131m\u0131 ola bil\u0259r. Avropada da bel\u0259&hellip;<\/p>\n","protected":false},"author":2,"featured_media":131480,"comment_status":"closed","ping_status":"closed","sticky":false,"template":"","format":"standard","meta":{"om_disable_all_campaigns":false,"_monsterinsights_skip_tracking":false,"_monsterinsights_sitenote_active":false,"_monsterinsights_sitenote_note":"","_monsterinsights_sitenote_category":0},"categories":[6],"tags":[],"aioseo_notices":[],"gutentor_comment":0,"rttpg_featured_image_url":{"full":["https:\/\/arantv.az\/wp-content\/uploads\/2020\/02\/el.jpg",620,413,false],"landscape":["https:\/\/arantv.az\/wp-content\/uploads\/2020\/02\/el.jpg",620,413,false],"portraits":["https:\/\/arantv.az\/wp-content\/uploads\/2020\/02\/el.jpg",620,413,false],"thumbnail":["https:\/\/arantv.az\/wp-content\/uploads\/2020\/02\/el-150x150.jpg",150,150,true],"medium":["https:\/\/arantv.az\/wp-content\/uploads\/2020\/02\/el-300x200.jpg",300,200,true],"large":["https:\/\/arantv.az\/wp-content\/uploads\/2020\/02\/el.jpg",620,413,false],"1536x1536":["https:\/\/arantv.az\/wp-content\/uploads\/2020\/02\/el.jpg",620,413,false],"2048x2048":["https:\/\/arantv.az\/wp-content\/uploads\/2020\/02\/el.jpg",620,413,false],"post-thumbnail":["https:\/\/arantv.az\/wp-content\/uploads\/2020\/02\/el-240x172.jpg",240,172,true],"advps-thumb-one":["https:\/\/arantv.az\/wp-content\/uploads\/2020\/02\/el.jpg",620,413,false]},"rttpg_author":{"display_name":"V\u00fcsal Rafiqo\u011flu","author_link":"https:\/\/arantv.az\/?author=2"},"rttpg_comment":0,"rttpg_category":"<a href=\"https:\/\/arantv.az\/?cat=6\" rel=\"category\">\u0130dman<\/a>","rttpg_excerpt":"\u201cFan-zonalarda h\u0259r \u015firk\u0259t bir m\u0259hsul\u00a0satacaq. \u00c7\u00fcnki bu\u00a0bir ayl\u0131q t\u0259dbirdir. Biz bir m\u0259hsulun dig\u0259r \u015firk\u0259tl\u0259r t\u0259r\u0259find\u0259n sat\u0131\u015f\u0131n\u0131n\u00a0h\u0259yata ke\u00e7irilm\u0259sin\u0259 imkan verm\u0259y\u0259c\u0259yik. \u0130st\u0259mirik ki, orada r\u0259qab\u0259t yarans\u0131n. \u0130st\u0259yirik ki, tenderd\u0259 qalib g\u0259l\u0259n \u015firk\u0259tl\u0259r bu bir ay \u0259rzind\u0259 sat\u0131\u015fdan g\u0259lir \u0259ld\u0259 ed\u0259 bilsin\u201d. ARANTV.AZ-\u0131n x\u0259b\u0259rin\u0259 g\u00f6r\u0259, bunu AFFA-n\u0131n icra\u00e7\u0131\u00a0vitse-prezidenti v\u0259 ba\u015f katibi Elxan M\u0259mm\u0259dov deyib. O, yar\u0131\u015f\u00a0zaman\u0131 Bak\u0131da f\u0259aliyy\u0259t&hellip;","_links":{"self":[{"href":"https:\/\/arantv.az\/index.php?rest_route=\/wp\/v2\/posts\/131479"}],"collection":[{"href":"https:\/\/arantv.az\/index.php?rest_route=\/wp\/v2\/posts"}],"about":[{"href":"https:\/\/arantv.az\/index.php?rest_route=\/wp\/v2\/types\/post"}],"author":[{"embeddable":true,"href":"https:\/\/arantv.az\/index.php?rest_route=\/wp\/v2\/users\/2"}],"replies":[{"embeddable":true,"href":"https:\/\/arantv.az\/index.php?rest_route=%2Fwp%2Fv2%2Fcomments&post=131479"}],"version-history":[{"count":0,"href":"https:\/\/arantv.az\/index.php?rest_route=\/wp\/v2\/posts\/131479\/revisions"}],"wp:featuredmedia":[{"embeddable":true,"href":"https:\/\/arantv.az\/index.php?rest_route=\/wp\/v2\/media\/131480"}],"wp:attachment":[{"href":"https:\/\/arantv.az\/index.php?rest_route=%2Fwp%2Fv2%2Fmedia&parent=131479"}],"wp:term":[{"taxonomy":"category","embeddable":true,"href":"https:\/\/arantv.az\/index.php?rest_route=%2Fwp%2Fv2%2Fcategories&post=131479"},{"taxonomy":"post_tag","embeddable":true,"href":"https:\/\/arantv.az\/index.php?rest_route=%2Fwp%2Fv2%2Ftags&post=131479"}],"curies":[{"name":"wp","href":"https:\/\/api.w.org\/{rel}","templated":true}]}}