{"id":131483,"date":"2020-02-19T11:23:22","date_gmt":"2020-02-19T08:23:22","guid":{"rendered":"http:\/\/arantv.az\/?p=131483"},"modified":"2020-02-19T11:23:22","modified_gmt":"2020-02-19T08:23:22","slug":"ata-deputat-ovlad-m%c9%99mur-adlar","status":"publish","type":"post","link":"https:\/\/arantv.az\/?p=131483","title":{"rendered":"Ata deputat, \u00f6vlad m\u0259mur &#8211; ADLAR"},"content":{"rendered":"<p>Milli M\u0259clis\u0259 n\u00f6vb\u0259d\u0259nk\u0259nar se\u00e7kil\u0259rl\u0259 \u0259laq\u0259dar ilkin r\u0259smi n\u0259tic\u0259l\u0259rd\u0259 dair\u0259l\u0259r \u00fczr\u0259 lider namiz\u0259dl\u0259rin adlar\u0131 a\u00e7\u0131qlan\u0131b.<\/p>\n<p><b>ARANTV.AZ<\/b>-\u0131n m\u0259lumat\u0131na g\u00f6r\u0259, h\u0259min lider namiz\u0259dl\u0259rin b\u0259zil\u0259ri h\u0259m d\u0259 m\u0259mur atas\u0131d\u0131r.<\/p>\n<p>\u0130sa H\u0259bibb\u0259yli Nax\u00e7\u0131van D\u00f6vl\u0259t G\u00f6mr\u00fck Komit\u0259sinin s\u0259dri S\u0259h\u0259t H\u0259bibb\u0259ylinin atas\u0131d\u0131r.<\/p>\n<div id=\"AdviadNativeVideo0\" class=\"AdviadNativeVideo\"><\/div>\n<p>F\u00f6vq\u0259lad\u0259 Hallar nazirinin m\u00fcavini Tapd\u0131q \u018fmiraslanov \u018fhliman \u018fmiraslanovun o\u011fludur.<\/p>\n<p>1 sayl\u0131 \u015e\u0259rur-S\u0259d\u0259r\u0259k Se\u00e7ki Dair\u0259sinin lider namiz\u0259di Vasif Tal\u0131bovun o\u011flu Rza Tal\u0131bov da y\u00fcks\u0259k v\u0259zif\u0259 tutur. R.Tal\u0131bov Az\u0259rbaycan D\u00f6vl\u0259t Miqrasiya Xidm\u0259tinin V\u0259t\u0259nda\u015fl\u0131q M\u0259s\u0259l\u0259l\u0259ri \u00fczr\u0259 Ba\u015f \u0130dar\u0259sinin r\u0259isidir.<\/p>\n<p>Aqil Abbas\u0131n o\u011flu Tuncay Abbasov Suraxan\u0131 Rayon Polis \u0130dar\u0259sinin 33-c\u00fc Polis B\u00f6lm\u0259sinin r\u0259isidir.<\/p>\n<p>F\u0259ttah Heyd\u0259rov is\u0259 F\u00f6vq\u0259lad\u0259 Hallar naziri K\u0259mal\u0259ddin Heyd\u0259rovun atas\u0131d\u0131r.<\/p>\n<p>M\u0259rk\u0259zi Se\u00e7ki Komissiyas\u0131n\u0131n q\u0259rar\u0131 il\u0259 n\u0259tic\u0259l\u0259ri etibars\u0131z say\u0131lan, ilkin r\u0259smi a\u00e7\u0131qlamada 80 sayl\u0131 \u0130mi\u015fli-Beyl\u0259qan Se\u00e7ki Dair\u0259sinin lider namiz\u0259di elan edil\u0259n \u00c7ingiz Q\u0259nizad\u0259nin o\u011flu Elgiz Q\u0259nizad\u0259 Bin\u0259q\u0259di prokurorunun m\u00fcavinidir.Oxu.Az<\/p>\n","protected":false},"excerpt":{"rendered":"<p>Milli M\u0259clis\u0259 n\u00f6vb\u0259d\u0259nk\u0259nar se\u00e7kil\u0259rl\u0259 \u0259laq\u0259dar ilkin r\u0259smi n\u0259tic\u0259l\u0259rd\u0259 dair\u0259l\u0259r \u00fczr\u0259 lider namiz\u0259dl\u0259rin adlar\u0131 a\u00e7\u0131qlan\u0131b. ARANTV.AZ-\u0131n m\u0259lumat\u0131na g\u00f6r\u0259, h\u0259min lider namiz\u0259dl\u0259rin b\u0259zil\u0259ri h\u0259m d\u0259 m\u0259mur atas\u0131d\u0131r. \u0130sa H\u0259bibb\u0259yli Nax\u00e7\u0131van D\u00f6vl\u0259t G\u00f6mr\u00fck Komit\u0259sinin s\u0259dri S\u0259h\u0259t H\u0259bibb\u0259ylinin atas\u0131d\u0131r. F\u00f6vq\u0259lad\u0259 Hallar nazirinin m\u00fcavini Tapd\u0131q \u018fmiraslanov \u018fhliman \u018fmiraslanovun o\u011fludur. 1 sayl\u0131 \u015e\u0259rur-S\u0259d\u0259r\u0259k Se\u00e7ki Dair\u0259sinin lider namiz\u0259di Vasif Tal\u0131bovun o\u011flu Rza Tal\u0131bov da y\u00fcks\u0259k v\u0259zif\u0259 tutur. R.Tal\u0131bov Az\u0259rbaycan D\u00f6vl\u0259t Miqrasiya Xidm\u0259tinin V\u0259t\u0259nda\u015fl\u0131q M\u0259s\u0259l\u0259l\u0259ri \u00fczr\u0259 Ba\u015f \u0130dar\u0259sinin r\u0259isidir. Aqil Abbas\u0131n o\u011flu Tuncay Abbasov Suraxan\u0131 Rayon Polis \u0130dar\u0259sinin 33-c\u00fc Polis B\u00f6lm\u0259sinin r\u0259isidir. F\u0259ttah Heyd\u0259rov is\u0259 F\u00f6vq\u0259lad\u0259 Hallar naziri&hellip;<\/p>\n","protected":false},"author":2,"featured_media":131484,"comment_status":"closed","ping_status":"closed","sticky":false,"template":"","format":"standard","meta":{"om_disable_all_campaigns":false,"_monsterinsights_skip_tracking":false,"_monsterinsights_sitenote_active":false,"_monsterinsights_sitenote_note":"","_monsterinsights_sitenote_category":0},"categories":[4],"tags":[],"aioseo_notices":[],"gutentor_comment":0,"rttpg_featured_image_url":{"full":["https:\/\/arantv.az\/wp-content\/uploads\/2020\/02\/FotoJet-removebg-preview-1.jpg",620,368,false],"landscape":["https:\/\/arantv.az\/wp-content\/uploads\/2020\/02\/FotoJet-removebg-preview-1.jpg",620,368,false],"portraits":["https:\/\/arantv.az\/wp-content\/uploads\/2020\/02\/FotoJet-removebg-preview-1.jpg",620,368,false],"thumbnail":["https:\/\/arantv.az\/wp-content\/uploads\/2020\/02\/FotoJet-removebg-preview-1-150x150.jpg",150,150,true],"medium":["https:\/\/arantv.az\/wp-content\/uploads\/2020\/02\/FotoJet-removebg-preview-1-300x178.jpg",300,178,true],"large":["https:\/\/arantv.az\/wp-content\/uploads\/2020\/02\/FotoJet-removebg-preview-1.jpg",620,368,false],"1536x1536":["https:\/\/arantv.az\/wp-content\/uploads\/2020\/02\/FotoJet-removebg-preview-1.jpg",620,368,false],"2048x2048":["https:\/\/arantv.az\/wp-content\/uploads\/2020\/02\/FotoJet-removebg-preview-1.jpg",620,368,false],"post-thumbnail":["https:\/\/arantv.az\/wp-content\/uploads\/2020\/02\/FotoJet-removebg-preview-1-240x172.jpg",240,172,true],"advps-thumb-one":["https:\/\/arantv.az\/wp-content\/uploads\/2020\/02\/FotoJet-removebg-preview-1.jpg",620,368,false]},"rttpg_author":{"display_name":"V\u00fcsal Rafiqo\u011flu","author_link":"https:\/\/arantv.az\/?author=2"},"rttpg_comment":0,"rttpg_category":"<a href=\"https:\/\/arantv.az\/?cat=4\" rel=\"category\">Siyas\u0259t<\/a>","rttpg_excerpt":"Milli M\u0259clis\u0259 n\u00f6vb\u0259d\u0259nk\u0259nar se\u00e7kil\u0259rl\u0259 \u0259laq\u0259dar ilkin r\u0259smi n\u0259tic\u0259l\u0259rd\u0259 dair\u0259l\u0259r \u00fczr\u0259 lider namiz\u0259dl\u0259rin adlar\u0131 a\u00e7\u0131qlan\u0131b. ARANTV.AZ-\u0131n m\u0259lumat\u0131na g\u00f6r\u0259, h\u0259min lider namiz\u0259dl\u0259rin b\u0259zil\u0259ri h\u0259m d\u0259 m\u0259mur atas\u0131d\u0131r. \u0130sa H\u0259bibb\u0259yli Nax\u00e7\u0131van D\u00f6vl\u0259t G\u00f6mr\u00fck Komit\u0259sinin s\u0259dri S\u0259h\u0259t H\u0259bibb\u0259ylinin atas\u0131d\u0131r. F\u00f6vq\u0259lad\u0259 Hallar nazirinin m\u00fcavini Tapd\u0131q \u018fmiraslanov \u018fhliman \u018fmiraslanovun o\u011fludur. 1 sayl\u0131 \u015e\u0259rur-S\u0259d\u0259r\u0259k Se\u00e7ki Dair\u0259sinin lider namiz\u0259di Vasif Tal\u0131bovun o\u011flu Rza&hellip;","_links":{"self":[{"href":"https:\/\/arantv.az\/index.php?rest_route=\/wp\/v2\/posts\/131483"}],"collection":[{"href":"https:\/\/arantv.az\/index.php?rest_route=\/wp\/v2\/posts"}],"about":[{"href":"https:\/\/arantv.az\/index.php?rest_route=\/wp\/v2\/types\/post"}],"author":[{"embeddable":true,"href":"https:\/\/arantv.az\/index.php?rest_route=\/wp\/v2\/users\/2"}],"replies":[{"embeddable":true,"href":"https:\/\/arantv.az\/index.php?rest_route=%2Fwp%2Fv2%2Fcomments&post=131483"}],"version-history":[{"count":0,"href":"https:\/\/arantv.az\/index.php?rest_route=\/wp\/v2\/posts\/131483\/revisions"}],"wp:featuredmedia":[{"embeddable":true,"href":"https:\/\/arantv.az\/index.php?rest_route=\/wp\/v2\/media\/131484"}],"wp:attachment":[{"href":"https:\/\/arantv.az\/index.php?rest_route=%2Fwp%2Fv2%2Fmedia&parent=131483"}],"wp:term":[{"taxonomy":"category","embeddable":true,"href":"https:\/\/arantv.az\/index.php?rest_route=%2Fwp%2Fv2%2Fcategories&post=131483"},{"taxonomy":"post_tag","embeddable":true,"href":"https:\/\/arantv.az\/index.php?rest_route=%2Fwp%2Fv2%2Ftags&post=131483"}],"curies":[{"name":"wp","href":"https:\/\/api.w.org\/{rel}","templated":true}]}}