{"id":131491,"date":"2020-02-19T11:24:43","date_gmt":"2020-02-19T08:24:43","guid":{"rendered":"http:\/\/arantv.az\/?p=131491"},"modified":"2020-02-19T11:24:43","modified_gmt":"2020-02-19T08:24:43","slug":"rusiyada-az%c9%99rbaycanin-%c9%99razi-butovluyu-il%c9%99-bagli-t%c9%99xribat-aradan-qaldirildi","status":"publish","type":"post","link":"https:\/\/arantv.az\/?p=131491","title":{"rendered":"Rusiyada Az\u0259rbaycan\u0131n \u0259razi b\u00fct\u00f6vl\u00fcy\u00fc il\u0259 ba\u011fl\u0131 t\u0259xribat aradan qald\u0131r\u0131ld\u0131"},"content":{"rendered":"<p>Rusiyan\u0131n Tula D\u00f6vl\u0259t Silah Muzeyind\u0259 yerl\u0259\u015fdiril\u0259n Az\u0259rbaycan\u0131n t\u0259hrif edilmi\u015f x\u0259rit\u0259si muzeyd\u0259n y\u0131\u011f\u0131\u015fd\u0131r\u0131l\u0131b.<\/p>\n<p>Bu bar\u0259d\u0259\u00a0<a href=\"https:\/\/report.az\/siyasi-xeberler\/xarici-siyaset\/rusiyada-azerbaycanin-erazi-butovluyu-ile-bagli-texribat-aradan-qaldir\/\" target=\"_blank\" rel=\"noopener\">Report<\/a>-a Az\u0259rbaycan\u0131n Moskvadak\u0131 s\u0259firliyind\u0259n m\u0259lumat verilib.<\/p>\n<div id=\"AdviadNativeVideo0\" class=\"AdviadNativeVideo\"><\/div>\n<p>\u201cBir s\u0131ra x\u0259b\u0259r saytlar\u0131nda Rusiya Federasiyas\u0131n\u0131n Tula D\u00f6vl\u0259t Silah muzeyind\u0259 Az\u0259rbaycan Respublikas\u0131n\u0131n t\u0259hrif edilmi\u015f x\u0259rit\u0259sinin yerl\u0259\u015fdirildiyi il\u0259 ba\u011fl\u0131 m\u0259lumat yay\u0131mlan\u0131b. S\u0259firliyin m\u0259s\u0259l\u0259y\u0259 m\u00fcdaxil\u0259sind\u0259n v\u0259 muzey r\u0259hb\u0259rliyin\u0259 \u00f6lk\u0259mizin \u0259razi b\u00fct\u00f6vl\u00fcy\u00fcn\u00fcn pozulmas\u0131n\u0131n q\u0259buledilm\u0259zliyinin izah edilm\u0259sind\u0259n d\u0259rhal sonra qar\u015f\u0131 t\u0259r\u0259f burax\u0131lan s\u0259hvi operativ \u015f\u0259kild\u0259 aradan qald\u0131r\u0131b v\u0259 bu bar\u0259d\u0259 s\u0259firliy\u0259 m\u0259lumat verib\u201d, &#8211; diplomatik n\u00fcmay\u0259nd\u0259likd\u0259n bildirilib.<\/p>\n<div class=\"gallery\">\n<div class=\"gallery-i\"><img src=\"https:\/\/assets.oxu.az\/uploads\/W1siZiIsIjIwMjAvMDIvMTkvMTEvMDYvNTAvNzgzOThhYmQtZjhkNy00NGYxLThlNTQtOTUyNmUxMWVkYzJlLzg4MGY5ZTFiLTQwYTctNGIyNy1iZTAyLWYwOWI1NjM5OGMyZS5qcGciXSxbInAiLCJlbmNvZGUiLCJqcGciLCItcXVhbGl0eSA4MCJdLFsicCIsInRodW1iIiwiNTkweDU5MFx1MDAzZSJdXQ?sha=260bf08840d3c718\" alt=\"\" \/><\/div>\n<\/div>\n","protected":false},"excerpt":{"rendered":"<p>Rusiyan\u0131n Tula D\u00f6vl\u0259t Silah Muzeyind\u0259 yerl\u0259\u015fdiril\u0259n Az\u0259rbaycan\u0131n t\u0259hrif edilmi\u015f x\u0259rit\u0259si muzeyd\u0259n y\u0131\u011f\u0131\u015fd\u0131r\u0131l\u0131b. Bu bar\u0259d\u0259\u00a0Report-a Az\u0259rbaycan\u0131n Moskvadak\u0131 s\u0259firliyind\u0259n m\u0259lumat verilib. \u201cBir s\u0131ra x\u0259b\u0259r saytlar\u0131nda Rusiya Federasiyas\u0131n\u0131n Tula D\u00f6vl\u0259t Silah muzeyind\u0259 Az\u0259rbaycan Respublikas\u0131n\u0131n t\u0259hrif edilmi\u015f x\u0259rit\u0259sinin yerl\u0259\u015fdirildiyi il\u0259 ba\u011fl\u0131 m\u0259lumat yay\u0131mlan\u0131b. S\u0259firliyin m\u0259s\u0259l\u0259y\u0259 m\u00fcdaxil\u0259sind\u0259n v\u0259 muzey r\u0259hb\u0259rliyin\u0259 \u00f6lk\u0259mizin \u0259razi b\u00fct\u00f6vl\u00fcy\u00fcn\u00fcn pozulmas\u0131n\u0131n q\u0259buledilm\u0259zliyinin izah edilm\u0259sind\u0259n d\u0259rhal sonra qar\u015f\u0131 t\u0259r\u0259f burax\u0131lan s\u0259hvi operativ \u015f\u0259kild\u0259 aradan qald\u0131r\u0131b v\u0259 bu bar\u0259d\u0259 s\u0259firliy\u0259 m\u0259lumat verib\u201d, &#8211; diplomatik n\u00fcmay\u0259nd\u0259likd\u0259n bildirilib.<\/p>\n","protected":false},"author":2,"featured_media":131492,"comment_status":"closed","ping_status":"closed","sticky":false,"template":"","format":"standard","meta":{"om_disable_all_campaigns":false,"_monsterinsights_skip_tracking":false,"_monsterinsights_sitenote_active":false,"_monsterinsights_sitenote_note":"","_monsterinsights_sitenote_category":0},"categories":[4],"tags":[],"aioseo_notices":[],"gutentor_comment":0,"rttpg_featured_image_url":{"full":["https:\/\/arantv.az\/wp-content\/uploads\/2020\/02\/58178610-def0-4c7b-9a20-ccdc12d6392c.jpg",620,347,false],"landscape":["https:\/\/arantv.az\/wp-content\/uploads\/2020\/02\/58178610-def0-4c7b-9a20-ccdc12d6392c.jpg",620,347,false],"portraits":["https:\/\/arantv.az\/wp-content\/uploads\/2020\/02\/58178610-def0-4c7b-9a20-ccdc12d6392c.jpg",620,347,false],"thumbnail":["https:\/\/arantv.az\/wp-content\/uploads\/2020\/02\/58178610-def0-4c7b-9a20-ccdc12d6392c-150x150.jpg",150,150,true],"medium":["https:\/\/arantv.az\/wp-content\/uploads\/2020\/02\/58178610-def0-4c7b-9a20-ccdc12d6392c-300x168.jpg",300,168,true],"large":["https:\/\/arantv.az\/wp-content\/uploads\/2020\/02\/58178610-def0-4c7b-9a20-ccdc12d6392c.jpg",620,347,false],"1536x1536":["https:\/\/arantv.az\/wp-content\/uploads\/2020\/02\/58178610-def0-4c7b-9a20-ccdc12d6392c.jpg",620,347,false],"2048x2048":["https:\/\/arantv.az\/wp-content\/uploads\/2020\/02\/58178610-def0-4c7b-9a20-ccdc12d6392c.jpg",620,347,false],"post-thumbnail":["https:\/\/arantv.az\/wp-content\/uploads\/2020\/02\/58178610-def0-4c7b-9a20-ccdc12d6392c-240x172.jpg",240,172,true],"advps-thumb-one":["https:\/\/arantv.az\/wp-content\/uploads\/2020\/02\/58178610-def0-4c7b-9a20-ccdc12d6392c.jpg",620,347,false]},"rttpg_author":{"display_name":"V\u00fcsal Rafiqo\u011flu","author_link":"https:\/\/arantv.az\/?author=2"},"rttpg_comment":0,"rttpg_category":"<a href=\"https:\/\/arantv.az\/?cat=4\" rel=\"category\">Siyas\u0259t<\/a>","rttpg_excerpt":"Rusiyan\u0131n Tula D\u00f6vl\u0259t Silah Muzeyind\u0259 yerl\u0259\u015fdiril\u0259n Az\u0259rbaycan\u0131n t\u0259hrif edilmi\u015f x\u0259rit\u0259si muzeyd\u0259n y\u0131\u011f\u0131\u015fd\u0131r\u0131l\u0131b. Bu bar\u0259d\u0259\u00a0Report-a Az\u0259rbaycan\u0131n Moskvadak\u0131 s\u0259firliyind\u0259n m\u0259lumat verilib. \u201cBir s\u0131ra x\u0259b\u0259r saytlar\u0131nda Rusiya Federasiyas\u0131n\u0131n Tula D\u00f6vl\u0259t Silah muzeyind\u0259 Az\u0259rbaycan Respublikas\u0131n\u0131n t\u0259hrif edilmi\u015f x\u0259rit\u0259sinin yerl\u0259\u015fdirildiyi il\u0259 ba\u011fl\u0131 m\u0259lumat yay\u0131mlan\u0131b. S\u0259firliyin m\u0259s\u0259l\u0259y\u0259 m\u00fcdaxil\u0259sind\u0259n v\u0259 muzey r\u0259hb\u0259rliyin\u0259 \u00f6lk\u0259mizin \u0259razi b\u00fct\u00f6vl\u00fcy\u00fcn\u00fcn pozulmas\u0131n\u0131n q\u0259buledilm\u0259zliyinin izah edilm\u0259sind\u0259n d\u0259rhal sonra qar\u015f\u0131&hellip;","_links":{"self":[{"href":"https:\/\/arantv.az\/index.php?rest_route=\/wp\/v2\/posts\/131491"}],"collection":[{"href":"https:\/\/arantv.az\/index.php?rest_route=\/wp\/v2\/posts"}],"about":[{"href":"https:\/\/arantv.az\/index.php?rest_route=\/wp\/v2\/types\/post"}],"author":[{"embeddable":true,"href":"https:\/\/arantv.az\/index.php?rest_route=\/wp\/v2\/users\/2"}],"replies":[{"embeddable":true,"href":"https:\/\/arantv.az\/index.php?rest_route=%2Fwp%2Fv2%2Fcomments&post=131491"}],"version-history":[{"count":0,"href":"https:\/\/arantv.az\/index.php?rest_route=\/wp\/v2\/posts\/131491\/revisions"}],"wp:featuredmedia":[{"embeddable":true,"href":"https:\/\/arantv.az\/index.php?rest_route=\/wp\/v2\/media\/131492"}],"wp:attachment":[{"href":"https:\/\/arantv.az\/index.php?rest_route=%2Fwp%2Fv2%2Fmedia&parent=131491"}],"wp:term":[{"taxonomy":"category","embeddable":true,"href":"https:\/\/arantv.az\/index.php?rest_route=%2Fwp%2Fv2%2Fcategories&post=131491"},{"taxonomy":"post_tag","embeddable":true,"href":"https:\/\/arantv.az\/index.php?rest_route=%2Fwp%2Fv2%2Ftags&post=131491"}],"curies":[{"name":"wp","href":"https:\/\/api.w.org\/{rel}","templated":true}]}}