{"id":1315,"date":"2018-07-26T14:52:43","date_gmt":"2018-07-26T11:52:43","guid":{"rendered":"http:\/\/arantv.az\/?p=1315"},"modified":"2018-07-26T14:52:43","modified_gmt":"2018-07-26T11:52:43","slug":"buna-nailiyy%c9%99timiz-kimi-baxmaliyiq","status":"publish","type":"post","link":"https:\/\/arantv.az\/?p=1315","title":{"rendered":"&#8220;Buna nailiyy\u0259timiz kimi baxmal\u0131y\u0131q&#8221;"},"content":{"rendered":"<blockquote>\n<h4><strong><em>Az\u0259rbaycan\u0131n indiy\u0259d\u0259k ke\u00e7irdiyi b\u00fct\u00fcn beyn\u0259lxalq miqyasl\u0131 t\u0259dbirl\u0259r \u00f6lk\u0259mizin b\u00f6y\u00fck t\u0259skilat\u00e7\u0131l\u0131q i\u015fi il\u0259 b\u0259rab\u0259r, h\u0259m d\u0259 ona g\u00f6r\u0259 u\u011fur qazan\u0131b ki, irqi, milli, dini f\u0259rql\u0259rl\u0259 yana\u015fmalara q\u0259ti \u015f\u0259kild\u0259 yol verilm\u0259yib v\u0259 humanitar, b\u0259\u015f\u0259ri prinsipl\u0259r\u0259 birm\u0259nal\u0131 \u015f\u0259kild\u0259 \u00fcst\u00fcnl\u00fck verilib.<\/em><\/strong><\/h4>\n<\/blockquote>\n<p><strong>ARANTV.AZ<\/strong> x\u0259b\u0259r verir ki, bunu TREND-\u0259 &#8220;Bak\u0131 X\u0259b\u0259r&#8221; q\u0259zetinin ba\u015f redaktoru Ayd\u0131n Quliyev erm\u0259ni \u0259silli Zara Mqoyan\u0131n &#8220;Jara&#8221; festival\u0131nda i\u015ftirak etm\u0259sin\u0259 m\u00fcnasib\u0259tini a\u00e7\u0131qlayark\u0259n deyib.<\/p>\n<p>A.Quliyev bildirib ki, Az\u0259rbaycan\u0131n sahiblik etdiyi b\u00fct\u00fcn beyn\u0259lxalq t\u0259dbirl\u0259r \u00f6lk\u0259mizin nail oldu\u011fu tolerant d\u0259y\u0259rl\u0259rd\u0259n \u00e7\u0131xan k\u00f6kl\u00fc fenomen kimi n\u00fcmayi\u015f etdirilib: &#8220;Jara&#8221; beyn\u0259lxalq mahn\u0131 festival\u0131na da bu kontekstd\u0259 baxmaq laz\u0131md\u0131r. Bel\u0259 t\u0259dbirl\u0259r \u00f6lk\u0259mizin m\u0259n\u0259vi, iqtisadi, siyasi, demoqrafik g\u00fcc\u00fcn\u00fcn n\u00fcmayi\u015f etdirilm\u0259si \u00fc\u00e7\u00fcn \u0259la imkand\u0131r. Dostlar\u0131n da, biz\u0259 dost kimi baxmayanlar\u0131n da \u00f6lk\u0259mizin sahiblik etdiyi t\u0259dbirl\u0259rd\u0259 i\u015ftirak\u0131 \u00f6lk\u0259mizin ancaq maraqlar\u0131na i\u015fl\u0259yir. \u00c7oxlu faktlar g\u0259tirm\u0259kl\u0259 s\u00fcb\u00fct etm\u0259k olar ki, hans\u0131sa bir olk\u0259y\u0259 \u00f6nc\u0259d\u0259n pis niyy\u0259tl\u0259 g\u0259l\u0259n adi, h\u0259tta tan\u0131nm\u0131\u015f adamlar reall\u0131\u011f\u0131n t\u0259siri alt\u0131nda fikirl\u0259rini d\u0259yi\u015fibl\u0259r, h\u0259m d\u0259 m\u00fcsb\u0259t t\u0259r\u0259f\u0259 d\u0259yi\u015fibl\u0259r&#8221;.<\/p>\n<p>Ekspertin s\u00f6zl\u0259rin\u0259 g\u00f6r\u0259, Az\u0259rbaycan\u0131n bir s\u0131ra beyn\u0259lxalq t\u0259dbirl\u0259r\u0259 ev sahibliyi etm\u0259si t\u0259k bir iddia il\u0259 ba\u011fl\u0131d\u0131r: &#8220;Bu iddia dostlar\u0131m\u0131z\u0131 \u00f6z\u00fcm\u00fcz\u0259 daha \u00e7ox yax\u0131nla\u015fd\u0131rmaq, b\u0259dxah v\u0259 d\u00fc\u015fm\u0259n kimi baxanlar\u0131n t\u0259s\u0259vv\u00fcrl\u0259rini d\u0259yi\u015fm\u0259k, bununla da \u00f6lk\u0259mizin d\u00fcnyada manevr meydan\u0131n\u0131 geni\u015fl\u0259ndirm\u0259kdir. Ortada bu q\u0259d\u0259r ayd\u0131n v\u0259 uzaq h\u0259d\u0259fl\u0259r\u0259 i\u015fl\u0259y\u0259n m\u0259qs\u0259d varsa, \u00f6lk\u0259miz\u0259 h\u0259r bir \u0259cn\u0259binin qanuni \u015f\u0259kild\u0259 edil\u0259n s\u0259f\u0259rin\u0259 bel\u0259 baxmal\u0131y\u0131q. H\u0259qiq\u0259t\u0259n d\u0259 Az\u0259rbaycan\u0131n tolerant v\u0259 inkluziv c\u0259miyy\u0259tind\u0259 xarici \u00f6lk\u0259l\u0259rd\u0259n g\u0259l\u0259nl\u0259rin ist\u0259r idman\u00e7\u0131, m\u00fc\u011f\u0259nni v\u0259 ya diplomat olsun, f\u0259rq etm\u0259z, davran\u0131\u015f v\u0259 bax\u0131\u015flar\u0131 t\u0259kmill\u0259\u015firs\u0259, v\u0259 ya m\u00fcsb\u0259t\u0259 do\u011fru d\u0259yi\u015filirs\u0259, biz buna b\u00f6y\u00fck nailiyy\u0259timiz kimi baxmal\u0131y\u0131q. Pis hesab etdiyin qona\u011f\u0131n \u00fcz\u00fcn\u0259 qap\u0131 ba\u011flamaq \u0259n b\u0259sit, \u0259n emosional, \u0259n d\u00fc\u015f\u00fcnc\u0259siz v\u0259 \u0259n ziyanl\u0131 davran\u0131\u015fd\u0131r. Az\u0259rbaycan he\u00e7 vaxt bel\u0259 z\u0259if m\u00f6vqe g\u00f6st\u0259rm\u0259yib v\u0259 y\u0259qin g\u00f6st\u0259rm\u0259y\u0259c\u0259k d\u0259&#8221;.<\/p>\n<p>Ba\u015f redaktor qeyd edib ki, \u00f6lk\u0259miz qanunlar\u0131n v\u0259 m\u00fcvafiq d\u00f6vl\u0259t orqanlar\u0131n\u0131n tam n\u0259zar\u0259ti alt\u0131nda h\u0259r k\u0259sin \u00fcz\u00fcn\u0259 a\u00e7\u0131qd\u0131r: &#8220;Kiml\u0259rd\u0259ns\u0259 gizl\u0259dil\u0259si eybimiz v\u0259 ya kiml\u0259rins\u0259 qar\u015f\u0131s\u0131nda arqumentsiz bir d\u00f6vl\u0259t m\u00f6vqeyimiz yoxdur. &#8220;Jara&#8221; festival\u0131na dostlar\u0131m\u0131z\u0131 daha da yax\u0131nla\u015fd\u0131ran, b\u0259dxahlar\u0131m\u0131z\u0131 islah ed\u0259n, tan\u0131mayanlara \u00f6lk\u0259mizin tan\u0131nmas\u0131 \u00fc\u00e7\u00fcn real bir arena kimi bax\u0131lmal\u0131d\u0131r. Az\u0259rbaycana dostlar da d\u00fc\u015fm\u0259nl\u0259r d\u0259 g\u0259l\u0259 bil\u0259r, ancaq o\u011fru kimi v\u0259 gizli yox, d\u00f6vl\u0259timizin tam n\u0259zar\u0259ti alt\u0131nda g\u0259lib getm\u0259lidirl\u0259r&#8221;.<\/p>\n","protected":false},"excerpt":{"rendered":"<p>Az\u0259rbaycan\u0131n indiy\u0259d\u0259k ke\u00e7irdiyi b\u00fct\u00fcn beyn\u0259lxalq miqyasl\u0131 t\u0259dbirl\u0259r \u00f6lk\u0259mizin b\u00f6y\u00fck t\u0259skilat\u00e7\u0131l\u0131q i\u015fi il\u0259 b\u0259rab\u0259r, h\u0259m d\u0259 ona g\u00f6r\u0259 u\u011fur qazan\u0131b ki, irqi, milli, dini f\u0259rql\u0259rl\u0259 yana\u015fmalara q\u0259ti \u015f\u0259kild\u0259 yol verilm\u0259yib v\u0259 humanitar, b\u0259\u015f\u0259ri prinsipl\u0259r\u0259 birm\u0259nal\u0131 \u015f\u0259kild\u0259 \u00fcst\u00fcnl\u00fck verilib. ARANTV.AZ x\u0259b\u0259r verir ki, bunu TREND-\u0259 &#8220;Bak\u0131 X\u0259b\u0259r&#8221; q\u0259zetinin ba\u015f redaktoru Ayd\u0131n Quliyev erm\u0259ni \u0259silli Zara Mqoyan\u0131n &#8220;Jara&#8221; festival\u0131nda i\u015ftirak etm\u0259sin\u0259 m\u00fcnasib\u0259tini a\u00e7\u0131qlayark\u0259n deyib. A.Quliyev bildirib ki, Az\u0259rbaycan\u0131n sahiblik etdiyi b\u00fct\u00fcn beyn\u0259lxalq t\u0259dbirl\u0259r \u00f6lk\u0259mizin nail oldu\u011fu tolerant d\u0259y\u0259rl\u0259rd\u0259n \u00e7\u0131xan k\u00f6kl\u00fc fenomen kimi n\u00fcmayi\u015f etdirilib: &#8220;Jara&#8221; beyn\u0259lxalq mahn\u0131 festival\u0131na da bu kontekstd\u0259 baxmaq laz\u0131md\u0131r.&hellip;<\/p>\n","protected":false},"author":2,"featured_media":1316,"comment_status":"open","ping_status":"open","sticky":false,"template":"","format":"standard","meta":{"om_disable_all_campaigns":false,"_monsterinsights_skip_tracking":false,"_monsterinsights_sitenote_active":false,"_monsterinsights_sitenote_note":"","_monsterinsights_sitenote_category":0},"categories":[19],"tags":[],"aioseo_notices":[],"gutentor_comment":0,"rttpg_featured_image_url":{"full":["https:\/\/arantv.az\/wp-content\/uploads\/2018\/07\/aydin_quliyev_0582.jpg",800,600,false],"landscape":["https:\/\/arantv.az\/wp-content\/uploads\/2018\/07\/aydin_quliyev_0582.jpg",800,600,false],"portraits":["https:\/\/arantv.az\/wp-content\/uploads\/2018\/07\/aydin_quliyev_0582.jpg",800,600,false],"thumbnail":["https:\/\/arantv.az\/wp-content\/uploads\/2018\/07\/aydin_quliyev_0582-150x150.jpg",150,150,true],"medium":["https:\/\/arantv.az\/wp-content\/uploads\/2018\/07\/aydin_quliyev_0582-300x225.jpg",300,225,true],"large":["https:\/\/arantv.az\/wp-content\/uploads\/2018\/07\/aydin_quliyev_0582.jpg",640,480,false],"1536x1536":["https:\/\/arantv.az\/wp-content\/uploads\/2018\/07\/aydin_quliyev_0582.jpg",800,600,false],"2048x2048":["https:\/\/arantv.az\/wp-content\/uploads\/2018\/07\/aydin_quliyev_0582.jpg",800,600,false],"post-thumbnail":["https:\/\/arantv.az\/wp-content\/uploads\/2018\/07\/aydin_quliyev_0582.jpg",229,172,false],"advps-thumb-one":["https:\/\/arantv.az\/wp-content\/uploads\/2018\/07\/aydin_quliyev_0582.jpg",800,600,false]},"rttpg_author":{"display_name":"V\u00fcsal Rafiqo\u011flu","author_link":"https:\/\/arantv.az\/?author=2"},"rttpg_comment":0,"rttpg_category":"<a href=\"https:\/\/arantv.az\/?cat=19\" rel=\"category\">G\u00fcnd\u0259m<\/a>","rttpg_excerpt":"Az\u0259rbaycan\u0131n indiy\u0259d\u0259k ke\u00e7irdiyi b\u00fct\u00fcn beyn\u0259lxalq miqyasl\u0131 t\u0259dbirl\u0259r \u00f6lk\u0259mizin b\u00f6y\u00fck t\u0259skilat\u00e7\u0131l\u0131q i\u015fi il\u0259 b\u0259rab\u0259r, h\u0259m d\u0259 ona g\u00f6r\u0259 u\u011fur qazan\u0131b ki, irqi, milli, dini f\u0259rql\u0259rl\u0259 yana\u015fmalara q\u0259ti \u015f\u0259kild\u0259 yol verilm\u0259yib v\u0259 humanitar, b\u0259\u015f\u0259ri prinsipl\u0259r\u0259 birm\u0259nal\u0131 \u015f\u0259kild\u0259 \u00fcst\u00fcnl\u00fck verilib. ARANTV.AZ x\u0259b\u0259r verir ki, bunu TREND-\u0259 &#8220;Bak\u0131 X\u0259b\u0259r&#8221; q\u0259zetinin ba\u015f redaktoru Ayd\u0131n Quliyev erm\u0259ni \u0259silli Zara Mqoyan\u0131n &#8220;Jara&#8221;&hellip;","_links":{"self":[{"href":"https:\/\/arantv.az\/index.php?rest_route=\/wp\/v2\/posts\/1315"}],"collection":[{"href":"https:\/\/arantv.az\/index.php?rest_route=\/wp\/v2\/posts"}],"about":[{"href":"https:\/\/arantv.az\/index.php?rest_route=\/wp\/v2\/types\/post"}],"author":[{"embeddable":true,"href":"https:\/\/arantv.az\/index.php?rest_route=\/wp\/v2\/users\/2"}],"replies":[{"embeddable":true,"href":"https:\/\/arantv.az\/index.php?rest_route=%2Fwp%2Fv2%2Fcomments&post=1315"}],"version-history":[{"count":0,"href":"https:\/\/arantv.az\/index.php?rest_route=\/wp\/v2\/posts\/1315\/revisions"}],"wp:featuredmedia":[{"embeddable":true,"href":"https:\/\/arantv.az\/index.php?rest_route=\/wp\/v2\/media\/1316"}],"wp:attachment":[{"href":"https:\/\/arantv.az\/index.php?rest_route=%2Fwp%2Fv2%2Fmedia&parent=1315"}],"wp:term":[{"taxonomy":"category","embeddable":true,"href":"https:\/\/arantv.az\/index.php?rest_route=%2Fwp%2Fv2%2Fcategories&post=1315"},{"taxonomy":"post_tag","embeddable":true,"href":"https:\/\/arantv.az\/index.php?rest_route=%2Fwp%2Fv2%2Ftags&post=1315"}],"curies":[{"name":"wp","href":"https:\/\/api.w.org\/{rel}","templated":true}]}}