{"id":131551,"date":"2020-02-19T11:47:23","date_gmt":"2020-02-19T08:47:23","guid":{"rendered":"http:\/\/arantv.az\/?p=131551"},"modified":"2020-02-19T11:47:23","modified_gmt":"2020-02-19T08:47:23","slug":"v%c9%99t%c9%99ndaslarin-olk%c9%99-r%c9%99hb%c9%99rin%c9%99-inami-boyukdur","status":"publish","type":"post","link":"https:\/\/arantv.az\/?p=131551","title":{"rendered":"V\u0259t\u0259nda\u015flar\u0131n \u00f6lk\u0259 r\u0259hb\u0259rin\u0259 inam\u0131 b\u00f6y\u00fckd\u00fcr"},"content":{"rendered":"<p><strong>Prezidentin d\u00f6vl\u0259t qurumlar\u0131n\u0131n f\u0259aliyy\u0259tini xalq\u0131n probleml\u0259rinin\u00a0h\u0259llin\u0259 y\u00f6n\u0259ltm\u0259si \u00f6lk\u0259 r\u0259hb\u0259rin\u0259 inam\u0131 g\u00fccl\u0259ndirir<\/strong><\/p>\n<p>Prezident Administrasiyas\u0131na daxil olan m\u00fcraci\u0259tl\u0259rin v\u0259t\u0259nda\u015flar\u0131m\u0131z\u0131n g\u00fcnd\u0259lik h\u0259yatda qar\u015f\u0131la\u015fd\u0131qlar\u0131 \u00e7\u0259tinlikl\u0259rin aradan qald\u0131r\u0131lmas\u0131nda d\u00f6vl\u0259tin d\u0259st\u0259yin\u0259 \u00fcmidind\u0259n, \u00f6z Prezidentin\u0259, \u00f6z d\u00f6vl\u0259tin\u0259 g\u00fcv\u0259nc v\u0259 inam\u0131ndan yarand\u0131\u011f\u0131n\u0131 des\u0259k, s\u0259hv etm\u0259rik. V\u0259t\u0259nda\u015flar d\u00f6vl\u0259t ba\u015f\u00e7\u0131s\u0131n\u0131n y\u00fcr\u00fctd\u00fcy\u00fc sosial siyas\u0259td\u0259n raz\u0131l\u0131qlar\u0131n\u0131 bildirir, \u00f6zl\u0259rinin \u015f\u0259xsi probleml\u0259rinin v\u0259 sosial m\u0259s\u0259l\u0259l\u0259rinin h\u0259llind\u0259 \u00f6lk\u0259nin m\u00f6vcud imkanlar\u0131ndan b\u0259hr\u0259l\u0259nm\u0259y\u0259 \u00e7al\u0131\u015f\u0131r, abadl\u0131q v\u0259 tikinti i\u015fl\u0259rinin h\u0259yata ke\u00e7irilm\u0259sind\u0259, insan h\u0259yat\u0131 \u00fc\u00e7\u00fcn z\u0259ruri olan infrastrukturun yarad\u0131lmas\u0131nda \u00f6z d\u00f6vl\u0259tl\u0259rin\u0259 arxalan\u0131rlar.<\/p>\n<p><strong>Bu fikirl\u0259r Az\u0259rbaycan Respublikas\u0131 Prezidenti Administrasiyas\u0131n\u0131n V\u0259t\u0259nda\u015flar\u0131n m\u00fcraci\u0259tl\u0259ri il\u0259 i\u015f \u015f\u00f6b\u0259sinin m\u00fcdiri S\u00fcleyman \u0130smay\u0131lovun \u201cAz\u0259rbaycan Prezidentinin d\u0259rin islahatlar\u0131 v\u0259t\u0259nda\u015f m\u00fcraci\u0259tl\u0259rind\u0259 qald\u0131r\u0131lan m\u0259s\u0259l\u0259l\u0259rin h\u0259llin\u0259 b\u00f6y\u00fck inam yarad\u0131r\u201d adl\u0131 m\u0259qal\u0259sind\u0259 \u00f6z \u0259ksini tap\u0131b.<\/strong><\/p>\n<p>M\u0259qal\u0259d\u0259 bildirilir ki, Az\u0259rbaycan Prezidentinin b\u00fct\u00fcn d\u00f6vl\u0259t qurumlar\u0131n\u0131n f\u0259aliyy\u0259tini xalq\u0131n probleml\u0259rinin h\u0259llin\u0259, h\u0259yat\u0131n\u0131n yax\u015f\u0131la\u015fd\u0131r\u0131lmas\u0131na y\u00f6n\u0259ltm\u0259si, \u00f6lk\u0259nin t\u0259bii s\u0259rv\u0259tl\u0259rind\u0259n \u0259ld\u0259 olunan g\u0259lirl\u0259rin onun iqtisadi inki\u015faf\u0131na s\u0259rf edilm\u0259si, ictimai-siyasi sabitliyi t\u0259min ed\u0259n daxili siyas\u0259tin u\u011furla davam etdirilm\u0259si v\u0259t\u0259nda\u015flar\u0131n \u00f6lk\u0259 r\u0259hb\u0259rin\u0259 inam\u0131n\u0131 daim g\u00fccl\u0259ndirir.<\/p>\n<p>Az\u0259rbaycanda uzun ill\u0259rdir apar\u0131lan sosialy\u00f6n\u00fcml\u00fc siyas\u0259t, \u0259halinin \u00f6z g\u00fcz\u0259ran\u0131n\u0131 t\u0259min etm\u0259k \u00fc\u00e7\u00fcn sahibkarl\u0131q f\u0259aliyy\u0259ti il\u0259 m\u0259\u015f\u011ful olmas\u0131na \u015f\u0259rait yarad\u0131lmas\u0131, g\u00fcnd\u0259n-g\u00fcn\u0259 artan insan resurslar\u0131m\u0131z\u0131n \u00f6lk\u0259nin q\u00fcdr\u0259tini art\u0131rmaq \u00fc\u00e7\u00fcn s\u0259f\u0259rb\u0259r edilm\u0259si h\u0259mi\u015f\u0259 diqq\u0259t m\u0259rk\u0259zind\u0259 saxlan\u0131l\u0131r.<\/p>\n<p>M\u00fc\u0259llif vur\u011fulay\u0131r ki, d\u00f6vl\u0259timizin ba\u015f\u00e7\u0131s\u0131 \u00f6lk\u0259nin t\u0259bii resurslar\u0131ndan v\u0259 dig\u0259r imkanlar\u0131ndan s\u0259m\u0259r\u0259li istifad\u0259 etm\u0259kl\u0259 yeni i\u015f yerl\u0259rinin yarad\u0131lmas\u0131n\u0131, i\u015fsizliyin minimuma endirilm\u0259sini sosial m\u0259s\u0259l\u0259l\u0259rin h\u0259llind\u0259 prioritet amill\u0259rd\u0259n biri hesab edir.<\/p>\n","protected":false},"excerpt":{"rendered":"<p>Prezidentin d\u00f6vl\u0259t qurumlar\u0131n\u0131n f\u0259aliyy\u0259tini xalq\u0131n probleml\u0259rinin\u00a0h\u0259llin\u0259 y\u00f6n\u0259ltm\u0259si \u00f6lk\u0259 r\u0259hb\u0259rin\u0259 inam\u0131 g\u00fccl\u0259ndirir Prezident Administrasiyas\u0131na daxil olan m\u00fcraci\u0259tl\u0259rin v\u0259t\u0259nda\u015flar\u0131m\u0131z\u0131n g\u00fcnd\u0259lik h\u0259yatda qar\u015f\u0131la\u015fd\u0131qlar\u0131 \u00e7\u0259tinlikl\u0259rin aradan qald\u0131r\u0131lmas\u0131nda d\u00f6vl\u0259tin d\u0259st\u0259yin\u0259 \u00fcmidind\u0259n, \u00f6z Prezidentin\u0259, \u00f6z d\u00f6vl\u0259tin\u0259 g\u00fcv\u0259nc v\u0259 inam\u0131ndan yarand\u0131\u011f\u0131n\u0131 des\u0259k, s\u0259hv etm\u0259rik. V\u0259t\u0259nda\u015flar d\u00f6vl\u0259t ba\u015f\u00e7\u0131s\u0131n\u0131n y\u00fcr\u00fctd\u00fcy\u00fc sosial siyas\u0259td\u0259n raz\u0131l\u0131qlar\u0131n\u0131 bildirir, \u00f6zl\u0259rinin \u015f\u0259xsi probleml\u0259rinin v\u0259 sosial m\u0259s\u0259l\u0259l\u0259rinin h\u0259llind\u0259 \u00f6lk\u0259nin m\u00f6vcud imkanlar\u0131ndan b\u0259hr\u0259l\u0259nm\u0259y\u0259 \u00e7al\u0131\u015f\u0131r, abadl\u0131q v\u0259 tikinti i\u015fl\u0259rinin h\u0259yata ke\u00e7irilm\u0259sind\u0259, insan h\u0259yat\u0131 \u00fc\u00e7\u00fcn z\u0259ruri olan infrastrukturun yarad\u0131lmas\u0131nda \u00f6z d\u00f6vl\u0259tl\u0259rin\u0259 arxalan\u0131rlar. Bu fikirl\u0259r Az\u0259rbaycan Respublikas\u0131 Prezidenti Administrasiyas\u0131n\u0131n V\u0259t\u0259nda\u015flar\u0131n m\u00fcraci\u0259tl\u0259ri il\u0259 i\u015f \u015f\u00f6b\u0259sinin m\u00fcdiri S\u00fcleyman \u0130smay\u0131lovun \u201cAz\u0259rbaycan Prezidentinin d\u0259rin&hellip;<\/p>\n","protected":false},"author":2,"featured_media":131552,"comment_status":"closed","ping_status":"closed","sticky":false,"template":"","format":"standard","meta":{"om_disable_all_campaigns":false,"_monsterinsights_skip_tracking":false,"_monsterinsights_sitenote_active":false,"_monsterinsights_sitenote_note":"","_monsterinsights_sitenote_category":0},"categories":[4],"tags":[],"aioseo_notices":[],"gutentor_comment":0,"rttpg_featured_image_url":{"full":["https:\/\/arantv.az\/wp-content\/uploads\/2020\/02\/3209d896d013fb76cd44024e3b2900bc_108494_59.jpg",975,540,false],"landscape":["https:\/\/arantv.az\/wp-content\/uploads\/2020\/02\/3209d896d013fb76cd44024e3b2900bc_108494_59.jpg",975,540,false],"portraits":["https:\/\/arantv.az\/wp-content\/uploads\/2020\/02\/3209d896d013fb76cd44024e3b2900bc_108494_59.jpg",975,540,false],"thumbnail":["https:\/\/arantv.az\/wp-content\/uploads\/2020\/02\/3209d896d013fb76cd44024e3b2900bc_108494_59-150x150.jpg",150,150,true],"medium":["https:\/\/arantv.az\/wp-content\/uploads\/2020\/02\/3209d896d013fb76cd44024e3b2900bc_108494_59-300x166.jpg",300,166,true],"large":["https:\/\/arantv.az\/wp-content\/uploads\/2020\/02\/3209d896d013fb76cd44024e3b2900bc_108494_59.jpg",640,354,false],"1536x1536":["https:\/\/arantv.az\/wp-content\/uploads\/2020\/02\/3209d896d013fb76cd44024e3b2900bc_108494_59.jpg",975,540,false],"2048x2048":["https:\/\/arantv.az\/wp-content\/uploads\/2020\/02\/3209d896d013fb76cd44024e3b2900bc_108494_59.jpg",975,540,false],"post-thumbnail":["https:\/\/arantv.az\/wp-content\/uploads\/2020\/02\/3209d896d013fb76cd44024e3b2900bc_108494_59-240x172.jpg",240,172,true],"advps-thumb-one":["https:\/\/arantv.az\/wp-content\/uploads\/2020\/02\/3209d896d013fb76cd44024e3b2900bc_108494_59.jpg",975,540,false]},"rttpg_author":{"display_name":"V\u00fcsal Rafiqo\u011flu","author_link":"https:\/\/arantv.az\/?author=2"},"rttpg_comment":0,"rttpg_category":"<a href=\"https:\/\/arantv.az\/?cat=4\" rel=\"category\">Siyas\u0259t<\/a>","rttpg_excerpt":"Prezidentin d\u00f6vl\u0259t qurumlar\u0131n\u0131n f\u0259aliyy\u0259tini xalq\u0131n probleml\u0259rinin\u00a0h\u0259llin\u0259 y\u00f6n\u0259ltm\u0259si \u00f6lk\u0259 r\u0259hb\u0259rin\u0259 inam\u0131 g\u00fccl\u0259ndirir Prezident Administrasiyas\u0131na daxil olan m\u00fcraci\u0259tl\u0259rin v\u0259t\u0259nda\u015flar\u0131m\u0131z\u0131n g\u00fcnd\u0259lik h\u0259yatda qar\u015f\u0131la\u015fd\u0131qlar\u0131 \u00e7\u0259tinlikl\u0259rin aradan qald\u0131r\u0131lmas\u0131nda d\u00f6vl\u0259tin d\u0259st\u0259yin\u0259 \u00fcmidind\u0259n, \u00f6z Prezidentin\u0259, \u00f6z d\u00f6vl\u0259tin\u0259 g\u00fcv\u0259nc v\u0259 inam\u0131ndan yarand\u0131\u011f\u0131n\u0131 des\u0259k, s\u0259hv etm\u0259rik. V\u0259t\u0259nda\u015flar d\u00f6vl\u0259t ba\u015f\u00e7\u0131s\u0131n\u0131n y\u00fcr\u00fctd\u00fcy\u00fc sosial siyas\u0259td\u0259n raz\u0131l\u0131qlar\u0131n\u0131 bildirir, \u00f6zl\u0259rinin \u015f\u0259xsi probleml\u0259rinin v\u0259 sosial m\u0259s\u0259l\u0259l\u0259rinin h\u0259llind\u0259 \u00f6lk\u0259nin m\u00f6vcud imkanlar\u0131ndan&hellip;","_links":{"self":[{"href":"https:\/\/arantv.az\/index.php?rest_route=\/wp\/v2\/posts\/131551"}],"collection":[{"href":"https:\/\/arantv.az\/index.php?rest_route=\/wp\/v2\/posts"}],"about":[{"href":"https:\/\/arantv.az\/index.php?rest_route=\/wp\/v2\/types\/post"}],"author":[{"embeddable":true,"href":"https:\/\/arantv.az\/index.php?rest_route=\/wp\/v2\/users\/2"}],"replies":[{"embeddable":true,"href":"https:\/\/arantv.az\/index.php?rest_route=%2Fwp%2Fv2%2Fcomments&post=131551"}],"version-history":[{"count":0,"href":"https:\/\/arantv.az\/index.php?rest_route=\/wp\/v2\/posts\/131551\/revisions"}],"wp:featuredmedia":[{"embeddable":true,"href":"https:\/\/arantv.az\/index.php?rest_route=\/wp\/v2\/media\/131552"}],"wp:attachment":[{"href":"https:\/\/arantv.az\/index.php?rest_route=%2Fwp%2Fv2%2Fmedia&parent=131551"}],"wp:term":[{"taxonomy":"category","embeddable":true,"href":"https:\/\/arantv.az\/index.php?rest_route=%2Fwp%2Fv2%2Fcategories&post=131551"},{"taxonomy":"post_tag","embeddable":true,"href":"https:\/\/arantv.az\/index.php?rest_route=%2Fwp%2Fv2%2Ftags&post=131551"}],"curies":[{"name":"wp","href":"https:\/\/api.w.org\/{rel}","templated":true}]}}