{"id":13165,"date":"2018-09-13T13:37:59","date_gmt":"2018-09-13T10:37:59","guid":{"rendered":"http:\/\/arantv.az\/?p=13165"},"modified":"2018-09-13T13:37:59","modified_gmt":"2018-09-13T10:37:59","slug":"at%c9%99t-pa-nin-c%c9%99nubi-qafqaz-uzr%c9%99-yeni-xususi-numay%c9%99nd%c9%99sinin-t%c9%99yin-olunacagi-gozl%c9%99nilir","status":"publish","type":"post","link":"https:\/\/arantv.az\/?p=13165","title":{"rendered":"AT\u018fT PA-n\u0131n C\u0259nubi Qafqaz \u00fczr\u0259 yeni x\u00fcsusi n\u00fcmay\u0259nd\u0259sinin t\u0259yin olunaca\u011f\u0131 g\u00f6zl\u0259nilir"},"content":{"rendered":"<p><strong>AT\u018fT Parlament Assambleyas\u0131n\u0131n prezidenti Georgi Seretelinin C\u0259nubi Qafqaz \u00fczr\u0259 yeni x\u00fcsusi n\u00fcmay\u0259nd\u0259sini t\u0259yin ed\u0259c\u0259yi g\u00f6zl\u0259nilir. Bu bar\u0259d\u0259 AT\u018fT-in sayt\u0131nda yerl\u0259\u015fdirilmi\u015f b\u0259yanatda deyilir.<\/strong><\/p>\n<p><strong>ARANTV.AZ<\/strong> x\u0259b\u0259r verir ki, trend-in bu v\u0259zif\u0259y\u0259 namiz\u0259dl\u0259r bar\u0259d\u0259 sual\u0131na cavab ver\u0259n AT\u018fT PA-n\u0131n n\u00fcmay\u0259nd\u0259si Net Parri bildirib ki, haz\u0131rda G.Sereteli m\u00fcmk\u00fcn variantlar\u0131 n\u0259z\u0259rd\u0259n ke\u00e7irir, h\u0259l\u0259lik t\u0259yinat \u00fc\u00e7\u00fcn m\u00fc\u0259yy\u0259n vaxt \u00e7\u0259r\u00e7iv\u0259si yoxdur.<\/p>\n<p>Qeyd ed\u0259k ki, daha \u0259vv\u0259l bu v\u0259zif\u0259nu tutan bolqar\u0131stanl\u0131 siyas\u0259t\u00e7i Kristian Vigenin 2018-ci ilin fevral\u0131nda istefa vermi\u015fdi.<\/p>\n","protected":false},"excerpt":{"rendered":"<p>AT\u018fT Parlament Assambleyas\u0131n\u0131n prezidenti Georgi Seretelinin C\u0259nubi Qafqaz \u00fczr\u0259 yeni x\u00fcsusi n\u00fcmay\u0259nd\u0259sini t\u0259yin ed\u0259c\u0259yi g\u00f6zl\u0259nilir. Bu bar\u0259d\u0259 AT\u018fT-in sayt\u0131nda yerl\u0259\u015fdirilmi\u015f b\u0259yanatda deyilir. ARANTV.AZ x\u0259b\u0259r verir ki, trend-in bu v\u0259zif\u0259y\u0259 namiz\u0259dl\u0259r bar\u0259d\u0259 sual\u0131na cavab ver\u0259n AT\u018fT PA-n\u0131n n\u00fcmay\u0259nd\u0259si Net Parri bildirib ki, haz\u0131rda G.Sereteli m\u00fcmk\u00fcn variantlar\u0131 n\u0259z\u0259rd\u0259n ke\u00e7irir, h\u0259l\u0259lik t\u0259yinat \u00fc\u00e7\u00fcn m\u00fc\u0259yy\u0259n vaxt \u00e7\u0259r\u00e7iv\u0259si yoxdur. Qeyd ed\u0259k ki, daha \u0259vv\u0259l bu v\u0259zif\u0259nu tutan bolqar\u0131stanl\u0131 siyas\u0259t\u00e7i Kristian Vigenin 2018-ci ilin fevral\u0131nda istefa vermi\u015fdi.<\/p>\n","protected":false},"author":2,"featured_media":13166,"comment_status":"closed","ping_status":"closed","sticky":false,"template":"","format":"standard","meta":{"om_disable_all_campaigns":false,"_monsterinsights_skip_tracking":false,"_monsterinsights_sitenote_active":false,"_monsterinsights_sitenote_note":"","_monsterinsights_sitenote_category":0},"categories":[4],"tags":[],"aioseo_notices":[],"gutentor_comment":0,"rttpg_featured_image_url":{"full":["https:\/\/arantv.az\/wp-content\/uploads\/2018\/09\/685082.jpg",800,600,false],"landscape":["https:\/\/arantv.az\/wp-content\/uploads\/2018\/09\/685082.jpg",800,600,false],"portraits":["https:\/\/arantv.az\/wp-content\/uploads\/2018\/09\/685082.jpg",800,600,false],"thumbnail":["https:\/\/arantv.az\/wp-content\/uploads\/2018\/09\/685082-150x150.jpg",150,150,true],"medium":["https:\/\/arantv.az\/wp-content\/uploads\/2018\/09\/685082-300x225.jpg",300,225,true],"large":["https:\/\/arantv.az\/wp-content\/uploads\/2018\/09\/685082.jpg",640,480,false],"1536x1536":["https:\/\/arantv.az\/wp-content\/uploads\/2018\/09\/685082.jpg",800,600,false],"2048x2048":["https:\/\/arantv.az\/wp-content\/uploads\/2018\/09\/685082.jpg",800,600,false],"post-thumbnail":["https:\/\/arantv.az\/wp-content\/uploads\/2018\/09\/685082-240x172.jpg",240,172,true],"advps-thumb-one":["https:\/\/arantv.az\/wp-content\/uploads\/2018\/09\/685082.jpg",800,600,false]},"rttpg_author":{"display_name":"V\u00fcsal Rafiqo\u011flu","author_link":"https:\/\/arantv.az\/?author=2"},"rttpg_comment":0,"rttpg_category":"<a href=\"https:\/\/arantv.az\/?cat=4\" rel=\"category\">Siyas\u0259t<\/a>","rttpg_excerpt":"AT\u018fT Parlament Assambleyas\u0131n\u0131n prezidenti Georgi Seretelinin C\u0259nubi Qafqaz \u00fczr\u0259 yeni x\u00fcsusi n\u00fcmay\u0259nd\u0259sini t\u0259yin ed\u0259c\u0259yi g\u00f6zl\u0259nilir. Bu bar\u0259d\u0259 AT\u018fT-in sayt\u0131nda yerl\u0259\u015fdirilmi\u015f b\u0259yanatda deyilir. ARANTV.AZ x\u0259b\u0259r verir ki, trend-in bu v\u0259zif\u0259y\u0259 namiz\u0259dl\u0259r bar\u0259d\u0259 sual\u0131na cavab ver\u0259n AT\u018fT PA-n\u0131n n\u00fcmay\u0259nd\u0259si Net Parri bildirib ki, haz\u0131rda G.Sereteli m\u00fcmk\u00fcn variantlar\u0131 n\u0259z\u0259rd\u0259n ke\u00e7irir, h\u0259l\u0259lik t\u0259yinat \u00fc\u00e7\u00fcn m\u00fc\u0259yy\u0259n vaxt \u00e7\u0259r\u00e7iv\u0259si yoxdur. Qeyd&hellip;","_links":{"self":[{"href":"https:\/\/arantv.az\/index.php?rest_route=\/wp\/v2\/posts\/13165"}],"collection":[{"href":"https:\/\/arantv.az\/index.php?rest_route=\/wp\/v2\/posts"}],"about":[{"href":"https:\/\/arantv.az\/index.php?rest_route=\/wp\/v2\/types\/post"}],"author":[{"embeddable":true,"href":"https:\/\/arantv.az\/index.php?rest_route=\/wp\/v2\/users\/2"}],"replies":[{"embeddable":true,"href":"https:\/\/arantv.az\/index.php?rest_route=%2Fwp%2Fv2%2Fcomments&post=13165"}],"version-history":[{"count":0,"href":"https:\/\/arantv.az\/index.php?rest_route=\/wp\/v2\/posts\/13165\/revisions"}],"wp:featuredmedia":[{"embeddable":true,"href":"https:\/\/arantv.az\/index.php?rest_route=\/wp\/v2\/media\/13166"}],"wp:attachment":[{"href":"https:\/\/arantv.az\/index.php?rest_route=%2Fwp%2Fv2%2Fmedia&parent=13165"}],"wp:term":[{"taxonomy":"category","embeddable":true,"href":"https:\/\/arantv.az\/index.php?rest_route=%2Fwp%2Fv2%2Fcategories&post=13165"},{"taxonomy":"post_tag","embeddable":true,"href":"https:\/\/arantv.az\/index.php?rest_route=%2Fwp%2Fv2%2Ftags&post=13165"}],"curies":[{"name":"wp","href":"https:\/\/api.w.org\/{rel}","templated":true}]}}